{"id":1006,"date":"2017-12-08T18:04:38","date_gmt":"2017-12-08T17:04:38","guid":{"rendered":"http:\/\/www.lesouvenirfrancais-saintchinian.fr\/?p=1006"},"modified":"2017-12-09T07:47:39","modified_gmt":"2017-12-09T06:47:39","slug":"le-souvenir-francais-de-saint-chinian-et-lhommage-du-5-decembre","status":"publish","type":"post","link":"https:\/\/www.lesouvenirfrancais-saintchinian.fr\/?p=1006","title":{"rendered":"Le Souvenir Fran\u00e7ais de Saint-Chinian et l&rsquo;hommage du 5 d\u00e9cembre."},"content":{"rendered":"<p><span style=\"font-family: Times New Roman, serif;\"><span style=\"font-size: large;\">Le Souvenir Fran\u00e7ais Saint-Chinianais et les comm\u00e9morations du 5 d\u00e9cembre 2017 : journ\u00e9e nationale d&rsquo;hommage aux Morts pour la France pendant la guerre d&rsquo;Alg\u00e9rie et les combats du Maroc et de la Tunisie.<\/span><\/span><\/p>\n<p><span style=\"font-family: Times New Roman, serif;\"><span style=\"font-size: large;\">Afin de repr\u00e9senter notre comit\u00e9 lors de cette c\u00e9r\u00e9monie, nous avons particip\u00e9 aux manifestations suivantes\u00a0:<\/span><\/span><\/p>\n<p><span style=\"font-family: Times New Roman, serif;\"><span style=\"font-size: large;\">Saint-Chinian \u00e0 10h45, devant le monument aux morts des jardins de la Mairie.<\/span><\/span><\/p>\n<figure id=\"attachment_1010\" aria-describedby=\"caption-attachment-1010\" style=\"width: 300px\" class=\"wp-caption aligncenter\"><a href=\"http:\/\/www.lesouvenirfrancais-saintchinian.fr\/wp-content\/uploads\/2017\/12\/5-dec-2017-4.jpg\"><img loading=\"lazy\" decoding=\"async\" class=\"size-medium wp-image-1010\" src=\"http:\/\/www.lesouvenirfrancais-saintchinian.fr\/wp-content\/uploads\/2017\/12\/5-dec-2017-4-300x169.jpg\" alt=\"\" width=\"300\" height=\"169\" srcset=\"https:\/\/www.lesouvenirfrancais-saintchinian.fr\/wp-content\/uploads\/2017\/12\/5-dec-2017-4-300x169.jpg 300w, https:\/\/www.lesouvenirfrancais-saintchinian.fr\/wp-content\/uploads\/2017\/12\/5-dec-2017-4-768x432.jpg 768w, https:\/\/www.lesouvenirfrancais-saintchinian.fr\/wp-content\/uploads\/2017\/12\/5-dec-2017-4-1024x576.jpg 1024w, https:\/\/www.lesouvenirfrancais-saintchinian.fr\/wp-content\/uploads\/2017\/12\/5-dec-2017-4-940x529.jpg 940w, https:\/\/www.lesouvenirfrancais-saintchinian.fr\/wp-content\/uploads\/2017\/12\/5-dec-2017-4.jpg 1181w\" sizes=\"auto, (max-width: 300px) 100vw, 300px\" \/><\/a><figcaption id=\"caption-attachment-1010\" class=\"wp-caption-text\">C\u00e9r\u00e9monie du 5 d\u00e9cembre 2017 \u00e0 Saint-Chinian<\/figcaption><\/figure>\n<p><span style=\"font-family: Times New Roman, serif;\"><span style=\"font-size: large;\">Notre comit\u00e9 \u00e9tait repr\u00e9sent\u00e9 par Philippe Godia, Vice-pr\u00e9sident et Roland Godia, Porte-drapeau, ainsi que par des adh\u00e9rents.<\/span><\/span><\/p>\n<figure id=\"attachment_1009\" aria-describedby=\"caption-attachment-1009\" style=\"width: 300px\" class=\"wp-caption aligncenter\"><a href=\"http:\/\/www.lesouvenirfrancais-saintchinian.fr\/wp-content\/uploads\/2017\/12\/5-dec-2017-3.jpg\"><img loading=\"lazy\" decoding=\"async\" class=\"size-medium wp-image-1009\" src=\"http:\/\/www.lesouvenirfrancais-saintchinian.fr\/wp-content\/uploads\/2017\/12\/5-dec-2017-3-300x169.jpg\" alt=\"\" width=\"300\" height=\"169\" srcset=\"https:\/\/www.lesouvenirfrancais-saintchinian.fr\/wp-content\/uploads\/2017\/12\/5-dec-2017-3-300x169.jpg 300w, https:\/\/www.lesouvenirfrancais-saintchinian.fr\/wp-content\/uploads\/2017\/12\/5-dec-2017-3-768x432.jpg 768w, https:\/\/www.lesouvenirfrancais-saintchinian.fr\/wp-content\/uploads\/2017\/12\/5-dec-2017-3-1024x576.jpg 1024w, https:\/\/www.lesouvenirfrancais-saintchinian.fr\/wp-content\/uploads\/2017\/12\/5-dec-2017-3-940x529.jpg 940w, https:\/\/www.lesouvenirfrancais-saintchinian.fr\/wp-content\/uploads\/2017\/12\/5-dec-2017-3.jpg 1181w\" sizes=\"auto, (max-width: 300px) 100vw, 300px\" \/><\/a><figcaption id=\"caption-attachment-1009\" class=\"wp-caption-text\">C\u00e9r\u00e9monie du 5 d\u00e9cembre 2017 \u00e0 Saint-Chinian<\/figcaption><\/figure>\n<p><span style=\"font-family: Times New Roman, serif;\"><span style=\"font-size: large;\">Discours de Patrice Hanriot, deuxi\u00e8me adjoint de la commune, et du Capitaine Andr\u00e9 Gilles, Pr\u00e9sident de la section locale des M\u00e9daill\u00e9s militaires.<\/span><\/span><\/p>\n<figure id=\"attachment_1014\" aria-describedby=\"caption-attachment-1014\" style=\"width: 300px\" class=\"wp-caption aligncenter\"><a href=\"http:\/\/www.lesouvenirfrancais-saintchinian.fr\/wp-content\/uploads\/2017\/12\/Saint-Chinian-5-dec-2017.jpg\"><img loading=\"lazy\" decoding=\"async\" class=\"size-medium wp-image-1014\" src=\"http:\/\/www.lesouvenirfrancais-saintchinian.fr\/wp-content\/uploads\/2017\/12\/Saint-Chinian-5-dec-2017-300x169.jpg\" alt=\"\" width=\"300\" height=\"169\" srcset=\"https:\/\/www.lesouvenirfrancais-saintchinian.fr\/wp-content\/uploads\/2017\/12\/Saint-Chinian-5-dec-2017-300x169.jpg 300w, https:\/\/www.lesouvenirfrancais-saintchinian.fr\/wp-content\/uploads\/2017\/12\/Saint-Chinian-5-dec-2017-768x432.jpg 768w, https:\/\/www.lesouvenirfrancais-saintchinian.fr\/wp-content\/uploads\/2017\/12\/Saint-Chinian-5-dec-2017-1024x576.jpg 1024w, https:\/\/www.lesouvenirfrancais-saintchinian.fr\/wp-content\/uploads\/2017\/12\/Saint-Chinian-5-dec-2017-940x529.jpg 940w, https:\/\/www.lesouvenirfrancais-saintchinian.fr\/wp-content\/uploads\/2017\/12\/Saint-Chinian-5-dec-2017.jpg 1181w\" sizes=\"auto, (max-width: 300px) 100vw, 300px\" \/><\/a><figcaption id=\"caption-attachment-1014\" class=\"wp-caption-text\">C\u00e9r\u00e9monie du 5 d\u00e9cembre 2017 \u00e0 Saint-Chinian<\/figcaption><\/figure>\n<p><span style=\"font-family: Times New Roman, serif;\"><span style=\"font-size: large;\">Rappelons que la commune \u00e0 perdu \u00e0 deux jours d\u2019intervalle deux de ses fils, \u00e0 savoir:<\/span><\/span><\/p>\n<p><span style=\"font-family: Times New Roman, serif;\"><span style=\"font-size: large;\">Charles Niffeci le 26 juin 1957 et Maurice Bousquet le 28 juin 1957<\/span><\/span><\/p>\n<p><span style=\"font-family: Times New Roman, serif;\"><span style=\"font-size: large;\">Pierrerue 11h30, au cimeti\u00e8re devant le carr\u00e9 militaire et monument aux morts r\u00e9nov\u00e9s par notre comit\u00e9, commune dans laquelle un de ses enfants en la personne de Gilbert Quartironi, est tomb\u00e9 en Alg\u00e9rie le 8 juillet 1956.<\/span><\/span><\/p>\n<figure id=\"attachment_1012\" aria-describedby=\"caption-attachment-1012\" style=\"width: 169px\" class=\"wp-caption aligncenter\"><a href=\"http:\/\/www.lesouvenirfrancais-saintchinian.fr\/wp-content\/uploads\/2017\/12\/5-dec-2017-6.jpg\"><img loading=\"lazy\" decoding=\"async\" class=\"size-medium wp-image-1012\" src=\"http:\/\/www.lesouvenirfrancais-saintchinian.fr\/wp-content\/uploads\/2017\/12\/5-dec-2017-6-169x300.jpg\" alt=\"\" width=\"169\" height=\"300\" srcset=\"https:\/\/www.lesouvenirfrancais-saintchinian.fr\/wp-content\/uploads\/2017\/12\/5-dec-2017-6-169x300.jpg 169w, https:\/\/www.lesouvenirfrancais-saintchinian.fr\/wp-content\/uploads\/2017\/12\/5-dec-2017-6-768x1366.jpg 768w, https:\/\/www.lesouvenirfrancais-saintchinian.fr\/wp-content\/uploads\/2017\/12\/5-dec-2017-6-576x1024.jpg 576w, https:\/\/www.lesouvenirfrancais-saintchinian.fr\/wp-content\/uploads\/2017\/12\/5-dec-2017-6-940x1671.jpg 940w, https:\/\/www.lesouvenirfrancais-saintchinian.fr\/wp-content\/uploads\/2017\/12\/5-dec-2017-6.jpg 1181w\" sizes=\"auto, (max-width: 169px) 100vw, 169px\" \/><\/a><figcaption id=\"caption-attachment-1012\" class=\"wp-caption-text\">C\u00e9r\u00e9monie du 5 d\u00e9cembre 2017 \u00e0 Pierrerue.<\/figcaption><\/figure>\n<p><span style=\"font-family: Times New Roman, serif;\"><span style=\"font-size: large;\">Discours de Pierre Bardy, Maire de la commune, et du Capitaine Andr\u00e9 Gilles, Pr\u00e9sident de la section locale des M\u00e9daill\u00e9s militaires. <\/span><\/span><strong>La sonorisation a \u00e9t\u00e9 assur\u00e9e par le comit\u00e9.<\/strong><\/p>\n<figure id=\"attachment_1007\" aria-describedby=\"caption-attachment-1007\" style=\"width: 300px\" class=\"wp-caption aligncenter\"><a href=\"http:\/\/www.lesouvenirfrancais-saintchinian.fr\/wp-content\/uploads\/2017\/12\/5-dec-2017-1.jpg\"><img loading=\"lazy\" decoding=\"async\" class=\"size-medium wp-image-1007\" src=\"http:\/\/www.lesouvenirfrancais-saintchinian.fr\/wp-content\/uploads\/2017\/12\/5-dec-2017-1-300x169.jpg\" alt=\"\" width=\"300\" height=\"169\" srcset=\"https:\/\/www.lesouvenirfrancais-saintchinian.fr\/wp-content\/uploads\/2017\/12\/5-dec-2017-1-300x169.jpg 300w, https:\/\/www.lesouvenirfrancais-saintchinian.fr\/wp-content\/uploads\/2017\/12\/5-dec-2017-1-768x432.jpg 768w, https:\/\/www.lesouvenirfrancais-saintchinian.fr\/wp-content\/uploads\/2017\/12\/5-dec-2017-1-1024x576.jpg 1024w, https:\/\/www.lesouvenirfrancais-saintchinian.fr\/wp-content\/uploads\/2017\/12\/5-dec-2017-1-940x529.jpg 940w, https:\/\/www.lesouvenirfrancais-saintchinian.fr\/wp-content\/uploads\/2017\/12\/5-dec-2017-1.jpg 1181w\" sizes=\"auto, (max-width: 300px) 100vw, 300px\" \/><\/a><figcaption id=\"caption-attachment-1007\" class=\"wp-caption-text\">C\u00e9r\u00e9monie du 5 d\u00e9cembre 2017 \u00e0 Pierrerue.<\/figcaption><\/figure>\n<p><span style=\"font-family: Times New Roman, serif;\"><span style=\"font-size: large;\">Notre comit\u00e9 \u00e9tait repr\u00e9sent\u00e9 par Roland Godia, Porte-drapeau, ainsi que par des adh\u00e9rents.<\/span><\/span><\/p>\n<p><strong>Le Maire a ensuite red\u00e9pos\u00e9 la gerbe sur la tombe du soldat Quartironi, tradition \u00e0 Pierrerue.<\/strong><\/p>\n<figure id=\"attachment_1008\" aria-describedby=\"caption-attachment-1008\" style=\"width: 300px\" class=\"wp-caption aligncenter\"><a href=\"http:\/\/www.lesouvenirfrancais-saintchinian.fr\/wp-content\/uploads\/2017\/12\/5-dec-2017-2.jpg\"><img loading=\"lazy\" decoding=\"async\" class=\"size-medium wp-image-1008\" src=\"http:\/\/www.lesouvenirfrancais-saintchinian.fr\/wp-content\/uploads\/2017\/12\/5-dec-2017-2-300x169.jpg\" alt=\"\" width=\"300\" height=\"169\" srcset=\"https:\/\/www.lesouvenirfrancais-saintchinian.fr\/wp-content\/uploads\/2017\/12\/5-dec-2017-2-300x169.jpg 300w, https:\/\/www.lesouvenirfrancais-saintchinian.fr\/wp-content\/uploads\/2017\/12\/5-dec-2017-2-768x432.jpg 768w, https:\/\/www.lesouvenirfrancais-saintchinian.fr\/wp-content\/uploads\/2017\/12\/5-dec-2017-2-1024x576.jpg 1024w, https:\/\/www.lesouvenirfrancais-saintchinian.fr\/wp-content\/uploads\/2017\/12\/5-dec-2017-2-940x529.jpg 940w, https:\/\/www.lesouvenirfrancais-saintchinian.fr\/wp-content\/uploads\/2017\/12\/5-dec-2017-2.jpg 1181w\" sizes=\"auto, (max-width: 300px) 100vw, 300px\" \/><\/a><figcaption id=\"caption-attachment-1008\" class=\"wp-caption-text\">C\u00e9r\u00e9monie du 5 d\u00e9cembre 2017 \u00e0 Pierrerue.<\/figcaption><\/figure>\n<p><span style=\"font-family: Times New Roman, serif;\"><span style=\"font-size: large;\">Philippe Godia, Vice-pr\u00e9sident.<\/span><\/span><\/p>\n","protected":false},"excerpt":{"rendered":"<p>Le Souvenir Fran\u00e7ais Saint-Chinianais et les comm\u00e9morations du 5 d\u00e9cembre 2017 : journ\u00e9e nationale d&rsquo;hommage aux Morts pour la France pendant la guerre d&rsquo;Alg\u00e9rie et les combats du Maroc et de la Tunisie. Afin de repr\u00e9senter notre comit\u00e9 lors de &#8230; <a class=\"more-link\" href=\"https:\/\/www.lesouvenirfrancais-saintchinian.fr\/?p=1006\">Read More &raquo;<\/a><\/p>\n","protected":false},"author":321,"featured_media":0,"comment_status":"closed","ping_status":"closed","sticky":false,"template":"","format":"standard","meta":{"footnotes":""},"categories":[3],"tags":[],"class_list":["post-1006","post","type-post","status-publish","format-standard","hentry","category-manifestations-et-actions"],"_links":{"self":[{"href":"https:\/\/www.lesouvenirfrancais-saintchinian.fr\/index.php?rest_route=\/wp\/v2\/posts\/1006","targetHints":{"allow":["GET"]}}],"collection":[{"href":"https:\/\/www.lesouvenirfrancais-saintchinian.fr\/index.php?rest_route=\/wp\/v2\/posts"}],"about":[{"href":"https:\/\/www.lesouvenirfrancais-saintchinian.fr\/index.php?rest_route=\/wp\/v2\/types\/post"}],"author":[{"embeddable":true,"href":"https:\/\/www.lesouvenirfrancais-saintchinian.fr\/index.php?rest_route=\/wp\/v2\/users\/321"}],"replies":[{"embeddable":true,"href":"https:\/\/www.lesouvenirfrancais-saintchinian.fr\/index.php?rest_route=%2Fwp%2Fv2%2Fcomments&post=1006"}],"version-history":[{"count":2,"href":"https:\/\/www.lesouvenirfrancais-saintchinian.fr\/index.php?rest_route=\/wp\/v2\/posts\/1006\/revisions"}],"predecessor-version":[{"id":1016,"href":"https:\/\/www.lesouvenirfrancais-saintchinian.fr\/index.php?rest_route=\/wp\/v2\/posts\/1006\/revisions\/1016"}],"wp:attachment":[{"href":"https:\/\/www.lesouvenirfrancais-saintchinian.fr\/index.php?rest_route=%2Fwp%2Fv2%2Fmedia&parent=1006"}],"wp:term":[{"taxonomy":"category","embeddable":true,"href":"https:\/\/www.lesouvenirfrancais-saintchinian.fr\/index.php?rest_route=%2Fwp%2Fv2%2Fcategories&post=1006"},{"taxonomy":"post_tag","embeddable":true,"href":"https:\/\/www.lesouvenirfrancais-saintchinian.fr\/index.php?rest_route=%2Fwp%2Fv2%2Ftags&post=1006"}],"curies":[{"name":"wp","href":"https:\/\/api.w.org\/{rel}","templated":true}]}}