{"id":1032,"date":"2018-01-24T17:35:27","date_gmt":"2018-01-24T16:35:27","guid":{"rendered":"http:\/\/www.lesouvenirfrancais-saintchinian.fr\/?p=1032"},"modified":"2018-01-24T17:35:27","modified_gmt":"2018-01-24T16:35:27","slug":"la-renovation-du-monument-aux-morts-de-prades-sur-vernazobres-a-commence","status":"publish","type":"post","link":"https:\/\/www.lesouvenirfrancais-saintchinian.fr\/?p=1032","title":{"rendered":"La r\u00e9novation du monument aux morts de Prades sur Vernazobres a commenc\u00e9."},"content":{"rendered":"<p><span style=\"font-size: large;\">Des volontaires de l&rsquo;\u00e9quipe \u00ab\u00a0Chantier\u00a0\u00bb s&rsquo;\u00e9taient donn\u00e9s rendez-vous le samedi 21 janvier 2018 \u00e0 8h00 au pied du monument afin de proc\u00e9der au d\u00e9marrage de sa restauration. <\/span><\/p>\n<figure id=\"attachment_1034\" aria-describedby=\"caption-attachment-1034\" style=\"width: 169px\" class=\"wp-caption aligncenter\"><a href=\"http:\/\/www.lesouvenirfrancais-saintchinian.fr\/wp-content\/uploads\/2018\/01\/Prades-21-janvier-2018-3.jpg\"><img loading=\"lazy\" decoding=\"async\" class=\"size-medium wp-image-1034\" src=\"http:\/\/www.lesouvenirfrancais-saintchinian.fr\/wp-content\/uploads\/2018\/01\/Prades-21-janvier-2018-3-169x300.jpg\" alt=\"\" width=\"169\" height=\"300\" srcset=\"https:\/\/www.lesouvenirfrancais-saintchinian.fr\/wp-content\/uploads\/2018\/01\/Prades-21-janvier-2018-3-169x300.jpg 169w, https:\/\/www.lesouvenirfrancais-saintchinian.fr\/wp-content\/uploads\/2018\/01\/Prades-21-janvier-2018-3-768x1365.jpg 768w, https:\/\/www.lesouvenirfrancais-saintchinian.fr\/wp-content\/uploads\/2018\/01\/Prades-21-janvier-2018-3-576x1024.jpg 576w, https:\/\/www.lesouvenirfrancais-saintchinian.fr\/wp-content\/uploads\/2018\/01\/Prades-21-janvier-2018-3-940x1671.jpg 940w, https:\/\/www.lesouvenirfrancais-saintchinian.fr\/wp-content\/uploads\/2018\/01\/Prades-21-janvier-2018-3.jpg 1575w\" sizes=\"auto, (max-width: 169px) 100vw, 169px\" \/><\/a><figcaption id=\"caption-attachment-1034\" class=\"wp-caption-text\">Monument aux morts de Prades s\/V avant travaux<\/figcaption><\/figure>\n<figure id=\"attachment_1037\" aria-describedby=\"caption-attachment-1037\" style=\"width: 169px\" class=\"wp-caption aligncenter\"><a href=\"http:\/\/www.lesouvenirfrancais-saintchinian.fr\/wp-content\/uploads\/2018\/01\/Prades-21-janvier-2018-13.jpg\"><img loading=\"lazy\" decoding=\"async\" class=\"size-medium wp-image-1037\" src=\"http:\/\/www.lesouvenirfrancais-saintchinian.fr\/wp-content\/uploads\/2018\/01\/Prades-21-janvier-2018-13-169x300.jpg\" alt=\"\" width=\"169\" height=\"300\" srcset=\"https:\/\/www.lesouvenirfrancais-saintchinian.fr\/wp-content\/uploads\/2018\/01\/Prades-21-janvier-2018-13-169x300.jpg 169w, https:\/\/www.lesouvenirfrancais-saintchinian.fr\/wp-content\/uploads\/2018\/01\/Prades-21-janvier-2018-13-768x1365.jpg 768w, https:\/\/www.lesouvenirfrancais-saintchinian.fr\/wp-content\/uploads\/2018\/01\/Prades-21-janvier-2018-13-576x1024.jpg 576w, https:\/\/www.lesouvenirfrancais-saintchinian.fr\/wp-content\/uploads\/2018\/01\/Prades-21-janvier-2018-13-940x1671.jpg 940w, https:\/\/www.lesouvenirfrancais-saintchinian.fr\/wp-content\/uploads\/2018\/01\/Prades-21-janvier-2018-13.jpg 1575w\" sizes=\"auto, (max-width: 169px) 100vw, 169px\" \/><\/a><figcaption id=\"caption-attachment-1037\" class=\"wp-caption-text\">Monument aux morts de Prades s\/V apr\u00e8s 1ere journ\u00e9e de travail.<\/figcaption><\/figure>\n<p>&nbsp;<\/p>\n<p><span style=\"font-size: large;\">Nous avons commenc\u00e9 par d\u00e9caper les grilles (travail fastidieux), pass\u00e9 le karcher sur les m\u00eames grilles, qui ont \u00e9t\u00e9 aussi redress\u00e9es par endroit, \u00e9lagu\u00e9 gr\u00e2ce \u00e0 Gilles (merci \u00e0 lui) les trois cypr\u00e8s qui cachaient et tachaient le monument, \u00e9vacu\u00e9 quatre camions de branches \u00e0 la d\u00e9chetterie.<\/span><\/p>\n<figure id=\"attachment_1035\" aria-describedby=\"caption-attachment-1035\" style=\"width: 300px\" class=\"wp-caption aligncenter\"><a href=\"http:\/\/www.lesouvenirfrancais-saintchinian.fr\/wp-content\/uploads\/2018\/01\/Prades-21-janvier-2018-5.jpg\"><img loading=\"lazy\" decoding=\"async\" class=\"size-medium wp-image-1035\" src=\"http:\/\/www.lesouvenirfrancais-saintchinian.fr\/wp-content\/uploads\/2018\/01\/Prades-21-janvier-2018-5-300x169.jpg\" alt=\"\" width=\"300\" height=\"169\" srcset=\"https:\/\/www.lesouvenirfrancais-saintchinian.fr\/wp-content\/uploads\/2018\/01\/Prades-21-janvier-2018-5-300x169.jpg 300w, https:\/\/www.lesouvenirfrancais-saintchinian.fr\/wp-content\/uploads\/2018\/01\/Prades-21-janvier-2018-5-768x432.jpg 768w, https:\/\/www.lesouvenirfrancais-saintchinian.fr\/wp-content\/uploads\/2018\/01\/Prades-21-janvier-2018-5-1024x576.jpg 1024w, https:\/\/www.lesouvenirfrancais-saintchinian.fr\/wp-content\/uploads\/2018\/01\/Prades-21-janvier-2018-5-940x529.jpg 940w, https:\/\/www.lesouvenirfrancais-saintchinian.fr\/wp-content\/uploads\/2018\/01\/Prades-21-janvier-2018-5.jpg 1575w\" sizes=\"auto, (max-width: 300px) 100vw, 300px\" \/><\/a><figcaption id=\"caption-attachment-1035\" class=\"wp-caption-text\">Travaux sur le monument aux morts de Prades s\/V<\/figcaption><\/figure>\n<figure id=\"attachment_1036\" aria-describedby=\"caption-attachment-1036\" style=\"width: 300px\" class=\"wp-caption aligncenter\"><a href=\"http:\/\/www.lesouvenirfrancais-saintchinian.fr\/wp-content\/uploads\/2018\/01\/Prades-21-janvier-2018-7.jpg\"><img loading=\"lazy\" decoding=\"async\" class=\"size-medium wp-image-1036\" src=\"http:\/\/www.lesouvenirfrancais-saintchinian.fr\/wp-content\/uploads\/2018\/01\/Prades-21-janvier-2018-7-300x169.jpg\" alt=\"\" width=\"300\" height=\"169\" srcset=\"https:\/\/www.lesouvenirfrancais-saintchinian.fr\/wp-content\/uploads\/2018\/01\/Prades-21-janvier-2018-7-300x169.jpg 300w, https:\/\/www.lesouvenirfrancais-saintchinian.fr\/wp-content\/uploads\/2018\/01\/Prades-21-janvier-2018-7-768x432.jpg 768w, https:\/\/www.lesouvenirfrancais-saintchinian.fr\/wp-content\/uploads\/2018\/01\/Prades-21-janvier-2018-7-1024x576.jpg 1024w, https:\/\/www.lesouvenirfrancais-saintchinian.fr\/wp-content\/uploads\/2018\/01\/Prades-21-janvier-2018-7-940x529.jpg 940w, https:\/\/www.lesouvenirfrancais-saintchinian.fr\/wp-content\/uploads\/2018\/01\/Prades-21-janvier-2018-7.jpg 1575w\" sizes=\"auto, (max-width: 300px) 100vw, 300px\" \/><\/a><figcaption id=\"caption-attachment-1036\" class=\"wp-caption-text\">Travaux sur le monument aux morts de Prades s\/V<\/figcaption><\/figure>\n<p style=\"text-align: center;\"><a href=\"http:\/\/www.lesouvenirfrancais-saintchinian.fr\/wp-content\/uploads\/2018\/01\/Prades-21-janvier-2018-14.jpg\"><img loading=\"lazy\" decoding=\"async\" class=\"aligncenter size-medium wp-image-1038\" src=\"http:\/\/www.lesouvenirfrancais-saintchinian.fr\/wp-content\/uploads\/2018\/01\/Prades-21-janvier-2018-14-300x169.jpg\" alt=\"\" width=\"300\" height=\"169\" srcset=\"https:\/\/www.lesouvenirfrancais-saintchinian.fr\/wp-content\/uploads\/2018\/01\/Prades-21-janvier-2018-14-300x169.jpg 300w, https:\/\/www.lesouvenirfrancais-saintchinian.fr\/wp-content\/uploads\/2018\/01\/Prades-21-janvier-2018-14-768x432.jpg 768w, https:\/\/www.lesouvenirfrancais-saintchinian.fr\/wp-content\/uploads\/2018\/01\/Prades-21-janvier-2018-14-1024x576.jpg 1024w, https:\/\/www.lesouvenirfrancais-saintchinian.fr\/wp-content\/uploads\/2018\/01\/Prades-21-janvier-2018-14-940x529.jpg 940w, https:\/\/www.lesouvenirfrancais-saintchinian.fr\/wp-content\/uploads\/2018\/01\/Prades-21-janvier-2018-14.jpg 1575w\" sizes=\"auto, (max-width: 300px) 100vw, 300px\" \/><\/a><\/p>\n<p><span style=\"font-size: large;\">Merci \u00e9galement \u00e0 Michel (chef de chantier), Didier, Christian, Jacques, Andr\u00e9, les deux Eric, Roland et Philippe.<\/span><\/p>\n<p><span style=\"font-size: large;\">Nous avons termin\u00e9 vers 13h30.<\/span><\/p>\n<figure id=\"attachment_1039\" aria-describedby=\"caption-attachment-1039\" style=\"width: 169px\" class=\"wp-caption aligncenter\"><a href=\"http:\/\/www.lesouvenirfrancais-saintchinian.fr\/wp-content\/uploads\/2018\/01\/Prades-21-janvier-2018-15.jpg\"><img loading=\"lazy\" decoding=\"async\" class=\"size-medium wp-image-1039\" src=\"http:\/\/www.lesouvenirfrancais-saintchinian.fr\/wp-content\/uploads\/2018\/01\/Prades-21-janvier-2018-15-169x300.jpg\" alt=\"\" width=\"169\" height=\"300\" srcset=\"https:\/\/www.lesouvenirfrancais-saintchinian.fr\/wp-content\/uploads\/2018\/01\/Prades-21-janvier-2018-15-169x300.jpg 169w, https:\/\/www.lesouvenirfrancais-saintchinian.fr\/wp-content\/uploads\/2018\/01\/Prades-21-janvier-2018-15-768x1365.jpg 768w, https:\/\/www.lesouvenirfrancais-saintchinian.fr\/wp-content\/uploads\/2018\/01\/Prades-21-janvier-2018-15-576x1024.jpg 576w, https:\/\/www.lesouvenirfrancais-saintchinian.fr\/wp-content\/uploads\/2018\/01\/Prades-21-janvier-2018-15-940x1671.jpg 940w, https:\/\/www.lesouvenirfrancais-saintchinian.fr\/wp-content\/uploads\/2018\/01\/Prades-21-janvier-2018-15.jpg 1575w\" sizes=\"auto, (max-width: 169px) 100vw, 169px\" \/><\/a><figcaption id=\"caption-attachment-1039\" class=\"wp-caption-text\">Moment de convivialit\u00e9 \u00e0 Prades s\/V apr\u00e8s la journ\u00e9e de travail.<\/figcaption><\/figure>\n<p><span style=\"font-size: large;\">H\u00e9l\u00e8ne avait pr\u00e9par\u00e9 le d\u00e9jeuner que nous avons appr\u00e9ci\u00e9 en compagnie de notre \u00e9quipe chantier ainsi qu&rsquo;avec Monsieur le Maire et son 1er adjoint qui manifestaient beaucoup de soutien \u00e0 notre \u00e9gard et qui ont mis \u00e0 notre disposition une partie de la salle des f\u00eates.<\/span><\/p>\n<figure id=\"attachment_1033\" aria-describedby=\"caption-attachment-1033\" style=\"width: 300px\" class=\"wp-caption aligncenter\"><a href=\"http:\/\/www.lesouvenirfrancais-saintchinian.fr\/wp-content\/uploads\/2018\/01\/Prades-21-janvier-2018-2.jpg\"><img loading=\"lazy\" decoding=\"async\" class=\"size-medium wp-image-1033\" src=\"http:\/\/www.lesouvenirfrancais-saintchinian.fr\/wp-content\/uploads\/2018\/01\/Prades-21-janvier-2018-2-300x169.jpg\" alt=\"\" width=\"300\" height=\"169\" srcset=\"https:\/\/www.lesouvenirfrancais-saintchinian.fr\/wp-content\/uploads\/2018\/01\/Prades-21-janvier-2018-2-300x169.jpg 300w, https:\/\/www.lesouvenirfrancais-saintchinian.fr\/wp-content\/uploads\/2018\/01\/Prades-21-janvier-2018-2-768x432.jpg 768w, https:\/\/www.lesouvenirfrancais-saintchinian.fr\/wp-content\/uploads\/2018\/01\/Prades-21-janvier-2018-2-1024x576.jpg 1024w, https:\/\/www.lesouvenirfrancais-saintchinian.fr\/wp-content\/uploads\/2018\/01\/Prades-21-janvier-2018-2-940x529.jpg 940w, https:\/\/www.lesouvenirfrancais-saintchinian.fr\/wp-content\/uploads\/2018\/01\/Prades-21-janvier-2018-2.jpg 1575w\" sizes=\"auto, (max-width: 300px) 100vw, 300px\" \/><\/a><figcaption id=\"caption-attachment-1033\" class=\"wp-caption-text\">Moment de convivialit\u00e9 \u00e0 Prades s\/V apr\u00e8s la journ\u00e9e de travail.<\/figcaption><\/figure>\n<p><span style=\"font-size: large;\">Prochaine \u00e9tape\u00a0: deuxi\u00e8me couche de d\u00e9capant et karcher, nettoyage de la colonne, mettre \u00e0 niveau le pourtour du monument, pr\u00e9parer le trou destin\u00e9 \u00e0 recevoir le m\u00e2t aux couleurs.<\/span><\/p>\n<p><span style=\"font-size: large;\">A tr\u00e8s bient\u00f4t.<\/span><\/p>\n<p><span style=\"font-size: large;\">Philippe Godia<br \/>\n<\/span><span style=\"font-size: large;\">Vice-pr\u00e9sident.<\/span><\/p>\n","protected":false},"excerpt":{"rendered":"<p>Des volontaires de l&rsquo;\u00e9quipe \u00ab\u00a0Chantier\u00a0\u00bb s&rsquo;\u00e9taient donn\u00e9s rendez-vous le samedi 21 janvier 2018 \u00e0 8h00 au pied du monument afin de proc\u00e9der au d\u00e9marrage de sa restauration. &nbsp; Nous avons commenc\u00e9 par d\u00e9caper les grilles (travail fastidieux), pass\u00e9 le karcher &#8230; <a class=\"more-link\" href=\"https:\/\/www.lesouvenirfrancais-saintchinian.fr\/?p=1032\">Read More &raquo;<\/a><\/p>\n","protected":false},"author":321,"featured_media":0,"comment_status":"closed","ping_status":"closed","sticky":false,"template":"","format":"standard","meta":{"footnotes":""},"categories":[3],"tags":[],"class_list":["post-1032","post","type-post","status-publish","format-standard","hentry","category-manifestations-et-actions"],"_links":{"self":[{"href":"https:\/\/www.lesouvenirfrancais-saintchinian.fr\/index.php?rest_route=\/wp\/v2\/posts\/1032","targetHints":{"allow":["GET"]}}],"collection":[{"href":"https:\/\/www.lesouvenirfrancais-saintchinian.fr\/index.php?rest_route=\/wp\/v2\/posts"}],"about":[{"href":"https:\/\/www.lesouvenirfrancais-saintchinian.fr\/index.php?rest_route=\/wp\/v2\/types\/post"}],"author":[{"embeddable":true,"href":"https:\/\/www.lesouvenirfrancais-saintchinian.fr\/index.php?rest_route=\/wp\/v2\/users\/321"}],"replies":[{"embeddable":true,"href":"https:\/\/www.lesouvenirfrancais-saintchinian.fr\/index.php?rest_route=%2Fwp%2Fv2%2Fcomments&post=1032"}],"version-history":[{"count":1,"href":"https:\/\/www.lesouvenirfrancais-saintchinian.fr\/index.php?rest_route=\/wp\/v2\/posts\/1032\/revisions"}],"predecessor-version":[{"id":1040,"href":"https:\/\/www.lesouvenirfrancais-saintchinian.fr\/index.php?rest_route=\/wp\/v2\/posts\/1032\/revisions\/1040"}],"wp:attachment":[{"href":"https:\/\/www.lesouvenirfrancais-saintchinian.fr\/index.php?rest_route=%2Fwp%2Fv2%2Fmedia&parent=1032"}],"wp:term":[{"taxonomy":"category","embeddable":true,"href":"https:\/\/www.lesouvenirfrancais-saintchinian.fr\/index.php?rest_route=%2Fwp%2Fv2%2Fcategories&post=1032"},{"taxonomy":"post_tag","embeddable":true,"href":"https:\/\/www.lesouvenirfrancais-saintchinian.fr\/index.php?rest_route=%2Fwp%2Fv2%2Ftags&post=1032"}],"curies":[{"name":"wp","href":"https:\/\/api.w.org\/{rel}","templated":true}]}}