{"id":1050,"date":"2018-02-04T17:28:37","date_gmt":"2018-02-04T16:28:37","guid":{"rendered":"http:\/\/www.lesouvenirfrancais-saintchinian.fr\/?p=1050"},"modified":"2018-02-04T17:28:37","modified_gmt":"2018-02-04T16:28:37","slug":"monument-aux-morts-de-prades-sur-vernazobres-deuxieme-journee-de-travail-ce-samedi-3-fevrier-2018","status":"publish","type":"post","link":"https:\/\/www.lesouvenirfrancais-saintchinian.fr\/?p=1050","title":{"rendered":"Monument aux morts de Prades sur Vernazobres, deuxi\u00e8me journ\u00e9e de travail ce samedi 3 f\u00e9vrier 2018."},"content":{"rendered":"<figure id=\"attachment_1055\" aria-describedby=\"caption-attachment-1055\" style=\"width: 169px\" class=\"wp-caption aligncenter\"><a href=\"http:\/\/www.lesouvenirfrancais-saintchinian.fr\/wp-content\/uploads\/2018\/02\/Prades-3-f\u00e9vier-2018-5.jpg\"><img loading=\"lazy\" decoding=\"async\" class=\"size-medium wp-image-1055\" src=\"http:\/\/www.lesouvenirfrancais-saintchinian.fr\/wp-content\/uploads\/2018\/02\/Prades-3-f\u00e9vier-2018-5-169x300.jpg\" alt=\"\" width=\"169\" height=\"300\" srcset=\"https:\/\/www.lesouvenirfrancais-saintchinian.fr\/wp-content\/uploads\/2018\/02\/Prades-3-f\u00e9vier-2018-5-169x300.jpg 169w, https:\/\/www.lesouvenirfrancais-saintchinian.fr\/wp-content\/uploads\/2018\/02\/Prades-3-f\u00e9vier-2018-5-768x1366.jpg 768w, https:\/\/www.lesouvenirfrancais-saintchinian.fr\/wp-content\/uploads\/2018\/02\/Prades-3-f\u00e9vier-2018-5-576x1024.jpg 576w, https:\/\/www.lesouvenirfrancais-saintchinian.fr\/wp-content\/uploads\/2018\/02\/Prades-3-f\u00e9vier-2018-5-940x1671.jpg 940w, https:\/\/www.lesouvenirfrancais-saintchinian.fr\/wp-content\/uploads\/2018\/02\/Prades-3-f\u00e9vier-2018-5.jpg 1181w\" sizes=\"auto, (max-width: 169px) 100vw, 169px\" \/><\/a><figcaption id=\"caption-attachment-1055\" class=\"wp-caption-text\">Prades 3 f\u00e9vrier 2018 au monument aux morts<\/figcaption><\/figure>\n<p><span style=\"font-size: large;\">A 08h00, rendez-vous \u00e9t\u00e9 donn\u00e9 au pied du monument.<\/span><\/p>\n<p><span style=\"font-size: large;\">De suite, une deuxi\u00e8me couche de d\u00e9capant a \u00e9t\u00e9 pos\u00e9e sur les grilles, puis le temps d&rsquo;agir, deux karchers ont fait sauter les \u00e9cailles de peintures qui restaient.<\/span><\/p>\n<figure id=\"attachment_1051\" aria-describedby=\"caption-attachment-1051\" style=\"width: 169px\" class=\"wp-caption aligncenter\"><a href=\"http:\/\/www.lesouvenirfrancais-saintchinian.fr\/wp-content\/uploads\/2018\/02\/Prades-3-f\u00e9vier-2018-1.jpg\"><img loading=\"lazy\" decoding=\"async\" class=\"size-medium wp-image-1051\" src=\"http:\/\/www.lesouvenirfrancais-saintchinian.fr\/wp-content\/uploads\/2018\/02\/Prades-3-f\u00e9vier-2018-1-169x300.jpg\" alt=\"\" width=\"169\" height=\"300\" srcset=\"https:\/\/www.lesouvenirfrancais-saintchinian.fr\/wp-content\/uploads\/2018\/02\/Prades-3-f\u00e9vier-2018-1-169x300.jpg 169w, https:\/\/www.lesouvenirfrancais-saintchinian.fr\/wp-content\/uploads\/2018\/02\/Prades-3-f\u00e9vier-2018-1-768x1366.jpg 768w, https:\/\/www.lesouvenirfrancais-saintchinian.fr\/wp-content\/uploads\/2018\/02\/Prades-3-f\u00e9vier-2018-1-576x1024.jpg 576w, https:\/\/www.lesouvenirfrancais-saintchinian.fr\/wp-content\/uploads\/2018\/02\/Prades-3-f\u00e9vier-2018-1-940x1671.jpg 940w, https:\/\/www.lesouvenirfrancais-saintchinian.fr\/wp-content\/uploads\/2018\/02\/Prades-3-f\u00e9vier-2018-1.jpg 1181w\" sizes=\"auto, (max-width: 169px) 100vw, 169px\" \/><\/a><figcaption id=\"caption-attachment-1051\" class=\"wp-caption-text\">Prades 3 f\u00e9vrier 2018 au monument aux morts<\/figcaption><\/figure>\n<p><span style=\"font-size: large;\">Les pav\u00e9s, cailloux, vielles plantes qui \u00e9tait \u00e0 l\u2019int\u00e9rieur de la grille ont \u00e9t\u00e9 retir\u00e9s afin de laisser place plus tard \u00e0 un gravier blanc \u00e9tal\u00e9 uniform\u00e9ment.<\/span><\/p>\n<p><span style=\"font-size: large;\">La colonne a \u00e9t\u00e9 enti\u00e8rement nettoy\u00e9e.<\/span><\/p>\n<p><span style=\"font-size: large;\">Un trou a \u00e9t\u00e9 creus\u00e9 dans l&rsquo;angle avant droit afin de pouvoir y sceller un m\u00e2t aux couleurs.<\/span><\/p>\n<figure id=\"attachment_1052\" aria-describedby=\"caption-attachment-1052\" style=\"width: 300px\" class=\"wp-caption aligncenter\"><a href=\"http:\/\/www.lesouvenirfrancais-saintchinian.fr\/wp-content\/uploads\/2018\/02\/Prades-3-f\u00e9vier-2018-2.jpg\"><img loading=\"lazy\" decoding=\"async\" class=\"size-medium wp-image-1052\" src=\"http:\/\/www.lesouvenirfrancais-saintchinian.fr\/wp-content\/uploads\/2018\/02\/Prades-3-f\u00e9vier-2018-2-300x169.jpg\" alt=\"\" width=\"300\" height=\"169\" srcset=\"https:\/\/www.lesouvenirfrancais-saintchinian.fr\/wp-content\/uploads\/2018\/02\/Prades-3-f\u00e9vier-2018-2-300x169.jpg 300w, https:\/\/www.lesouvenirfrancais-saintchinian.fr\/wp-content\/uploads\/2018\/02\/Prades-3-f\u00e9vier-2018-2-768x432.jpg 768w, https:\/\/www.lesouvenirfrancais-saintchinian.fr\/wp-content\/uploads\/2018\/02\/Prades-3-f\u00e9vier-2018-2-1024x576.jpg 1024w, https:\/\/www.lesouvenirfrancais-saintchinian.fr\/wp-content\/uploads\/2018\/02\/Prades-3-f\u00e9vier-2018-2-940x529.jpg 940w, https:\/\/www.lesouvenirfrancais-saintchinian.fr\/wp-content\/uploads\/2018\/02\/Prades-3-f\u00e9vier-2018-2.jpg 1181w\" sizes=\"auto, (max-width: 300px) 100vw, 300px\" \/><\/a><figcaption id=\"caption-attachment-1052\" class=\"wp-caption-text\">Prades 3 f\u00e9vrier 2018 au monument aux morts.<br \/>Creusage au pic du trou pour le m\u00e2t.<\/figcaption><\/figure>\n<p><span style=\"font-size: large;\">Merci \u00e0 Jacques, Christian, Didier, Michel et Eric pour ce travail effectu\u00e9 par un temps un peu froid.<\/span><\/p>\n<p><span style=\"font-size: large;\">Pendant ce temps, Philippe et Monsieur le Maire Jean-Marie Milhau travaillaient aux archives municipales afin d&rsquo;enrichir de documents le futur site internet de Prades d\u00e9di\u00e9 au monument.<\/span><\/p>\n<figure id=\"attachment_1053\" aria-describedby=\"caption-attachment-1053\" style=\"width: 300px\" class=\"wp-caption aligncenter\"><a href=\"http:\/\/www.lesouvenirfrancais-saintchinian.fr\/wp-content\/uploads\/2018\/02\/Prades-3-f\u00e9vier-2018-3.jpg\"><img loading=\"lazy\" decoding=\"async\" class=\"size-medium wp-image-1053\" src=\"http:\/\/www.lesouvenirfrancais-saintchinian.fr\/wp-content\/uploads\/2018\/02\/Prades-3-f\u00e9vier-2018-3-300x169.jpg\" alt=\"\" width=\"300\" height=\"169\" srcset=\"https:\/\/www.lesouvenirfrancais-saintchinian.fr\/wp-content\/uploads\/2018\/02\/Prades-3-f\u00e9vier-2018-3-300x169.jpg 300w, https:\/\/www.lesouvenirfrancais-saintchinian.fr\/wp-content\/uploads\/2018\/02\/Prades-3-f\u00e9vier-2018-3-768x432.jpg 768w, https:\/\/www.lesouvenirfrancais-saintchinian.fr\/wp-content\/uploads\/2018\/02\/Prades-3-f\u00e9vier-2018-3-1024x576.jpg 1024w, https:\/\/www.lesouvenirfrancais-saintchinian.fr\/wp-content\/uploads\/2018\/02\/Prades-3-f\u00e9vier-2018-3-940x529.jpg 940w, https:\/\/www.lesouvenirfrancais-saintchinian.fr\/wp-content\/uploads\/2018\/02\/Prades-3-f\u00e9vier-2018-3.jpg 1181w\" sizes=\"auto, (max-width: 300px) 100vw, 300px\" \/><\/a><figcaption id=\"caption-attachment-1053\" class=\"wp-caption-text\">Prades 3 f\u00e9vrier 2018 au monument aux morts. L&rsquo;\u00e9quipe avec Monsieur le Maire<\/figcaption><\/figure>\n<p><span style=\"font-size: large;\">Le travail s&rsquo;est arr\u00eat\u00e9 a 14h00. Moment o\u00f9 l&rsquo;\u00e9pouse du Maire est venue nous apporter ce qu&rsquo;elle avait cuisin\u00e9 pour nous, avec entre-autres, un d\u00e9licieux coq au vin.<br \/>\nNous l&rsquo;en remercions.<\/span><\/p>\n<figure id=\"attachment_1054\" aria-describedby=\"caption-attachment-1054\" style=\"width: 300px\" class=\"wp-caption aligncenter\"><a href=\"http:\/\/www.lesouvenirfrancais-saintchinian.fr\/wp-content\/uploads\/2018\/02\/Prades-3-f\u00e9vier-2018-4.jpg\"><img loading=\"lazy\" decoding=\"async\" class=\"size-medium wp-image-1054\" src=\"http:\/\/www.lesouvenirfrancais-saintchinian.fr\/wp-content\/uploads\/2018\/02\/Prades-3-f\u00e9vier-2018-4-300x169.jpg\" alt=\"\" width=\"300\" height=\"169\" srcset=\"https:\/\/www.lesouvenirfrancais-saintchinian.fr\/wp-content\/uploads\/2018\/02\/Prades-3-f\u00e9vier-2018-4-300x169.jpg 300w, https:\/\/www.lesouvenirfrancais-saintchinian.fr\/wp-content\/uploads\/2018\/02\/Prades-3-f\u00e9vier-2018-4-768x432.jpg 768w, https:\/\/www.lesouvenirfrancais-saintchinian.fr\/wp-content\/uploads\/2018\/02\/Prades-3-f\u00e9vier-2018-4-1024x576.jpg 1024w, https:\/\/www.lesouvenirfrancais-saintchinian.fr\/wp-content\/uploads\/2018\/02\/Prades-3-f\u00e9vier-2018-4-940x529.jpg 940w, https:\/\/www.lesouvenirfrancais-saintchinian.fr\/wp-content\/uploads\/2018\/02\/Prades-3-f\u00e9vier-2018-4.jpg 1181w\" sizes=\"auto, (max-width: 300px) 100vw, 300px\" \/><\/a><figcaption id=\"caption-attachment-1054\" class=\"wp-caption-text\">Prades 3 f\u00e9vrier 2018 &#8230;le chantier version coq au vin.<\/figcaption><\/figure>\n<p><span style=\"font-size: large;\">Le chantier progresse bien, nous sommes dans les temps.<\/span><\/p>\n<p><span style=\"font-size: large;\">Philippe Godia<\/span><\/p>\n<p><span style=\"font-size: large;\">Vice-pr\u00e9sident.<\/span><\/p>\n","protected":false},"excerpt":{"rendered":"<p>A 08h00, rendez-vous \u00e9t\u00e9 donn\u00e9 au pied du monument. De suite, une deuxi\u00e8me couche de d\u00e9capant a \u00e9t\u00e9 pos\u00e9e sur les grilles, puis le temps d&rsquo;agir, deux karchers ont fait sauter les \u00e9cailles de peintures qui restaient. Les pav\u00e9s, cailloux, &#8230; <a class=\"more-link\" href=\"https:\/\/www.lesouvenirfrancais-saintchinian.fr\/?p=1050\">Read More &raquo;<\/a><\/p>\n","protected":false},"author":321,"featured_media":0,"comment_status":"closed","ping_status":"closed","sticky":false,"template":"","format":"standard","meta":{"footnotes":""},"categories":[3],"tags":[],"class_list":["post-1050","post","type-post","status-publish","format-standard","hentry","category-manifestations-et-actions"],"_links":{"self":[{"href":"https:\/\/www.lesouvenirfrancais-saintchinian.fr\/index.php?rest_route=\/wp\/v2\/posts\/1050","targetHints":{"allow":["GET"]}}],"collection":[{"href":"https:\/\/www.lesouvenirfrancais-saintchinian.fr\/index.php?rest_route=\/wp\/v2\/posts"}],"about":[{"href":"https:\/\/www.lesouvenirfrancais-saintchinian.fr\/index.php?rest_route=\/wp\/v2\/types\/post"}],"author":[{"embeddable":true,"href":"https:\/\/www.lesouvenirfrancais-saintchinian.fr\/index.php?rest_route=\/wp\/v2\/users\/321"}],"replies":[{"embeddable":true,"href":"https:\/\/www.lesouvenirfrancais-saintchinian.fr\/index.php?rest_route=%2Fwp%2Fv2%2Fcomments&post=1050"}],"version-history":[{"count":1,"href":"https:\/\/www.lesouvenirfrancais-saintchinian.fr\/index.php?rest_route=\/wp\/v2\/posts\/1050\/revisions"}],"predecessor-version":[{"id":1056,"href":"https:\/\/www.lesouvenirfrancais-saintchinian.fr\/index.php?rest_route=\/wp\/v2\/posts\/1050\/revisions\/1056"}],"wp:attachment":[{"href":"https:\/\/www.lesouvenirfrancais-saintchinian.fr\/index.php?rest_route=%2Fwp%2Fv2%2Fmedia&parent=1050"}],"wp:term":[{"taxonomy":"category","embeddable":true,"href":"https:\/\/www.lesouvenirfrancais-saintchinian.fr\/index.php?rest_route=%2Fwp%2Fv2%2Fcategories&post=1050"},{"taxonomy":"post_tag","embeddable":true,"href":"https:\/\/www.lesouvenirfrancais-saintchinian.fr\/index.php?rest_route=%2Fwp%2Fv2%2Ftags&post=1050"}],"curies":[{"name":"wp","href":"https:\/\/api.w.org\/{rel}","templated":true}]}}