{"id":1058,"date":"2018-02-28T18:05:05","date_gmt":"2018-02-28T17:05:05","guid":{"rendered":"http:\/\/www.lesouvenirfrancais-saintchinian.fr\/?p=1058"},"modified":"2018-02-28T18:05:05","modified_gmt":"2018-02-28T17:05:05","slug":"ceremonie-de-remise-de-drapeau-au-lycee-jean-moulin-le-14-fevrier-2018-avec-le-souvenir-francais","status":"publish","type":"post","link":"https:\/\/www.lesouvenirfrancais-saintchinian.fr\/?p=1058","title":{"rendered":"C\u00e9r\u00e9monie de remise de drapeau au Lyc\u00e9e Jean Moulin le 14 f\u00e9vrier 2018 avec le Souvenir Fran\u00e7ais."},"content":{"rendered":"<p>Le mercredi 14 f\u00e9vrier 2018 \u00e0 11 heures eu lieu la c\u00e9r\u00e9monie de remise du drapeau de l&rsquo;association nationale des combattants volontaires de la r\u00e9sistance au lyc\u00e9e Jean Moulin de B\u00e9ziers.<\/p>\n<p>Le Souvenir Fran\u00e7ais \u00e9tait \u00e0 l&rsquo;honneur par le nombre des comit\u00e9s repr\u00e9sent\u00e9s et par la venue de Paris du Pr\u00e9sident national le G\u00e9n\u00e9ral Serge Barcellini, coorganisateur de la c\u00e9r\u00e9monie.<\/p>\n<p>Trois adh\u00e9rents de notre comit\u00e9s ont pris de leur temps et nous on fait l&rsquo;honneur de nous repr\u00e9senter, \u00e0 savoir,<\/p>\n<p>Jacques qui portait le drapeau de Saint-Chinian, Christian celui de Cruzy et Andr\u00e9 qui coordonnait l&rsquo;ensemble. A noter que la c\u00e9r\u00e9monie fut longue car suite \u00e0 un probl\u00e8me de train elle a pris plus d&rsquo;une heure de retard.<\/p>\n<figure id=\"attachment_1059\" aria-describedby=\"caption-attachment-1059\" style=\"width: 225px\" class=\"wp-caption aligncenter\"><a href=\"http:\/\/www.lesouvenirfrancais-saintchinian.fr\/wp-content\/uploads\/2018\/02\/Souvenir-Fran\u00e7ais-Lyc\u00e9es-Jean-Moulin-B\u00e9ziers-14-f\u00e9vrier-2018-1.jpg\"><img loading=\"lazy\" decoding=\"async\" class=\"size-medium wp-image-1059\" src=\"http:\/\/www.lesouvenirfrancais-saintchinian.fr\/wp-content\/uploads\/2018\/02\/Souvenir-Fran\u00e7ais-Lyc\u00e9es-Jean-Moulin-B\u00e9ziers-14-f\u00e9vrier-2018-1-225x300.jpg\" alt=\"\" width=\"225\" height=\"300\" srcset=\"https:\/\/www.lesouvenirfrancais-saintchinian.fr\/wp-content\/uploads\/2018\/02\/Souvenir-Fran\u00e7ais-Lyc\u00e9es-Jean-Moulin-B\u00e9ziers-14-f\u00e9vrier-2018-1-225x300.jpg 225w, https:\/\/www.lesouvenirfrancais-saintchinian.fr\/wp-content\/uploads\/2018\/02\/Souvenir-Fran\u00e7ais-Lyc\u00e9es-Jean-Moulin-B\u00e9ziers-14-f\u00e9vrier-2018-1-768x1024.jpg 768w, https:\/\/www.lesouvenirfrancais-saintchinian.fr\/wp-content\/uploads\/2018\/02\/Souvenir-Fran\u00e7ais-Lyc\u00e9es-Jean-Moulin-B\u00e9ziers-14-f\u00e9vrier-2018-1-940x1253.jpg 940w, https:\/\/www.lesouvenirfrancais-saintchinian.fr\/wp-content\/uploads\/2018\/02\/Souvenir-Fran\u00e7ais-Lyc\u00e9es-Jean-Moulin-B\u00e9ziers-14-f\u00e9vrier-2018-1.jpg 1575w\" sizes=\"auto, (max-width: 225px) 100vw, 225px\" \/><\/a><figcaption id=\"caption-attachment-1059\" class=\"wp-caption-text\">Remise du drapeau aux \u00e9l\u00e8ves du Lyc\u00e9e Jean Moulin de B\u00e9ziers le 14 f\u00e9vrier 2018 par Le Souvenir Fran\u00e7ais.<\/figcaption><\/figure>\n<p style=\"text-align: center;\"><strong>Le d\u00e9roul\u00e9 de la c\u00e9r\u00e9monie fut le suivant\u00a0<\/strong>:<\/p>\n<p><b>Accueil<\/b> par Mr Alain Acadie (Proviseur du Lyc\u00e9e Jean Moulin) et par Mr Robert M\u00e9nard (Maire de B\u00e9ziers).<\/p>\n<p><b>Point historique<\/b> de Mr Fran\u00e7ois B\u00e9rriot (Professeur \u00e9m\u00e9rite des Universit\u00e9s et Vice-pr\u00e9sident<\/p>\n<p>de l\u2019association nationale des amis de Jean Moulin)<\/p>\n<p><b>Allocution<\/b> de Mr Serge Barcellini (Contr\u00f4leur des Arm\u00e9es (2s) et Pr\u00e9sident de l&rsquo;association Le Souvenir Fran\u00e7ais)<\/p>\n<p><b>Allocution<\/b> de Mme Dolor\u00e8s Roqu\u00e8 (Conseill\u00e8re G\u00e9n\u00e9rale repr\u00e9sentant Mme la Pr\u00e9sidente de la R\u00e9gion Occitanie).<\/p>\n<p><b>Allocution<\/b> de Mme Armande Le Pellec Muller (Recteur de la R\u00e9gion Acad\u00e9mique Occitanie et recteur de l&rsquo;Acad\u00e9mie de Montpellier, Chancelier des universit\u00e9s).<\/p>\n<p><b>Allocution<\/b> de Mr Christian Pouget (Sous-pr\u00e9fet de B\u00e9ziers).<\/p>\n<figure id=\"attachment_1060\" aria-describedby=\"caption-attachment-1060\" style=\"width: 300px\" class=\"wp-caption aligncenter\"><a href=\"http:\/\/www.lesouvenirfrancais-saintchinian.fr\/wp-content\/uploads\/2018\/02\/Souvenir-Fran\u00e7ais-Lyc\u00e9es-Jean-Moulin-B\u00e9ziers-14-f\u00e9vrier-2018-2.jpg\"><img loading=\"lazy\" decoding=\"async\" class=\"size-medium wp-image-1060\" src=\"http:\/\/www.lesouvenirfrancais-saintchinian.fr\/wp-content\/uploads\/2018\/02\/Souvenir-Fran\u00e7ais-Lyc\u00e9es-Jean-Moulin-B\u00e9ziers-14-f\u00e9vrier-2018-2-300x225.jpg\" alt=\"\" width=\"300\" height=\"225\" srcset=\"https:\/\/www.lesouvenirfrancais-saintchinian.fr\/wp-content\/uploads\/2018\/02\/Souvenir-Fran\u00e7ais-Lyc\u00e9es-Jean-Moulin-B\u00e9ziers-14-f\u00e9vrier-2018-2-300x225.jpg 300w, https:\/\/www.lesouvenirfrancais-saintchinian.fr\/wp-content\/uploads\/2018\/02\/Souvenir-Fran\u00e7ais-Lyc\u00e9es-Jean-Moulin-B\u00e9ziers-14-f\u00e9vrier-2018-2-768x576.jpg 768w, https:\/\/www.lesouvenirfrancais-saintchinian.fr\/wp-content\/uploads\/2018\/02\/Souvenir-Fran\u00e7ais-Lyc\u00e9es-Jean-Moulin-B\u00e9ziers-14-f\u00e9vrier-2018-2-1024x768.jpg 1024w, https:\/\/www.lesouvenirfrancais-saintchinian.fr\/wp-content\/uploads\/2018\/02\/Souvenir-Fran\u00e7ais-Lyc\u00e9es-Jean-Moulin-B\u00e9ziers-14-f\u00e9vrier-2018-2-940x705.jpg 940w, https:\/\/www.lesouvenirfrancais-saintchinian.fr\/wp-content\/uploads\/2018\/02\/Souvenir-Fran\u00e7ais-Lyc\u00e9es-Jean-Moulin-B\u00e9ziers-14-f\u00e9vrier-2018-2.jpg 1575w\" sizes=\"auto, (max-width: 300px) 100vw, 300px\" \/><\/a><figcaption id=\"caption-attachment-1060\" class=\"wp-caption-text\">Remise du drapeau aux \u00e9l\u00e8ves du Lyc\u00e9e Jean Moulin de B\u00e9ziers le 14 f\u00e9vrier 2018 par Le Souvenir Fran\u00e7ais.<\/figcaption><\/figure>\n<p><b>Remise du drapeau<\/b> aux \u00e9l\u00e8ves marins du Lyc\u00e9e par Mr le Pr\u00e9sident du Souvenir Fran\u00e7ais.<\/p>\n<figure id=\"attachment_1061\" aria-describedby=\"caption-attachment-1061\" style=\"width: 300px\" class=\"wp-caption aligncenter\"><a href=\"http:\/\/www.lesouvenirfrancais-saintchinian.fr\/wp-content\/uploads\/2018\/02\/Souvenir-Fran\u00e7ais-Lyc\u00e9es-Jean-Moulin-B\u00e9ziers-14-f\u00e9vrier-2018-3.jpg\"><img loading=\"lazy\" decoding=\"async\" class=\"size-medium wp-image-1061\" src=\"http:\/\/www.lesouvenirfrancais-saintchinian.fr\/wp-content\/uploads\/2018\/02\/Souvenir-Fran\u00e7ais-Lyc\u00e9es-Jean-Moulin-B\u00e9ziers-14-f\u00e9vrier-2018-3-300x225.jpg\" alt=\"\" width=\"300\" height=\"225\" srcset=\"https:\/\/www.lesouvenirfrancais-saintchinian.fr\/wp-content\/uploads\/2018\/02\/Souvenir-Fran\u00e7ais-Lyc\u00e9es-Jean-Moulin-B\u00e9ziers-14-f\u00e9vrier-2018-3-300x225.jpg 300w, https:\/\/www.lesouvenirfrancais-saintchinian.fr\/wp-content\/uploads\/2018\/02\/Souvenir-Fran\u00e7ais-Lyc\u00e9es-Jean-Moulin-B\u00e9ziers-14-f\u00e9vrier-2018-3-768x576.jpg 768w, https:\/\/www.lesouvenirfrancais-saintchinian.fr\/wp-content\/uploads\/2018\/02\/Souvenir-Fran\u00e7ais-Lyc\u00e9es-Jean-Moulin-B\u00e9ziers-14-f\u00e9vrier-2018-3-1024x768.jpg 1024w, https:\/\/www.lesouvenirfrancais-saintchinian.fr\/wp-content\/uploads\/2018\/02\/Souvenir-Fran\u00e7ais-Lyc\u00e9es-Jean-Moulin-B\u00e9ziers-14-f\u00e9vrier-2018-3-940x705.jpg 940w, https:\/\/www.lesouvenirfrancais-saintchinian.fr\/wp-content\/uploads\/2018\/02\/Souvenir-Fran\u00e7ais-Lyc\u00e9es-Jean-Moulin-B\u00e9ziers-14-f\u00e9vrier-2018-3.jpg 1575w\" sizes=\"auto, (max-width: 300px) 100vw, 300px\" \/><\/a><figcaption id=\"caption-attachment-1061\" class=\"wp-caption-text\">Remise du drapeau aux \u00e9l\u00e8ves du Lyc\u00e9e Jean Moulin de B\u00e9ziers le 14 f\u00e9vrier 2018 par Le Souvenir Fran\u00e7ais.<\/figcaption><\/figure>\n<p><strong>Chorale du lyc\u00e9e\u00a0:<\/strong><\/p>\n<p>la Marseillaise (couplets 1 et 6)<\/p>\n<p>Chant des Partisans.<\/p>\n<p><span style=\"color: #000000;\"><span style=\"font-family: Calibri, Helvetica;\"><span style=\"font-size: medium;\">Les diff\u00e9rents intervenants qui se sont exprim\u00e9s avaient comme point commun de parcourir la vie et les actions de Jean Moulin durant la guerre, en mentionnant entre autres, qu&rsquo;il a re\u00e7u \u00e0 Londres et en petit comit\u00e9\u00a0la d\u00e9coration de \u00ab\u00a0la lib\u00e9ration\u00a0\u00bb, des mains du G\u00e9n\u00e9ral de Gaule. Son sens du devoir\u00a0 et de sa volont\u00e9 de lib\u00e9rer la France pour restaurer la R\u00e9publique ont \u00e9t\u00e9 mis en \u00e9vidence comme un message adress\u00e9 \u00e0 la jeunesse d&rsquo;aujourd&rsquo;hui.<\/span><\/span><\/span><\/p>\n<p><span style=\"color: #000000;\"><span style=\"font-family: Calibri, Helvetica;\"><span style=\"font-size: medium;\">Merci \u00e0 nos trois adh\u00e9rents d&rsquo;avoir repr\u00e9sent\u00e9 le comit\u00e9 et en particulier \u00e0 Christian pour avoir aid\u00e9 \u00e0 la r\u00e9daction de l&rsquo;article par ses photos et d\u00e9tails.<\/span><\/span><\/span><\/p>\n<p><span style=\"color: #000000;\"><span style=\"font-family: Calibri, Helvetica;\"><span style=\"font-size: medium;\">Philippe Godia<br \/>\n<\/span><\/span><\/span><span style=\"color: #000000;\"><span style=\"font-family: Calibri, Helvetica;\"><span style=\"font-size: medium;\">Vice-pr\u00e9sident.<\/span><\/span><\/span><\/p>\n","protected":false},"excerpt":{"rendered":"<p>Le mercredi 14 f\u00e9vrier 2018 \u00e0 11 heures eu lieu la c\u00e9r\u00e9monie de remise du drapeau de l&rsquo;association nationale des combattants volontaires de la r\u00e9sistance au lyc\u00e9e Jean Moulin de B\u00e9ziers. Le Souvenir Fran\u00e7ais \u00e9tait \u00e0 l&rsquo;honneur par le nombre &#8230; <a class=\"more-link\" href=\"https:\/\/www.lesouvenirfrancais-saintchinian.fr\/?p=1058\">Read More &raquo;<\/a><\/p>\n","protected":false},"author":321,"featured_media":0,"comment_status":"closed","ping_status":"closed","sticky":false,"template":"","format":"standard","meta":{"footnotes":""},"categories":[3],"tags":[],"class_list":["post-1058","post","type-post","status-publish","format-standard","hentry","category-manifestations-et-actions"],"_links":{"self":[{"href":"https:\/\/www.lesouvenirfrancais-saintchinian.fr\/index.php?rest_route=\/wp\/v2\/posts\/1058","targetHints":{"allow":["GET"]}}],"collection":[{"href":"https:\/\/www.lesouvenirfrancais-saintchinian.fr\/index.php?rest_route=\/wp\/v2\/posts"}],"about":[{"href":"https:\/\/www.lesouvenirfrancais-saintchinian.fr\/index.php?rest_route=\/wp\/v2\/types\/post"}],"author":[{"embeddable":true,"href":"https:\/\/www.lesouvenirfrancais-saintchinian.fr\/index.php?rest_route=\/wp\/v2\/users\/321"}],"replies":[{"embeddable":true,"href":"https:\/\/www.lesouvenirfrancais-saintchinian.fr\/index.php?rest_route=%2Fwp%2Fv2%2Fcomments&post=1058"}],"version-history":[{"count":1,"href":"https:\/\/www.lesouvenirfrancais-saintchinian.fr\/index.php?rest_route=\/wp\/v2\/posts\/1058\/revisions"}],"predecessor-version":[{"id":1062,"href":"https:\/\/www.lesouvenirfrancais-saintchinian.fr\/index.php?rest_route=\/wp\/v2\/posts\/1058\/revisions\/1062"}],"wp:attachment":[{"href":"https:\/\/www.lesouvenirfrancais-saintchinian.fr\/index.php?rest_route=%2Fwp%2Fv2%2Fmedia&parent=1058"}],"wp:term":[{"taxonomy":"category","embeddable":true,"href":"https:\/\/www.lesouvenirfrancais-saintchinian.fr\/index.php?rest_route=%2Fwp%2Fv2%2Fcategories&post=1058"},{"taxonomy":"post_tag","embeddable":true,"href":"https:\/\/www.lesouvenirfrancais-saintchinian.fr\/index.php?rest_route=%2Fwp%2Fv2%2Ftags&post=1058"}],"curies":[{"name":"wp","href":"https:\/\/api.w.org\/{rel}","templated":true}]}}