{"id":1064,"date":"2018-02-28T18:20:39","date_gmt":"2018-02-28T17:20:39","guid":{"rendered":"http:\/\/www.lesouvenirfrancais-saintchinian.fr\/?p=1064"},"modified":"2018-02-28T18:20:39","modified_gmt":"2018-02-28T17:20:39","slug":"les-travaux-de-renovation-se-poursuivent-au-monument-aux-morts-de-prades-sur-vernazobres","status":"publish","type":"post","link":"https:\/\/www.lesouvenirfrancais-saintchinian.fr\/?p=1064","title":{"rendered":"Les travaux de r\u00e9novation se poursuivent au monument aux morts de Prades-sur-Vernazobres."},"content":{"rendered":"<p>Les samedis, lorsque la m\u00e9t\u00e9o le permet, ou en pleine semaine pour ceux qui le peuvent (en sachant que les peintres peuvent choisir le meilleur moment de la journ\u00e9e et la temp\u00e9rature ad\u00e9quate afin que la peinture prenne au mieux), les volontaires se succ\u00e8dent pour poursuivre la r\u00e9novation du monument.<\/p>\n<p style=\"text-align: center;\"><a href=\"http:\/\/www.lesouvenirfrancais-saintchinian.fr\/wp-content\/uploads\/2018\/02\/R\u00e9novation-monument-de-Prades-4.jpg\"><img loading=\"lazy\" decoding=\"async\" class=\"aligncenter size-medium wp-image-1068\" src=\"http:\/\/www.lesouvenirfrancais-saintchinian.fr\/wp-content\/uploads\/2018\/02\/R\u00e9novation-monument-de-Prades-4-180x300.jpg\" alt=\"\" width=\"180\" height=\"300\" srcset=\"https:\/\/www.lesouvenirfrancais-saintchinian.fr\/wp-content\/uploads\/2018\/02\/R\u00e9novation-monument-de-Prades-4-180x300.jpg 180w, https:\/\/www.lesouvenirfrancais-saintchinian.fr\/wp-content\/uploads\/2018\/02\/R\u00e9novation-monument-de-Prades-4.jpg 480w\" sizes=\"auto, (max-width: 180px) 100vw, 180px\" \/><\/a><\/p>\n<p>Couches de peinture, r\u00e9paration des trous sur le monument \u00e0 l&rsquo;aide d\u2019un enduit teint\u00e9, b\u00e9tonnage du fourreau destin\u00e9 \u00e0 recevoir le m\u00e2t, pon\u00e7age du lettrage afin de le recouvrir de dorure, pon\u00e7age et mise en peinture de la bordure situ\u00e9e sous les grilles&#8230;<\/p>\n<p>Pendant ce temps, Philippe travaille \u00e0 la pr\u00e9paration du site internet, d\u00e9di\u00e9 au monument et aux morts pour la France de Prades.<\/p>\n<figure id=\"attachment_1066\" aria-describedby=\"caption-attachment-1066\" style=\"width: 180px\" class=\"wp-caption aligncenter\"><a href=\"http:\/\/www.lesouvenirfrancais-saintchinian.fr\/wp-content\/uploads\/2018\/02\/R\u00e9novation-monument-de-Prades-2.jpg\"><img loading=\"lazy\" decoding=\"async\" class=\"size-medium wp-image-1066\" src=\"http:\/\/www.lesouvenirfrancais-saintchinian.fr\/wp-content\/uploads\/2018\/02\/R\u00e9novation-monument-de-Prades-2-180x300.jpg\" alt=\"\" width=\"180\" height=\"300\" srcset=\"https:\/\/www.lesouvenirfrancais-saintchinian.fr\/wp-content\/uploads\/2018\/02\/R\u00e9novation-monument-de-Prades-2-180x300.jpg 180w, https:\/\/www.lesouvenirfrancais-saintchinian.fr\/wp-content\/uploads\/2018\/02\/R\u00e9novation-monument-de-Prades-2.jpg 480w\" sizes=\"auto, (max-width: 180px) 100vw, 180px\" \/><\/a><figcaption id=\"caption-attachment-1066\" class=\"wp-caption-text\">Les travaux de r\u00e9novation du monument aux morts de Prades se poursuivent.<\/figcaption><\/figure>\n<p>Merci \u00e0 Andr\u00e9, Christian, Didier, Jacques, Michel, Eric ainsi qu&rsquo;\u00e0 la municipalit\u00e9 repr\u00e9sent\u00e9e par Jean-Marie Milhau, le Maire ainsi que son premier Adjoint Roch Codou, qui font de leur mieux pour nous faciliter la tache.<\/p>\n<figure id=\"attachment_1065\" aria-describedby=\"caption-attachment-1065\" style=\"width: 300px\" class=\"wp-caption aligncenter\"><a href=\"http:\/\/www.lesouvenirfrancais-saintchinian.fr\/wp-content\/uploads\/2018\/02\/R\u00e9novation-monument-de-Prades-1.jpg\"><img loading=\"lazy\" decoding=\"async\" class=\"size-medium wp-image-1065\" src=\"http:\/\/www.lesouvenirfrancais-saintchinian.fr\/wp-content\/uploads\/2018\/02\/R\u00e9novation-monument-de-Prades-1-300x225.jpg\" alt=\"\" width=\"300\" height=\"225\" srcset=\"https:\/\/www.lesouvenirfrancais-saintchinian.fr\/wp-content\/uploads\/2018\/02\/R\u00e9novation-monument-de-Prades-1-300x225.jpg 300w, https:\/\/www.lesouvenirfrancais-saintchinian.fr\/wp-content\/uploads\/2018\/02\/R\u00e9novation-monument-de-Prades-1-768x576.jpg 768w, https:\/\/www.lesouvenirfrancais-saintchinian.fr\/wp-content\/uploads\/2018\/02\/R\u00e9novation-monument-de-Prades-1-1024x768.jpg 1024w, https:\/\/www.lesouvenirfrancais-saintchinian.fr\/wp-content\/uploads\/2018\/02\/R\u00e9novation-monument-de-Prades-1-940x705.jpg 940w, https:\/\/www.lesouvenirfrancais-saintchinian.fr\/wp-content\/uploads\/2018\/02\/R\u00e9novation-monument-de-Prades-1.jpg 1575w\" sizes=\"auto, (max-width: 300px) 100vw, 300px\" \/><\/a><figcaption id=\"caption-attachment-1065\" class=\"wp-caption-text\">Les travaux de r\u00e9novation du monument aux morts de Prades se poursuivent.<\/figcaption><\/figure>\n<p>Philippe Godia<br \/>\nVice-pr\u00e9sident.<\/p>\n<p>&nbsp;<\/p>\n","protected":false},"excerpt":{"rendered":"<p>Les samedis, lorsque la m\u00e9t\u00e9o le permet, ou en pleine semaine pour ceux qui le peuvent (en sachant que les peintres peuvent choisir le meilleur moment de la journ\u00e9e et la temp\u00e9rature ad\u00e9quate afin que la peinture prenne au mieux), &#8230; <a class=\"more-link\" href=\"https:\/\/www.lesouvenirfrancais-saintchinian.fr\/?p=1064\">Read More &raquo;<\/a><\/p>\n","protected":false},"author":321,"featured_media":0,"comment_status":"closed","ping_status":"closed","sticky":false,"template":"","format":"standard","meta":{"footnotes":""},"categories":[3],"tags":[],"class_list":["post-1064","post","type-post","status-publish","format-standard","hentry","category-manifestations-et-actions"],"_links":{"self":[{"href":"https:\/\/www.lesouvenirfrancais-saintchinian.fr\/index.php?rest_route=\/wp\/v2\/posts\/1064","targetHints":{"allow":["GET"]}}],"collection":[{"href":"https:\/\/www.lesouvenirfrancais-saintchinian.fr\/index.php?rest_route=\/wp\/v2\/posts"}],"about":[{"href":"https:\/\/www.lesouvenirfrancais-saintchinian.fr\/index.php?rest_route=\/wp\/v2\/types\/post"}],"author":[{"embeddable":true,"href":"https:\/\/www.lesouvenirfrancais-saintchinian.fr\/index.php?rest_route=\/wp\/v2\/users\/321"}],"replies":[{"embeddable":true,"href":"https:\/\/www.lesouvenirfrancais-saintchinian.fr\/index.php?rest_route=%2Fwp%2Fv2%2Fcomments&post=1064"}],"version-history":[{"count":1,"href":"https:\/\/www.lesouvenirfrancais-saintchinian.fr\/index.php?rest_route=\/wp\/v2\/posts\/1064\/revisions"}],"predecessor-version":[{"id":1069,"href":"https:\/\/www.lesouvenirfrancais-saintchinian.fr\/index.php?rest_route=\/wp\/v2\/posts\/1064\/revisions\/1069"}],"wp:attachment":[{"href":"https:\/\/www.lesouvenirfrancais-saintchinian.fr\/index.php?rest_route=%2Fwp%2Fv2%2Fmedia&parent=1064"}],"wp:term":[{"taxonomy":"category","embeddable":true,"href":"https:\/\/www.lesouvenirfrancais-saintchinian.fr\/index.php?rest_route=%2Fwp%2Fv2%2Fcategories&post=1064"},{"taxonomy":"post_tag","embeddable":true,"href":"https:\/\/www.lesouvenirfrancais-saintchinian.fr\/index.php?rest_route=%2Fwp%2Fv2%2Ftags&post=1064"}],"curies":[{"name":"wp","href":"https:\/\/api.w.org\/{rel}","templated":true}]}}