{"id":1083,"date":"2018-04-19T10:28:26","date_gmt":"2018-04-19T09:28:26","guid":{"rendered":"http:\/\/www.lesouvenirfrancais-saintchinian.fr\/?p=1083"},"modified":"2018-04-19T10:28:26","modified_gmt":"2018-04-19T09:28:26","slug":"le-souvenir-francais-de-saint-chinian-a-organise-une-journee-pedagogique-au-camp-des-milles","status":"publish","type":"post","link":"https:\/\/www.lesouvenirfrancais-saintchinian.fr\/?p=1083","title":{"rendered":"Le Souvenir Fran\u00e7ais de Saint-Chinian a organis\u00e9 une journ\u00e9e p\u00e9dagogique au Camp des Milles"},"content":{"rendered":"<figure id=\"attachment_1080\" aria-describedby=\"caption-attachment-1080\" style=\"width: 300px\" class=\"wp-caption aligncenter\"><a href=\"http:\/\/www.lesouvenirfrancais-saintchinian.fr\/wp-content\/uploads\/2018\/04\/Camp-des-Milles-9.jpg\"><img loading=\"lazy\" decoding=\"async\" class=\"size-medium wp-image-1080\" src=\"http:\/\/www.lesouvenirfrancais-saintchinian.fr\/wp-content\/uploads\/2018\/04\/Camp-des-Milles-9-300x168.jpg\" alt=\"\" width=\"300\" height=\"168\" srcset=\"https:\/\/www.lesouvenirfrancais-saintchinian.fr\/wp-content\/uploads\/2018\/04\/Camp-des-Milles-9-300x168.jpg 300w, https:\/\/www.lesouvenirfrancais-saintchinian.fr\/wp-content\/uploads\/2018\/04\/Camp-des-Milles-9-768x431.jpg 768w, https:\/\/www.lesouvenirfrancais-saintchinian.fr\/wp-content\/uploads\/2018\/04\/Camp-des-Milles-9-1024x575.jpg 1024w, https:\/\/www.lesouvenirfrancais-saintchinian.fr\/wp-content\/uploads\/2018\/04\/Camp-des-Milles-9-940x528.jpg 940w, https:\/\/www.lesouvenirfrancais-saintchinian.fr\/wp-content\/uploads\/2018\/04\/Camp-des-Milles-9.jpg 1181w\" sizes=\"auto, (max-width: 300px) 100vw, 300px\" \/><\/a><figcaption id=\"caption-attachment-1080\" class=\"wp-caption-text\">Camp des Milles, ancienne tuilerie<\/figcaption><\/figure>\n<p><span style=\"font-family: Arial, sans-serif;\"><span style=\"font-size: large;\">Le 5 avril 2018, cinquante sept \u00e9l\u00e8ves des coll\u00e8ges Jean Jaur\u00e8s de Saint-Chinian et Basile Rouaix de Cessenon ont particip\u00e9 \u00e0 la journ\u00e9e p\u00e9dagogique au \u00ab\u00a0Camps des Milles\u00a0\u00bb, situ\u00e9 entre Aix en Provence et Marseille.<\/span><\/span><\/p>\n<p><span style=\"font-family: Arial, sans-serif;\"><span style=\"font-size: large;\">Cette journ\u00e9e \u00e9tait \u00e0 l&rsquo;initiative du comit\u00e9 du Souvenir Fran\u00e7ais de Saint-Chinian et de ses environs, qui en assura le financement complet (trajet en car, billetterie, atelier anim\u00e9 et go\u00fbter ).<\/span><\/span><\/p>\n<p><span style=\"font-family: Arial, sans-serif;\"><span style=\"font-size: large;\">La matin\u00e9e fut consacr\u00e9e \u00e0 la visite avec conf\u00e9renci\u00e8res qui relat\u00e8rent la cr\u00e9ation du camp, ouvert en septembre 1939 au sein d&rsquo;une ancienne tuilerie.<\/span><\/span><\/p>\n<figure id=\"attachment_1076\" aria-describedby=\"caption-attachment-1076\" style=\"width: 200px\" class=\"wp-caption aligncenter\"><a href=\"http:\/\/www.lesouvenirfrancais-saintchinian.fr\/wp-content\/uploads\/2018\/04\/Camp-des-Milles-5.jpg\"><img loading=\"lazy\" decoding=\"async\" class=\"size-medium wp-image-1076\" src=\"http:\/\/www.lesouvenirfrancais-saintchinian.fr\/wp-content\/uploads\/2018\/04\/Camp-des-Milles-5-200x300.jpg\" alt=\"\" width=\"200\" height=\"300\" srcset=\"https:\/\/www.lesouvenirfrancais-saintchinian.fr\/wp-content\/uploads\/2018\/04\/Camp-des-Milles-5-200x300.jpg 200w, https:\/\/www.lesouvenirfrancais-saintchinian.fr\/wp-content\/uploads\/2018\/04\/Camp-des-Milles-5-768x1152.jpg 768w, https:\/\/www.lesouvenirfrancais-saintchinian.fr\/wp-content\/uploads\/2018\/04\/Camp-des-Milles-5-682x1024.jpg 682w, https:\/\/www.lesouvenirfrancais-saintchinian.fr\/wp-content\/uploads\/2018\/04\/Camp-des-Milles-5-940x1410.jpg 940w, https:\/\/www.lesouvenirfrancais-saintchinian.fr\/wp-content\/uploads\/2018\/04\/Camp-des-Milles-5.jpg 1181w\" sizes=\"auto, (max-width: 200px) 100vw, 200px\" \/><\/a><figcaption id=\"caption-attachment-1076\" class=\"wp-caption-text\">Camp des Milles, peintures murales par des artistes intern\u00e9s.<\/figcaption><\/figure>\n<figure id=\"attachment_1072\" aria-describedby=\"caption-attachment-1072\" style=\"width: 300px\" class=\"wp-caption aligncenter\"><a href=\"http:\/\/www.lesouvenirfrancais-saintchinian.fr\/wp-content\/uploads\/2018\/04\/Camp-des-Milles-1.jpg\"><img loading=\"lazy\" decoding=\"async\" class=\"size-medium wp-image-1072\" src=\"http:\/\/www.lesouvenirfrancais-saintchinian.fr\/wp-content\/uploads\/2018\/04\/Camp-des-Milles-1-300x169.jpg\" alt=\"\" width=\"300\" height=\"169\" srcset=\"https:\/\/www.lesouvenirfrancais-saintchinian.fr\/wp-content\/uploads\/2018\/04\/Camp-des-Milles-1-300x169.jpg 300w, https:\/\/www.lesouvenirfrancais-saintchinian.fr\/wp-content\/uploads\/2018\/04\/Camp-des-Milles-1-768x432.jpg 768w, https:\/\/www.lesouvenirfrancais-saintchinian.fr\/wp-content\/uploads\/2018\/04\/Camp-des-Milles-1-1024x576.jpg 1024w, https:\/\/www.lesouvenirfrancais-saintchinian.fr\/wp-content\/uploads\/2018\/04\/Camp-des-Milles-1-940x529.jpg 940w, https:\/\/www.lesouvenirfrancais-saintchinian.fr\/wp-content\/uploads\/2018\/04\/Camp-des-Milles-1.jpg 1181w\" sizes=\"auto, (max-width: 300px) 100vw, 300px\" \/><\/a><figcaption id=\"caption-attachment-1072\" class=\"wp-caption-text\">Camp des Milles, galerie des artistes intern\u00e9s.<\/figcaption><\/figure>\n<p><span style=\"font-family: Arial, sans-serif;\"><span style=\"font-size: large;\">Il connut un peu plus de trois ans \u00ab\u00a0d&rsquo;activit\u00e9\u00a0\u00bb et vit passer plus de 10.000 intern\u00e9s parmi lesquels de nombreux artistes et intellectuels.<\/span><\/span><\/p>\n<p><span style=\"font-family: Arial, sans-serif;\"><span style=\"font-size: large;\">Il y eu trois p\u00e9riodes entre 1939 et 1942\u00a0:<\/span><\/span><\/p>\n<p><span style=\"font-family: Arial, sans-serif;\"><span style=\"font-size: large;\">1\/ de septembre 1939 \u00e0 juin 1940 lorsque le gouvernement fran\u00e7ais prend la d\u00e9cision d&rsquo;interner les ressortissants du Reich.<\/span><\/span><\/p>\n<p><span style=\"font-family: Arial, sans-serif;\"><span style=\"font-size: large;\">2\/ puis de juillet 1940 \u00e0 juillet 1942, les Milles devient un camp pour \u00ab\u00a0ind\u00e9sirables\u00a0\u00bb. Au cours de cette p\u00e9riode sont transf\u00e9r\u00e9s les \u00e9trangers des camps du sud-ouest et en particulier des anciens des brigades internationales d&rsquo;Espagne.<\/span><\/span><\/p>\n<p><span style=\"font-family: Arial, sans-serif;\"><span style=\"font-size: large;\">3\/ enfin d&rsquo;ao\u00fbt 1942 \u00e0 septembre 1942 o\u00f9 les Milles devient un camp de d\u00e9portation des juifs vers Auschwitz via Drancy.<\/span><\/span><\/p>\n<p><span style=\"font-family: Arial, sans-serif;\"><span style=\"font-size: large;\">Plus d&rsquo;une centaine d&rsquo;enfants et d&rsquo;adolescents juifs furent d\u00e9port\u00e9s du Camp des Milles, le plus jeune avait un an.<\/span><\/span><\/p>\n<figure id=\"attachment_1073\" aria-describedby=\"caption-attachment-1073\" style=\"width: 300px\" class=\"wp-caption aligncenter\"><a href=\"http:\/\/www.lesouvenirfrancais-saintchinian.fr\/wp-content\/uploads\/2018\/04\/Camp-des-Milles-2.jpg\"><img loading=\"lazy\" decoding=\"async\" class=\"size-medium wp-image-1073\" src=\"http:\/\/www.lesouvenirfrancais-saintchinian.fr\/wp-content\/uploads\/2018\/04\/Camp-des-Milles-2-300x169.jpg\" alt=\"\" width=\"300\" height=\"169\" srcset=\"https:\/\/www.lesouvenirfrancais-saintchinian.fr\/wp-content\/uploads\/2018\/04\/Camp-des-Milles-2-300x169.jpg 300w, https:\/\/www.lesouvenirfrancais-saintchinian.fr\/wp-content\/uploads\/2018\/04\/Camp-des-Milles-2-768x432.jpg 768w, https:\/\/www.lesouvenirfrancais-saintchinian.fr\/wp-content\/uploads\/2018\/04\/Camp-des-Milles-2-1024x576.jpg 1024w, https:\/\/www.lesouvenirfrancais-saintchinian.fr\/wp-content\/uploads\/2018\/04\/Camp-des-Milles-2-940x529.jpg 940w, https:\/\/www.lesouvenirfrancais-saintchinian.fr\/wp-content\/uploads\/2018\/04\/Camp-des-Milles-2.jpg 1181w\" sizes=\"auto, (max-width: 300px) 100vw, 300px\" \/><\/a><figcaption id=\"caption-attachment-1073\" class=\"wp-caption-text\">Camp des Milles, le conf\u00e9renci\u00e8re explique&#8230;<\/figcaption><\/figure>\n<p><span style=\"font-family: Arial, sans-serif;\"><span style=\"font-size: large;\">Tout en long de la visite, les conf\u00e9renci\u00e8res surent capter l&rsquo;attention des \u00e9l\u00e8ves en les sollicitant en permanence et en faisant appel \u00e0 leurs connaissances.<\/span><\/span><\/p>\n<figure id=\"attachment_1079\" aria-describedby=\"caption-attachment-1079\" style=\"width: 200px\" class=\"wp-caption aligncenter\"><a href=\"http:\/\/www.lesouvenirfrancais-saintchinian.fr\/wp-content\/uploads\/2018\/04\/Camp-des-Milles-8.jpg\"><img loading=\"lazy\" decoding=\"async\" class=\"size-medium wp-image-1079\" src=\"http:\/\/www.lesouvenirfrancais-saintchinian.fr\/wp-content\/uploads\/2018\/04\/Camp-des-Milles-8-200x300.jpg\" alt=\"\" width=\"200\" height=\"300\" srcset=\"https:\/\/www.lesouvenirfrancais-saintchinian.fr\/wp-content\/uploads\/2018\/04\/Camp-des-Milles-8-200x300.jpg 200w, https:\/\/www.lesouvenirfrancais-saintchinian.fr\/wp-content\/uploads\/2018\/04\/Camp-des-Milles-8-768x1152.jpg 768w, https:\/\/www.lesouvenirfrancais-saintchinian.fr\/wp-content\/uploads\/2018\/04\/Camp-des-Milles-8-682x1024.jpg 682w, https:\/\/www.lesouvenirfrancais-saintchinian.fr\/wp-content\/uploads\/2018\/04\/Camp-des-Milles-8-940x1410.jpg 940w, https:\/\/www.lesouvenirfrancais-saintchinian.fr\/wp-content\/uploads\/2018\/04\/Camp-des-Milles-8.jpg 1181w\" sizes=\"auto, (max-width: 200px) 100vw, 200px\" \/><\/a><figcaption id=\"caption-attachment-1079\" class=\"wp-caption-text\">Camp des Milles, int\u00e9rieur de la tuilerie<\/figcaption><\/figure>\n<p><span style=\"font-family: Arial, sans-serif;\"><span style=\"font-size: large;\">Apr\u00e8s une pause d\u00e9jeuner et un repas tir\u00e9 du sac dans la grande cour, l&rsquo;apr\u00e8s-midi fut consacr\u00e9e \u00e0 un atelier dont le th\u00e8me \u00e9tait\u00a0:<\/span><\/span><\/p>\n<p><span style=\"font-family: Arial, sans-serif;\"><span style=\"font-size: large;\">les actes justes, comment r\u00e9sister aux d\u00e9rives antis\u00e9mites sous l&rsquo;occupation \u00e0 partir du film \u00ab\u00a0la rafle\u00a0\u00bb.<\/span><\/span><\/p>\n<figure id=\"attachment_1077\" aria-describedby=\"caption-attachment-1077\" style=\"width: 300px\" class=\"wp-caption aligncenter\"><a href=\"http:\/\/www.lesouvenirfrancais-saintchinian.fr\/wp-content\/uploads\/2018\/04\/Camp-des-Milles-6.jpg\"><img loading=\"lazy\" decoding=\"async\" class=\"size-medium wp-image-1077\" src=\"http:\/\/www.lesouvenirfrancais-saintchinian.fr\/wp-content\/uploads\/2018\/04\/Camp-des-Milles-6-300x200.jpg\" alt=\"\" width=\"300\" height=\"200\" srcset=\"https:\/\/www.lesouvenirfrancais-saintchinian.fr\/wp-content\/uploads\/2018\/04\/Camp-des-Milles-6-300x200.jpg 300w, https:\/\/www.lesouvenirfrancais-saintchinian.fr\/wp-content\/uploads\/2018\/04\/Camp-des-Milles-6-768x512.jpg 768w, https:\/\/www.lesouvenirfrancais-saintchinian.fr\/wp-content\/uploads\/2018\/04\/Camp-des-Milles-6-1024x682.jpg 1024w, https:\/\/www.lesouvenirfrancais-saintchinian.fr\/wp-content\/uploads\/2018\/04\/Camp-des-Milles-6-940x626.jpg 940w, https:\/\/www.lesouvenirfrancais-saintchinian.fr\/wp-content\/uploads\/2018\/04\/Camp-des-Milles-6.jpg 1181w\" sizes=\"auto, (max-width: 300px) 100vw, 300px\" \/><\/a><figcaption id=\"caption-attachment-1077\" class=\"wp-caption-text\">Camp des Milles, dortoirs.<\/figcaption><\/figure>\n<p><span style=\"font-family: Arial, sans-serif;\"><span style=\"font-size: large;\">L&rsquo;accompagnement des \u00e9l\u00e8ves \u00e9tait assur\u00e9 par les professeurs d&rsquo;histoire de Saint-Chinian et Cessenon, \u00e0 savoir par messieurs Jean-Marc Bagnol et S\u00e9bastien Affre, le CPE de Saint-Chinian Monsieur C\u00e9dric Marteth ainsi que par Dani\u00e8le P\u00e9r\u00e8s repr\u00e9sentant le Pr\u00e9sident et H\u00e9l\u00e8ne Godia, tr\u00e9sori\u00e8re du comit\u00e9.<\/span><\/span><\/p>\n<figure id=\"attachment_1078\" aria-describedby=\"caption-attachment-1078\" style=\"width: 300px\" class=\"wp-caption aligncenter\"><a href=\"http:\/\/www.lesouvenirfrancais-saintchinian.fr\/wp-content\/uploads\/2018\/04\/Camp-des-Milles-7.jpg\"><img loading=\"lazy\" decoding=\"async\" class=\"size-medium wp-image-1078\" src=\"http:\/\/www.lesouvenirfrancais-saintchinian.fr\/wp-content\/uploads\/2018\/04\/Camp-des-Milles-7-300x200.jpg\" alt=\"\" width=\"300\" height=\"200\" srcset=\"https:\/\/www.lesouvenirfrancais-saintchinian.fr\/wp-content\/uploads\/2018\/04\/Camp-des-Milles-7-300x200.jpg 300w, https:\/\/www.lesouvenirfrancais-saintchinian.fr\/wp-content\/uploads\/2018\/04\/Camp-des-Milles-7-768x512.jpg 768w, https:\/\/www.lesouvenirfrancais-saintchinian.fr\/wp-content\/uploads\/2018\/04\/Camp-des-Milles-7-1024x682.jpg 1024w, https:\/\/www.lesouvenirfrancais-saintchinian.fr\/wp-content\/uploads\/2018\/04\/Camp-des-Milles-7-940x626.jpg 940w, https:\/\/www.lesouvenirfrancais-saintchinian.fr\/wp-content\/uploads\/2018\/04\/Camp-des-Milles-7.jpg 1181w\" sizes=\"auto, (max-width: 300px) 100vw, 300px\" \/><\/a><figcaption id=\"caption-attachment-1078\" class=\"wp-caption-text\">Camp des Milles.<\/figcaption><\/figure>\n<p><span style=\"font-family: Arial, sans-serif;\"><span style=\"font-size: large;\">A l&rsquo;issue de la visite, chaque \u00e9l\u00e8ve s&rsquo;est vu remettre \u00ab\u00a0le petit manuel de survie d\u00e9mocratique\u00a0\u00bb par les conf\u00e9renci\u00e8res.<\/span><\/span><\/p>\n<figure id=\"attachment_1082\" aria-describedby=\"caption-attachment-1082\" style=\"width: 300px\" class=\"wp-caption aligncenter\"><a href=\"http:\/\/www.lesouvenirfrancais-saintchinian.fr\/wp-content\/uploads\/2018\/04\/Camp-des-Milles-11.jpg\"><img loading=\"lazy\" decoding=\"async\" class=\"size-medium wp-image-1082\" src=\"http:\/\/www.lesouvenirfrancais-saintchinian.fr\/wp-content\/uploads\/2018\/04\/Camp-des-Milles-11-300x168.jpg\" alt=\"\" width=\"300\" height=\"168\" srcset=\"https:\/\/www.lesouvenirfrancais-saintchinian.fr\/wp-content\/uploads\/2018\/04\/Camp-des-Milles-11-300x168.jpg 300w, https:\/\/www.lesouvenirfrancais-saintchinian.fr\/wp-content\/uploads\/2018\/04\/Camp-des-Milles-11-768x431.jpg 768w, https:\/\/www.lesouvenirfrancais-saintchinian.fr\/wp-content\/uploads\/2018\/04\/Camp-des-Milles-11-1024x575.jpg 1024w, https:\/\/www.lesouvenirfrancais-saintchinian.fr\/wp-content\/uploads\/2018\/04\/Camp-des-Milles-11-940x528.jpg 940w, https:\/\/www.lesouvenirfrancais-saintchinian.fr\/wp-content\/uploads\/2018\/04\/Camp-des-Milles-11.jpg 1181w\" sizes=\"auto, (max-width: 300px) 100vw, 300px\" \/><\/a><figcaption id=\"caption-attachment-1082\" class=\"wp-caption-text\">Camp des Milles, le wagon.<\/figcaption><\/figure>\n<p>&nbsp;<\/p>\n<figure id=\"attachment_1081\" aria-describedby=\"caption-attachment-1081\" style=\"width: 300px\" class=\"wp-caption aligncenter\"><a href=\"http:\/\/www.lesouvenirfrancais-saintchinian.fr\/wp-content\/uploads\/2018\/04\/Camp-des-Milles-10.jpg\"><img loading=\"lazy\" decoding=\"async\" class=\"size-medium wp-image-1081\" src=\"http:\/\/www.lesouvenirfrancais-saintchinian.fr\/wp-content\/uploads\/2018\/04\/Camp-des-Milles-10-300x168.jpg\" alt=\"\" width=\"300\" height=\"168\" srcset=\"https:\/\/www.lesouvenirfrancais-saintchinian.fr\/wp-content\/uploads\/2018\/04\/Camp-des-Milles-10-300x168.jpg 300w, https:\/\/www.lesouvenirfrancais-saintchinian.fr\/wp-content\/uploads\/2018\/04\/Camp-des-Milles-10-768x431.jpg 768w, https:\/\/www.lesouvenirfrancais-saintchinian.fr\/wp-content\/uploads\/2018\/04\/Camp-des-Milles-10-1024x575.jpg 1024w, https:\/\/www.lesouvenirfrancais-saintchinian.fr\/wp-content\/uploads\/2018\/04\/Camp-des-Milles-10-940x528.jpg 940w, https:\/\/www.lesouvenirfrancais-saintchinian.fr\/wp-content\/uploads\/2018\/04\/Camp-des-Milles-10.jpg 1181w\" sizes=\"auto, (max-width: 300px) 100vw, 300px\" \/><\/a><figcaption id=\"caption-attachment-1081\" class=\"wp-caption-text\">Camp des Milles<\/figcaption><\/figure>\n<p><span style=\"font-family: Arial, sans-serif;\"><span style=\"font-size: large;\">Merci \u00e0 toutes celles et ceux qui nous soutiennent, sans lesquels ce type d&rsquo;actions de m\u00e9moire ne pourraient avoir lieu.<\/span><\/span><\/p>\n<p><span style=\"font-family: Arial, sans-serif;\"><span style=\"font-size: large;\">Pour en savoir plus, n&rsquo;h\u00e9sitez pas \u00e0 vous connecter sur le site du Camp des Milles.<\/span><\/span><\/p>\n<p><span style=\"font-family: Arial, sans-serif;\"><span style=\"color: #0066cc; font-size: large;\"><a href=\"http:\/\/www.campdesmilles.org\/\">http:\/\/www.campdesmilles.org\/<\/a><\/span><\/span><\/p>\n<p><span style=\"font-family: Arial, sans-serif;\"><span style=\"font-size: large;\">H\u00e9l\u00e8ne Godia<br \/>\n<\/span><\/span><span style=\"font-family: Arial, sans-serif;\"><span style=\"font-size: large;\">Tr\u00e9sori\u00e8re.<\/span><\/span><\/p>\n","protected":false},"excerpt":{"rendered":"<p>Le 5 avril 2018, cinquante sept \u00e9l\u00e8ves des coll\u00e8ges Jean Jaur\u00e8s de Saint-Chinian et Basile Rouaix de Cessenon ont particip\u00e9 \u00e0 la journ\u00e9e p\u00e9dagogique au \u00ab\u00a0Camps des Milles\u00a0\u00bb, situ\u00e9 entre Aix en Provence et Marseille. Cette journ\u00e9e \u00e9tait \u00e0 l&rsquo;initiative &#8230; <a class=\"more-link\" href=\"https:\/\/www.lesouvenirfrancais-saintchinian.fr\/?p=1083\">Read More &raquo;<\/a><\/p>\n","protected":false},"author":321,"featured_media":0,"comment_status":"closed","ping_status":"closed","sticky":false,"template":"","format":"standard","meta":{"footnotes":""},"categories":[3],"tags":[],"class_list":["post-1083","post","type-post","status-publish","format-standard","hentry","category-manifestations-et-actions"],"_links":{"self":[{"href":"https:\/\/www.lesouvenirfrancais-saintchinian.fr\/index.php?rest_route=\/wp\/v2\/posts\/1083","targetHints":{"allow":["GET"]}}],"collection":[{"href":"https:\/\/www.lesouvenirfrancais-saintchinian.fr\/index.php?rest_route=\/wp\/v2\/posts"}],"about":[{"href":"https:\/\/www.lesouvenirfrancais-saintchinian.fr\/index.php?rest_route=\/wp\/v2\/types\/post"}],"author":[{"embeddable":true,"href":"https:\/\/www.lesouvenirfrancais-saintchinian.fr\/index.php?rest_route=\/wp\/v2\/users\/321"}],"replies":[{"embeddable":true,"href":"https:\/\/www.lesouvenirfrancais-saintchinian.fr\/index.php?rest_route=%2Fwp%2Fv2%2Fcomments&post=1083"}],"version-history":[{"count":1,"href":"https:\/\/www.lesouvenirfrancais-saintchinian.fr\/index.php?rest_route=\/wp\/v2\/posts\/1083\/revisions"}],"predecessor-version":[{"id":1084,"href":"https:\/\/www.lesouvenirfrancais-saintchinian.fr\/index.php?rest_route=\/wp\/v2\/posts\/1083\/revisions\/1084"}],"wp:attachment":[{"href":"https:\/\/www.lesouvenirfrancais-saintchinian.fr\/index.php?rest_route=%2Fwp%2Fv2%2Fmedia&parent=1083"}],"wp:term":[{"taxonomy":"category","embeddable":true,"href":"https:\/\/www.lesouvenirfrancais-saintchinian.fr\/index.php?rest_route=%2Fwp%2Fv2%2Fcategories&post=1083"},{"taxonomy":"post_tag","embeddable":true,"href":"https:\/\/www.lesouvenirfrancais-saintchinian.fr\/index.php?rest_route=%2Fwp%2Fv2%2Ftags&post=1083"}],"curies":[{"name":"wp","href":"https:\/\/api.w.org\/{rel}","templated":true}]}}