{"id":1088,"date":"2018-05-11T17:23:53","date_gmt":"2018-05-11T16:23:53","guid":{"rendered":"http:\/\/www.lesouvenirfrancais-saintchinian.fr\/?p=1088"},"modified":"2018-05-11T17:23:53","modified_gmt":"2018-05-11T16:23:53","slug":"ceremonies-du-8-mai-2018-a-babeau-bouldoux-pierrerue-et-saint-chinian","status":"publish","type":"post","link":"https:\/\/www.lesouvenirfrancais-saintchinian.fr\/?p=1088","title":{"rendered":"C\u00e9r\u00e9monies du 8 mai 2018 \u00e0 Babeau-Bouldoux, Pierrerue et Saint-Chinian"},"content":{"rendered":"<p>Afin d&rsquo;\u00e9viter d&rsquo;\u00eatre r\u00e9p\u00e9titif, voici sous forme de reportage photos les c\u00e9r\u00e9monies auxquelles nous avons particip\u00e9 cette ann\u00e9e.<\/p>\n<p>Une page suivante sera consacr\u00e9e \u00e0 Prades sur Vernazobre car outre le 8 mai, la commune a r\u00e9ceptionn\u00e9 le monument aux morts r\u00e9nov\u00e9 par notre comit\u00e9.<\/p>\n<p><strong>Saint-Chinian, 8 mai\u00a0 2018, 10h15 devant le monument aux morts du jardin de la Mairie.<\/strong><\/p>\n<figure id=\"attachment_1091\" aria-describedby=\"caption-attachment-1091\" style=\"width: 300px\" class=\"wp-caption aligncenter\"><a href=\"http:\/\/www.lesouvenirfrancais-saintchinian.fr\/wp-content\/uploads\/2018\/05\/8-mai-St-Chinian-3.jpg\"><img loading=\"lazy\" decoding=\"async\" class=\"size-medium wp-image-1091\" src=\"http:\/\/www.lesouvenirfrancais-saintchinian.fr\/wp-content\/uploads\/2018\/05\/8-mai-St-Chinian-3-300x225.jpg\" alt=\"\" width=\"300\" height=\"225\" srcset=\"https:\/\/www.lesouvenirfrancais-saintchinian.fr\/wp-content\/uploads\/2018\/05\/8-mai-St-Chinian-3-300x225.jpg 300w, https:\/\/www.lesouvenirfrancais-saintchinian.fr\/wp-content\/uploads\/2018\/05\/8-mai-St-Chinian-3-768x576.jpg 768w, https:\/\/www.lesouvenirfrancais-saintchinian.fr\/wp-content\/uploads\/2018\/05\/8-mai-St-Chinian-3-1024x768.jpg 1024w, https:\/\/www.lesouvenirfrancais-saintchinian.fr\/wp-content\/uploads\/2018\/05\/8-mai-St-Chinian-3-940x705.jpg 940w, https:\/\/www.lesouvenirfrancais-saintchinian.fr\/wp-content\/uploads\/2018\/05\/8-mai-St-Chinian-3.jpg 1575w\" sizes=\"auto, (max-width: 300px) 100vw, 300px\" \/><\/a><figcaption id=\"caption-attachment-1091\" class=\"wp-caption-text\">8 mai St Chinian.<br \/>Les Sapeurs-Pompiers, gendarme et partie des \u00e9lus.<\/figcaption><\/figure>\n<figure id=\"attachment_1090\" aria-describedby=\"caption-attachment-1090\" style=\"width: 300px\" class=\"wp-caption aligncenter\"><a href=\"http:\/\/www.lesouvenirfrancais-saintchinian.fr\/wp-content\/uploads\/2018\/05\/8-mai-St-Chinian-2.jpg\"><img loading=\"lazy\" decoding=\"async\" class=\"size-medium wp-image-1090\" src=\"http:\/\/www.lesouvenirfrancais-saintchinian.fr\/wp-content\/uploads\/2018\/05\/8-mai-St-Chinian-2-300x225.jpg\" alt=\"\" width=\"300\" height=\"225\" srcset=\"https:\/\/www.lesouvenirfrancais-saintchinian.fr\/wp-content\/uploads\/2018\/05\/8-mai-St-Chinian-2-300x225.jpg 300w, https:\/\/www.lesouvenirfrancais-saintchinian.fr\/wp-content\/uploads\/2018\/05\/8-mai-St-Chinian-2-768x576.jpg 768w, https:\/\/www.lesouvenirfrancais-saintchinian.fr\/wp-content\/uploads\/2018\/05\/8-mai-St-Chinian-2-1024x768.jpg 1024w, https:\/\/www.lesouvenirfrancais-saintchinian.fr\/wp-content\/uploads\/2018\/05\/8-mai-St-Chinian-2-940x705.jpg 940w, https:\/\/www.lesouvenirfrancais-saintchinian.fr\/wp-content\/uploads\/2018\/05\/8-mai-St-Chinian-2.jpg 1575w\" sizes=\"auto, (max-width: 300px) 100vw, 300px\" \/><\/a><figcaption id=\"caption-attachment-1090\" class=\"wp-caption-text\">8 mai St Chinian, les Porte-drapeau.<\/figcaption><\/figure>\n<figure id=\"attachment_1092\" aria-describedby=\"caption-attachment-1092\" style=\"width: 300px\" class=\"wp-caption aligncenter\"><a href=\"http:\/\/www.lesouvenirfrancais-saintchinian.fr\/wp-content\/uploads\/2018\/05\/8-mai-St-Chinian-4.jpg\"><img loading=\"lazy\" decoding=\"async\" class=\"size-medium wp-image-1092\" src=\"http:\/\/www.lesouvenirfrancais-saintchinian.fr\/wp-content\/uploads\/2018\/05\/8-mai-St-Chinian-4-300x225.jpg\" alt=\"\" width=\"300\" height=\"225\" srcset=\"https:\/\/www.lesouvenirfrancais-saintchinian.fr\/wp-content\/uploads\/2018\/05\/8-mai-St-Chinian-4-300x225.jpg 300w, https:\/\/www.lesouvenirfrancais-saintchinian.fr\/wp-content\/uploads\/2018\/05\/8-mai-St-Chinian-4-768x576.jpg 768w, https:\/\/www.lesouvenirfrancais-saintchinian.fr\/wp-content\/uploads\/2018\/05\/8-mai-St-Chinian-4-1024x768.jpg 1024w, https:\/\/www.lesouvenirfrancais-saintchinian.fr\/wp-content\/uploads\/2018\/05\/8-mai-St-Chinian-4-940x705.jpg 940w, https:\/\/www.lesouvenirfrancais-saintchinian.fr\/wp-content\/uploads\/2018\/05\/8-mai-St-Chinian-4.jpg 1575w\" sizes=\"auto, (max-width: 300px) 100vw, 300px\" \/><\/a><figcaption id=\"caption-attachment-1092\" class=\"wp-caption-text\">8 mai St Chinian, discours d&rsquo;Eric P\u00e9r\u00e8s, Pr\u00e9sident du comit\u00e9.<\/figcaption><\/figure>\n<figure id=\"attachment_1094\" aria-describedby=\"caption-attachment-1094\" style=\"width: 300px\" class=\"wp-caption aligncenter\"><a href=\"http:\/\/www.lesouvenirfrancais-saintchinian.fr\/wp-content\/uploads\/2018\/05\/DSC04018.jpg\"><img loading=\"lazy\" decoding=\"async\" class=\"size-medium wp-image-1094\" src=\"http:\/\/www.lesouvenirfrancais-saintchinian.fr\/wp-content\/uploads\/2018\/05\/DSC04018-300x225.jpg\" alt=\"8 mai St Chinian\" width=\"300\" height=\"225\" srcset=\"https:\/\/www.lesouvenirfrancais-saintchinian.fr\/wp-content\/uploads\/2018\/05\/DSC04018-300x225.jpg 300w, https:\/\/www.lesouvenirfrancais-saintchinian.fr\/wp-content\/uploads\/2018\/05\/DSC04018-768x576.jpg 768w, https:\/\/www.lesouvenirfrancais-saintchinian.fr\/wp-content\/uploads\/2018\/05\/DSC04018-1024x768.jpg 1024w, https:\/\/www.lesouvenirfrancais-saintchinian.fr\/wp-content\/uploads\/2018\/05\/DSC04018-940x705.jpg 940w\" sizes=\"auto, (max-width: 300px) 100vw, 300px\" \/><\/a><figcaption id=\"caption-attachment-1094\" class=\"wp-caption-text\">Saint-Chinian le 8 mai 2018, discours du Commandant Andr\u00e9 Gilles, Pr\u00e9sident des anciens combattants et m\u00e9daill\u00e9s militaire du St Chinianais.<\/figcaption><\/figure>\n<figure id=\"attachment_1093\" aria-describedby=\"caption-attachment-1093\" style=\"width: 300px\" class=\"wp-caption aligncenter\"><a href=\"http:\/\/www.lesouvenirfrancais-saintchinian.fr\/wp-content\/uploads\/2018\/05\/8-mai-St-Chinian-5.jpg\"><img loading=\"lazy\" decoding=\"async\" class=\"size-medium wp-image-1093\" src=\"http:\/\/www.lesouvenirfrancais-saintchinian.fr\/wp-content\/uploads\/2018\/05\/8-mai-St-Chinian-5-300x225.jpg\" alt=\"\" width=\"300\" height=\"225\" srcset=\"https:\/\/www.lesouvenirfrancais-saintchinian.fr\/wp-content\/uploads\/2018\/05\/8-mai-St-Chinian-5-300x225.jpg 300w, https:\/\/www.lesouvenirfrancais-saintchinian.fr\/wp-content\/uploads\/2018\/05\/8-mai-St-Chinian-5-768x576.jpg 768w, https:\/\/www.lesouvenirfrancais-saintchinian.fr\/wp-content\/uploads\/2018\/05\/8-mai-St-Chinian-5-1024x768.jpg 1024w, https:\/\/www.lesouvenirfrancais-saintchinian.fr\/wp-content\/uploads\/2018\/05\/8-mai-St-Chinian-5-940x705.jpg 940w, https:\/\/www.lesouvenirfrancais-saintchinian.fr\/wp-content\/uploads\/2018\/05\/8-mai-St-Chinian-5.jpg 1575w\" sizes=\"auto, (max-width: 300px) 100vw, 300px\" \/><\/a><figcaption id=\"caption-attachment-1093\" class=\"wp-caption-text\">Saint-Chinian le 8 mai 2018, discours de Monsieur le Maire, Bruno Enjalbert.<\/figcaption><\/figure>\n<p><strong>Babeau-Bouldoux, 8 mai\u00a0 2018, 11h15 devant le monument aux morts<\/strong><strong>.<\/strong><\/p>\n<figure id=\"attachment_1098\" aria-describedby=\"caption-attachment-1098\" style=\"width: 300px\" class=\"wp-caption aligncenter\"><a href=\"http:\/\/www.lesouvenirfrancais-saintchinian.fr\/wp-content\/uploads\/2018\/05\/8-mai-Babeau-6.jpg\"><img loading=\"lazy\" decoding=\"async\" class=\"size-medium wp-image-1098\" src=\"http:\/\/www.lesouvenirfrancais-saintchinian.fr\/wp-content\/uploads\/2018\/05\/8-mai-Babeau-6-300x225.jpg\" alt=\"\" width=\"300\" height=\"225\" srcset=\"https:\/\/www.lesouvenirfrancais-saintchinian.fr\/wp-content\/uploads\/2018\/05\/8-mai-Babeau-6-300x225.jpg 300w, https:\/\/www.lesouvenirfrancais-saintchinian.fr\/wp-content\/uploads\/2018\/05\/8-mai-Babeau-6-768x576.jpg 768w, https:\/\/www.lesouvenirfrancais-saintchinian.fr\/wp-content\/uploads\/2018\/05\/8-mai-Babeau-6-1024x768.jpg 1024w, https:\/\/www.lesouvenirfrancais-saintchinian.fr\/wp-content\/uploads\/2018\/05\/8-mai-Babeau-6-940x705.jpg 940w, https:\/\/www.lesouvenirfrancais-saintchinian.fr\/wp-content\/uploads\/2018\/05\/8-mai-Babeau-6.jpg 1575w\" sizes=\"auto, (max-width: 300px) 100vw, 300px\" \/><\/a><figcaption id=\"caption-attachment-1098\" class=\"wp-caption-text\">Babeau, 8 mai 2018,une partie des participants<\/figcaption><\/figure>\n<figure id=\"attachment_1099\" aria-describedby=\"caption-attachment-1099\" style=\"width: 300px\" class=\"wp-caption aligncenter\"><a href=\"http:\/\/www.lesouvenirfrancais-saintchinian.fr\/wp-content\/uploads\/2018\/05\/8-mai-Babeau-1.jpg\"><img loading=\"lazy\" decoding=\"async\" class=\"size-medium wp-image-1099\" src=\"http:\/\/www.lesouvenirfrancais-saintchinian.fr\/wp-content\/uploads\/2018\/05\/8-mai-Babeau-1-300x225.jpg\" alt=\"\" width=\"300\" height=\"225\" srcset=\"https:\/\/www.lesouvenirfrancais-saintchinian.fr\/wp-content\/uploads\/2018\/05\/8-mai-Babeau-1-300x225.jpg 300w, https:\/\/www.lesouvenirfrancais-saintchinian.fr\/wp-content\/uploads\/2018\/05\/8-mai-Babeau-1-768x576.jpg 768w, https:\/\/www.lesouvenirfrancais-saintchinian.fr\/wp-content\/uploads\/2018\/05\/8-mai-Babeau-1-1024x768.jpg 1024w, https:\/\/www.lesouvenirfrancais-saintchinian.fr\/wp-content\/uploads\/2018\/05\/8-mai-Babeau-1-940x705.jpg 940w, https:\/\/www.lesouvenirfrancais-saintchinian.fr\/wp-content\/uploads\/2018\/05\/8-mai-Babeau-1.jpg 1575w\" sizes=\"auto, (max-width: 300px) 100vw, 300px\" \/><\/a><figcaption id=\"caption-attachment-1099\" class=\"wp-caption-text\">Babeau, 8 mai 2018, mont\u00e9e des couleur par Laurie, lyc\u00e9enne et Delphine, Sapeur-Pompier.<\/figcaption><\/figure>\n<p>&nbsp;<\/p>\n<figure id=\"attachment_1095\" aria-describedby=\"caption-attachment-1095\" style=\"width: 300px\" class=\"wp-caption aligncenter\"><a href=\"http:\/\/www.lesouvenirfrancais-saintchinian.fr\/wp-content\/uploads\/2018\/05\/8-mai-Babeau-2.jpg\"><img loading=\"lazy\" decoding=\"async\" class=\"size-medium wp-image-1095\" src=\"http:\/\/www.lesouvenirfrancais-saintchinian.fr\/wp-content\/uploads\/2018\/05\/8-mai-Babeau-2-300x225.jpg\" alt=\"\" width=\"300\" height=\"225\" srcset=\"https:\/\/www.lesouvenirfrancais-saintchinian.fr\/wp-content\/uploads\/2018\/05\/8-mai-Babeau-2-300x225.jpg 300w, https:\/\/www.lesouvenirfrancais-saintchinian.fr\/wp-content\/uploads\/2018\/05\/8-mai-Babeau-2-768x576.jpg 768w, https:\/\/www.lesouvenirfrancais-saintchinian.fr\/wp-content\/uploads\/2018\/05\/8-mai-Babeau-2-1024x768.jpg 1024w, https:\/\/www.lesouvenirfrancais-saintchinian.fr\/wp-content\/uploads\/2018\/05\/8-mai-Babeau-2-940x705.jpg 940w, https:\/\/www.lesouvenirfrancais-saintchinian.fr\/wp-content\/uploads\/2018\/05\/8-mai-Babeau-2.jpg 1575w\" sizes=\"auto, (max-width: 300px) 100vw, 300px\" \/><\/a><figcaption id=\"caption-attachment-1095\" class=\"wp-caption-text\">Babeau, 8 mai 2018, d\u00e9p\u00f4t de gerbes par Laurie, lyc\u00e9enne et Chlo\u00e9, coll\u00e9gienne.<\/figcaption><\/figure>\n<figure id=\"attachment_1096\" aria-describedby=\"caption-attachment-1096\" style=\"width: 300px\" class=\"wp-caption aligncenter\"><a href=\"http:\/\/www.lesouvenirfrancais-saintchinian.fr\/wp-content\/uploads\/2018\/05\/8-mai-Babeau-4.jpg\"><img loading=\"lazy\" decoding=\"async\" class=\"size-medium wp-image-1096\" src=\"http:\/\/www.lesouvenirfrancais-saintchinian.fr\/wp-content\/uploads\/2018\/05\/8-mai-Babeau-4-300x225.jpg\" alt=\"\" width=\"300\" height=\"225\" srcset=\"https:\/\/www.lesouvenirfrancais-saintchinian.fr\/wp-content\/uploads\/2018\/05\/8-mai-Babeau-4-300x225.jpg 300w, https:\/\/www.lesouvenirfrancais-saintchinian.fr\/wp-content\/uploads\/2018\/05\/8-mai-Babeau-4-768x576.jpg 768w, https:\/\/www.lesouvenirfrancais-saintchinian.fr\/wp-content\/uploads\/2018\/05\/8-mai-Babeau-4-1024x768.jpg 1024w, https:\/\/www.lesouvenirfrancais-saintchinian.fr\/wp-content\/uploads\/2018\/05\/8-mai-Babeau-4-940x705.jpg 940w, https:\/\/www.lesouvenirfrancais-saintchinian.fr\/wp-content\/uploads\/2018\/05\/8-mai-Babeau-4.jpg 1575w\" sizes=\"auto, (max-width: 300px) 100vw, 300px\" \/><\/a><figcaption id=\"caption-attachment-1096\" class=\"wp-caption-text\">Babeau, 8 mai 2018, discours d&rsquo;Eric P\u00e9r\u00e8s, Pr\u00e9sident du Comit\u00e9.<\/figcaption><\/figure>\n<p>&nbsp;<\/p>\n<figure id=\"attachment_1097\" aria-describedby=\"caption-attachment-1097\" style=\"width: 300px\" class=\"wp-caption aligncenter\"><a href=\"http:\/\/www.lesouvenirfrancais-saintchinian.fr\/wp-content\/uploads\/2018\/05\/8-mai-Babeau-5.jpg\"><img loading=\"lazy\" decoding=\"async\" class=\"size-medium wp-image-1097\" src=\"http:\/\/www.lesouvenirfrancais-saintchinian.fr\/wp-content\/uploads\/2018\/05\/8-mai-Babeau-5-300x225.jpg\" alt=\"\" width=\"300\" height=\"225\" srcset=\"https:\/\/www.lesouvenirfrancais-saintchinian.fr\/wp-content\/uploads\/2018\/05\/8-mai-Babeau-5-300x225.jpg 300w, https:\/\/www.lesouvenirfrancais-saintchinian.fr\/wp-content\/uploads\/2018\/05\/8-mai-Babeau-5-768x576.jpg 768w, https:\/\/www.lesouvenirfrancais-saintchinian.fr\/wp-content\/uploads\/2018\/05\/8-mai-Babeau-5-1024x768.jpg 1024w, https:\/\/www.lesouvenirfrancais-saintchinian.fr\/wp-content\/uploads\/2018\/05\/8-mai-Babeau-5-940x705.jpg 940w, https:\/\/www.lesouvenirfrancais-saintchinian.fr\/wp-content\/uploads\/2018\/05\/8-mai-Babeau-5.jpg 1575w\" sizes=\"auto, (max-width: 300px) 100vw, 300px\" \/><\/a><figcaption id=\"caption-attachment-1097\" class=\"wp-caption-text\">Babeau, 8 mai 2018, discours de Monsieur le Maire J\u00e9r\u00f4me Roger.<\/figcaption><\/figure>\n<p>Un ap\u00e9ritif, offert par la commune \u00e9tait servi dans la salle des f\u00eates.<\/p>\n<p><strong>Pierrerue, le 8 mai <\/strong><strong>2018, 11h15 devant le monument aux morts et carr\u00e9 militaire, cimeti\u00e8re.<\/strong><\/p>\n<figure id=\"attachment_1101\" aria-describedby=\"caption-attachment-1101\" style=\"width: 300px\" class=\"wp-caption aligncenter\"><a href=\"http:\/\/www.lesouvenirfrancais-saintchinian.fr\/wp-content\/uploads\/2018\/05\/8-mai-Pierrerue-2.jpg\"><img loading=\"lazy\" decoding=\"async\" class=\"size-medium wp-image-1101\" src=\"http:\/\/www.lesouvenirfrancais-saintchinian.fr\/wp-content\/uploads\/2018\/05\/8-mai-Pierrerue-2-300x225.jpg\" alt=\"\" width=\"300\" height=\"225\" srcset=\"https:\/\/www.lesouvenirfrancais-saintchinian.fr\/wp-content\/uploads\/2018\/05\/8-mai-Pierrerue-2-300x225.jpg 300w, https:\/\/www.lesouvenirfrancais-saintchinian.fr\/wp-content\/uploads\/2018\/05\/8-mai-Pierrerue-2-768x576.jpg 768w, https:\/\/www.lesouvenirfrancais-saintchinian.fr\/wp-content\/uploads\/2018\/05\/8-mai-Pierrerue-2-1024x768.jpg 1024w, https:\/\/www.lesouvenirfrancais-saintchinian.fr\/wp-content\/uploads\/2018\/05\/8-mai-Pierrerue-2-940x705.jpg 940w, https:\/\/www.lesouvenirfrancais-saintchinian.fr\/wp-content\/uploads\/2018\/05\/8-mai-Pierrerue-2.jpg 1575w\" sizes=\"auto, (max-width: 300px) 100vw, 300px\" \/><\/a><figcaption id=\"caption-attachment-1101\" class=\"wp-caption-text\">Le 8 mai, Pierrerue, Porte-drapeau, Sapeur-pompier, gendarme.<\/figcaption><\/figure>\n<figure id=\"attachment_1100\" aria-describedby=\"caption-attachment-1100\" style=\"width: 300px\" class=\"wp-caption aligncenter\"><a href=\"http:\/\/www.lesouvenirfrancais-saintchinian.fr\/wp-content\/uploads\/2018\/05\/8-mai-Pierrerue-1.jpg\"><img loading=\"lazy\" decoding=\"async\" class=\"size-medium wp-image-1100\" src=\"http:\/\/www.lesouvenirfrancais-saintchinian.fr\/wp-content\/uploads\/2018\/05\/8-mai-Pierrerue-1-300x169.jpg\" alt=\"\" width=\"300\" height=\"169\" srcset=\"https:\/\/www.lesouvenirfrancais-saintchinian.fr\/wp-content\/uploads\/2018\/05\/8-mai-Pierrerue-1-300x169.jpg 300w, https:\/\/www.lesouvenirfrancais-saintchinian.fr\/wp-content\/uploads\/2018\/05\/8-mai-Pierrerue-1-768x432.jpg 768w, https:\/\/www.lesouvenirfrancais-saintchinian.fr\/wp-content\/uploads\/2018\/05\/8-mai-Pierrerue-1-1024x576.jpg 1024w, https:\/\/www.lesouvenirfrancais-saintchinian.fr\/wp-content\/uploads\/2018\/05\/8-mai-Pierrerue-1-940x529.jpg 940w, https:\/\/www.lesouvenirfrancais-saintchinian.fr\/wp-content\/uploads\/2018\/05\/8-mai-Pierrerue-1.jpg 1575w\" sizes=\"auto, (max-width: 300px) 100vw, 300px\" \/><\/a><figcaption id=\"caption-attachment-1100\" class=\"wp-caption-text\">Le 8 mai, Pierrerue, d\u00e9p\u00f4t de gerbes par H\u00e9l\u00e8ne Godia, Tr\u00e9sori\u00e8re du Comit\u00e9 et Monsieur le Maire, Pierre Bardy.<\/figcaption><\/figure>\n<p>&nbsp;<\/p>\n<figure id=\"attachment_1102\" aria-describedby=\"caption-attachment-1102\" style=\"width: 300px\" class=\"wp-caption aligncenter\"><a href=\"http:\/\/www.lesouvenirfrancais-saintchinian.fr\/wp-content\/uploads\/2018\/05\/8-mai-Pierrerue-3.jpg\"><img loading=\"lazy\" decoding=\"async\" class=\"size-medium wp-image-1102\" src=\"http:\/\/www.lesouvenirfrancais-saintchinian.fr\/wp-content\/uploads\/2018\/05\/8-mai-Pierrerue-3-300x225.jpg\" alt=\"\" width=\"300\" height=\"225\" srcset=\"https:\/\/www.lesouvenirfrancais-saintchinian.fr\/wp-content\/uploads\/2018\/05\/8-mai-Pierrerue-3-300x225.jpg 300w, https:\/\/www.lesouvenirfrancais-saintchinian.fr\/wp-content\/uploads\/2018\/05\/8-mai-Pierrerue-3-768x576.jpg 768w, https:\/\/www.lesouvenirfrancais-saintchinian.fr\/wp-content\/uploads\/2018\/05\/8-mai-Pierrerue-3-1024x768.jpg 1024w, https:\/\/www.lesouvenirfrancais-saintchinian.fr\/wp-content\/uploads\/2018\/05\/8-mai-Pierrerue-3-940x705.jpg 940w, https:\/\/www.lesouvenirfrancais-saintchinian.fr\/wp-content\/uploads\/2018\/05\/8-mai-Pierrerue-3.jpg 1575w\" sizes=\"auto, (max-width: 300px) 100vw, 300px\" \/><\/a><figcaption id=\"caption-attachment-1102\" class=\"wp-caption-text\">Le 8 mai, Pierrerue, discours par H\u00e9l\u00e8ne Godia, Tr\u00e9sori\u00e8re du Comit\u00e9. Autre partie des Porte-drapeau.<\/figcaption><\/figure>\n<figure id=\"attachment_1103\" aria-describedby=\"caption-attachment-1103\" style=\"width: 300px\" class=\"wp-caption aligncenter\"><a href=\"http:\/\/www.lesouvenirfrancais-saintchinian.fr\/wp-content\/uploads\/2018\/05\/8-mai-Pierrerue-4.jpg\"><img loading=\"lazy\" decoding=\"async\" class=\"size-medium wp-image-1103\" src=\"http:\/\/www.lesouvenirfrancais-saintchinian.fr\/wp-content\/uploads\/2018\/05\/8-mai-Pierrerue-4-300x225.jpg\" alt=\"\" width=\"300\" height=\"225\" srcset=\"https:\/\/www.lesouvenirfrancais-saintchinian.fr\/wp-content\/uploads\/2018\/05\/8-mai-Pierrerue-4-300x225.jpg 300w, https:\/\/www.lesouvenirfrancais-saintchinian.fr\/wp-content\/uploads\/2018\/05\/8-mai-Pierrerue-4-768x576.jpg 768w, https:\/\/www.lesouvenirfrancais-saintchinian.fr\/wp-content\/uploads\/2018\/05\/8-mai-Pierrerue-4-1024x768.jpg 1024w, https:\/\/www.lesouvenirfrancais-saintchinian.fr\/wp-content\/uploads\/2018\/05\/8-mai-Pierrerue-4-940x705.jpg 940w, https:\/\/www.lesouvenirfrancais-saintchinian.fr\/wp-content\/uploads\/2018\/05\/8-mai-Pierrerue-4.jpg 1575w\" sizes=\"auto, (max-width: 300px) 100vw, 300px\" \/><\/a><figcaption id=\"caption-attachment-1103\" class=\"wp-caption-text\">Le 8 mai, Pierrerue, discours de Monsieur Andr\u00e9 Gilles, Commandant, Pr\u00e9sident des anciens combattants et m\u00e9daillers militaire du St Chinianais.<\/figcaption><\/figure>\n<p>&nbsp;<\/p>\n<figure id=\"attachment_1105\" aria-describedby=\"caption-attachment-1105\" style=\"width: 300px\" class=\"wp-caption aligncenter\"><a href=\"http:\/\/www.lesouvenirfrancais-saintchinian.fr\/wp-content\/uploads\/2018\/05\/034.jpg\"><img loading=\"lazy\" decoding=\"async\" class=\"size-medium wp-image-1105\" src=\"http:\/\/www.lesouvenirfrancais-saintchinian.fr\/wp-content\/uploads\/2018\/05\/034-300x225.jpg\" alt=\"\" width=\"300\" height=\"225\" srcset=\"https:\/\/www.lesouvenirfrancais-saintchinian.fr\/wp-content\/uploads\/2018\/05\/034-300x225.jpg 300w, https:\/\/www.lesouvenirfrancais-saintchinian.fr\/wp-content\/uploads\/2018\/05\/034-768x576.jpg 768w, https:\/\/www.lesouvenirfrancais-saintchinian.fr\/wp-content\/uploads\/2018\/05\/034-1024x768.jpg 1024w, https:\/\/www.lesouvenirfrancais-saintchinian.fr\/wp-content\/uploads\/2018\/05\/034-940x705.jpg 940w\" sizes=\"auto, (max-width: 300px) 100vw, 300px\" \/><\/a><figcaption id=\"caption-attachment-1105\" class=\"wp-caption-text\">Le 8 mai, Pierrerue, discours de Monsieur le Maire, Pierre Bardy.<\/figcaption><\/figure>\n<p>&nbsp;<\/p>\n<figure id=\"attachment_1104\" aria-describedby=\"caption-attachment-1104\" style=\"width: 300px\" class=\"wp-caption aligncenter\"><a href=\"http:\/\/www.lesouvenirfrancais-saintchinian.fr\/wp-content\/uploads\/2018\/05\/8-mai-Pierrerue-5.jpg\"><img loading=\"lazy\" decoding=\"async\" class=\"size-medium wp-image-1104\" src=\"http:\/\/www.lesouvenirfrancais-saintchinian.fr\/wp-content\/uploads\/2018\/05\/8-mai-Pierrerue-5-300x225.jpg\" alt=\"\" width=\"300\" height=\"225\" srcset=\"https:\/\/www.lesouvenirfrancais-saintchinian.fr\/wp-content\/uploads\/2018\/05\/8-mai-Pierrerue-5-300x225.jpg 300w, https:\/\/www.lesouvenirfrancais-saintchinian.fr\/wp-content\/uploads\/2018\/05\/8-mai-Pierrerue-5-768x576.jpg 768w, https:\/\/www.lesouvenirfrancais-saintchinian.fr\/wp-content\/uploads\/2018\/05\/8-mai-Pierrerue-5-1024x768.jpg 1024w, https:\/\/www.lesouvenirfrancais-saintchinian.fr\/wp-content\/uploads\/2018\/05\/8-mai-Pierrerue-5-940x705.jpg 940w, https:\/\/www.lesouvenirfrancais-saintchinian.fr\/wp-content\/uploads\/2018\/05\/8-mai-Pierrerue-5.jpg 1575w\" sizes=\"auto, (max-width: 300px) 100vw, 300px\" \/><\/a><figcaption id=\"caption-attachment-1104\" class=\"wp-caption-text\">Le 8 mai, Pierrerue, remerciements aux Porte-drapeau et corps constitu\u00e9s.<\/figcaption><\/figure>\n<p>Un ap\u00e9ritif, offert par la commune \u00e9tait servi dans la salle des f\u00eates.<\/p>\n<p>Voir autre article pour Prades.<\/p>\n<p>Philippe Godia,<br \/>\nVice-pr\u00e9sident.<\/p>\n","protected":false},"excerpt":{"rendered":"<p>Afin d&rsquo;\u00e9viter d&rsquo;\u00eatre r\u00e9p\u00e9titif, voici sous forme de reportage photos les c\u00e9r\u00e9monies auxquelles nous avons particip\u00e9 cette ann\u00e9e. Une page suivante sera consacr\u00e9e \u00e0 Prades sur Vernazobre car outre le 8 mai, la commune a r\u00e9ceptionn\u00e9 le monument aux morts &#8230; <a class=\"more-link\" href=\"https:\/\/www.lesouvenirfrancais-saintchinian.fr\/?p=1088\">Read More &raquo;<\/a><\/p>\n","protected":false},"author":321,"featured_media":0,"comment_status":"closed","ping_status":"closed","sticky":false,"template":"","format":"standard","meta":{"footnotes":""},"categories":[3],"tags":[],"class_list":["post-1088","post","type-post","status-publish","format-standard","hentry","category-manifestations-et-actions"],"_links":{"self":[{"href":"https:\/\/www.lesouvenirfrancais-saintchinian.fr\/index.php?rest_route=\/wp\/v2\/posts\/1088","targetHints":{"allow":["GET"]}}],"collection":[{"href":"https:\/\/www.lesouvenirfrancais-saintchinian.fr\/index.php?rest_route=\/wp\/v2\/posts"}],"about":[{"href":"https:\/\/www.lesouvenirfrancais-saintchinian.fr\/index.php?rest_route=\/wp\/v2\/types\/post"}],"author":[{"embeddable":true,"href":"https:\/\/www.lesouvenirfrancais-saintchinian.fr\/index.php?rest_route=\/wp\/v2\/users\/321"}],"replies":[{"embeddable":true,"href":"https:\/\/www.lesouvenirfrancais-saintchinian.fr\/index.php?rest_route=%2Fwp%2Fv2%2Fcomments&post=1088"}],"version-history":[{"count":1,"href":"https:\/\/www.lesouvenirfrancais-saintchinian.fr\/index.php?rest_route=\/wp\/v2\/posts\/1088\/revisions"}],"predecessor-version":[{"id":1106,"href":"https:\/\/www.lesouvenirfrancais-saintchinian.fr\/index.php?rest_route=\/wp\/v2\/posts\/1088\/revisions\/1106"}],"wp:attachment":[{"href":"https:\/\/www.lesouvenirfrancais-saintchinian.fr\/index.php?rest_route=%2Fwp%2Fv2%2Fmedia&parent=1088"}],"wp:term":[{"taxonomy":"category","embeddable":true,"href":"https:\/\/www.lesouvenirfrancais-saintchinian.fr\/index.php?rest_route=%2Fwp%2Fv2%2Fcategories&post=1088"},{"taxonomy":"post_tag","embeddable":true,"href":"https:\/\/www.lesouvenirfrancais-saintchinian.fr\/index.php?rest_route=%2Fwp%2Fv2%2Ftags&post=1088"}],"curies":[{"name":"wp","href":"https:\/\/api.w.org\/{rel}","templated":true}]}}