{"id":1136,"date":"2018-06-02T14:41:23","date_gmt":"2018-06-02T13:41:23","guid":{"rendered":"http:\/\/www.lesouvenirfrancais-saintchinian.fr\/?p=1136"},"modified":"2018-06-02T14:41:23","modified_gmt":"2018-06-02T13:41:23","slug":"26-mai-2018-inauguration-du-monument-aux-morts-renove-de-prades-sur-vernazobre-et-de-son-memorial-numerique","status":"publish","type":"post","link":"https:\/\/www.lesouvenirfrancais-saintchinian.fr\/?p=1136","title":{"rendered":"26 mai 2018, inauguration du monument aux morts r\u00e9nov\u00e9 de Prades sur Vernazobre et de son m\u00e9morial num\u00e9rique."},"content":{"rendered":"<p style=\"text-align: left;\" align=\"CENTER\"><span style=\"font-family: Arial, sans-serif;\"><span style=\"font-size: medium;\">Rendez-vous \u00e9tait donn\u00e9 \u00e0 10h30 autour du monument afin de proc\u00e9der \u00e0 son inauguration ainsi qu&rsquo;a celle de son m\u00e9morial num\u00e9rique via son QR Code ainsi que la plaque en Occitan.<\/span><\/span><span style=\"font-family: Arial, sans-serif;\"><span style=\"font-size: medium;\">sur laquelle il est inscrit \u00ab\u00a0Paures Dr\u00f2lles\u00a0\u00bb Pauvres enfants en Fran\u00e7ais (remerciement \u00e0 Patrick Delmas)<\/span><\/span><\/p>\n<figure id=\"attachment_1139\" aria-describedby=\"caption-attachment-1139\" style=\"width: 300px\" class=\"wp-caption aligncenter\"><a href=\"http:\/\/www.lesouvenirfrancais-saintchinian.fr\/wp-content\/uploads\/2018\/06\/26-juin-2018-Prades-3.jpg\"><img loading=\"lazy\" decoding=\"async\" class=\"size-medium wp-image-1139\" src=\"http:\/\/www.lesouvenirfrancais-saintchinian.fr\/wp-content\/uploads\/2018\/06\/26-juin-2018-Prades-3-300x225.jpg\" alt=\"\" width=\"300\" height=\"225\" srcset=\"https:\/\/www.lesouvenirfrancais-saintchinian.fr\/wp-content\/uploads\/2018\/06\/26-juin-2018-Prades-3-300x225.jpg 300w, https:\/\/www.lesouvenirfrancais-saintchinian.fr\/wp-content\/uploads\/2018\/06\/26-juin-2018-Prades-3-768x576.jpg 768w, https:\/\/www.lesouvenirfrancais-saintchinian.fr\/wp-content\/uploads\/2018\/06\/26-juin-2018-Prades-3-1024x768.jpg 1024w, https:\/\/www.lesouvenirfrancais-saintchinian.fr\/wp-content\/uploads\/2018\/06\/26-juin-2018-Prades-3-940x705.jpg 940w, https:\/\/www.lesouvenirfrancais-saintchinian.fr\/wp-content\/uploads\/2018\/06\/26-juin-2018-Prades-3.jpg 1575w\" sizes=\"auto, (max-width: 300px) 100vw, 300px\" \/><\/a><figcaption id=\"caption-attachment-1139\" class=\"wp-caption-text\">D\u00e9part en Fanfare vers la Place du Four \u00e0 Pain<\/figcaption><\/figure>\n<figure id=\"attachment_1140\" aria-describedby=\"caption-attachment-1140\" style=\"width: 300px\" class=\"wp-caption aligncenter\"><a href=\"http:\/\/www.lesouvenirfrancais-saintchinian.fr\/wp-content\/uploads\/2018\/06\/26-juin-2018-Prades-4.jpg\"><img loading=\"lazy\" decoding=\"async\" class=\"size-medium wp-image-1140\" src=\"http:\/\/www.lesouvenirfrancais-saintchinian.fr\/wp-content\/uploads\/2018\/06\/26-juin-2018-Prades-4-300x225.jpg\" alt=\"\" width=\"300\" height=\"225\" srcset=\"https:\/\/www.lesouvenirfrancais-saintchinian.fr\/wp-content\/uploads\/2018\/06\/26-juin-2018-Prades-4-300x225.jpg 300w, https:\/\/www.lesouvenirfrancais-saintchinian.fr\/wp-content\/uploads\/2018\/06\/26-juin-2018-Prades-4-768x576.jpg 768w, https:\/\/www.lesouvenirfrancais-saintchinian.fr\/wp-content\/uploads\/2018\/06\/26-juin-2018-Prades-4-1024x768.jpg 1024w, https:\/\/www.lesouvenirfrancais-saintchinian.fr\/wp-content\/uploads\/2018\/06\/26-juin-2018-Prades-4-940x705.jpg 940w, https:\/\/www.lesouvenirfrancais-saintchinian.fr\/wp-content\/uploads\/2018\/06\/26-juin-2018-Prades-4.jpg 1575w\" sizes=\"auto, (max-width: 300px) 100vw, 300px\" \/><\/a><figcaption id=\"caption-attachment-1140\" class=\"wp-caption-text\">D\u00e9part en Fanfare vers la Place du Four \u00e0 Pain<\/figcaption><\/figure>\n<p><span style=\"font-family: Arial, sans-serif;\"><span style=\"font-size: medium;\"><span style=\"color: #000000;\">Les participants \u00e9taient tr\u00e8s nombreux\u00a0: Mr Kl\u00e9ber Mesquida et Mme Mare-Pierre Pons, respectivement Pr\u00e9sident et Vice-pr\u00e9sidente du Conseil D\u00e9partemental de l&rsquo;H\u00e9rault, Mr Jean-Pierre Grand, S\u00e9nateur de l&rsquo;H\u00e9rault, Mr Robert Trop\u00e9ano, S\u00e9nateur honoraire, Mr Jean-No\u00ebl Badenas, Conseiller R\u00e9gional et Pr\u00e9sident de Sud-H\u00e9rault, Mr Jean -Marie Milhau, Maire de Prades et son Conseil Municipal, de nombreux \u00e9lus des communes voisines, le Colonel Jean-Baptiste Durand, rescap\u00e9 de Fontjun et chef de secteur de l&rsquo;arm\u00e9e secr\u00e8te de Capestang, le bureau au complet du Souvenir Fran\u00e7ais de Saint-Chinian, les Sapeurs-pompiers sous les ordres du Lieutenant David Mouton, Mr Jean-Pierre Martin\u00e8s et Mr Emmanuel Garcia, D\u00e9l\u00e9gu\u00e9s D\u00e9partementaux Adjoints du Souvenir Fran\u00e7ais, les repr\u00e9sentants des anciens combattants, FNACA et m\u00e9daill\u00e9s militaires, le P<\/span>r\u00e9sident de la communaut\u00e9 Harkis du Saint-Ponais,<\/span><\/span><\/p>\n<p><span style=\"color: #000000;\"><img width=\"2\" height=\"2\" name=\"Objet1\" align=\"BOTTOM\" \/><span style=\"font-family: Arial, sans-serif;\"><span style=\"font-size: medium;\">les repr\u00e9sentants de nombreux comit\u00e9s du Souvenir Fran\u00e7ais de l\u2019H\u00e9rault, la Fanfare des Sapeurs-pompiers de l\u2019H\u00e9rault, des associations patriotiques, de nombreux portes-drapeau, les adh\u00e9rents du Souvenir Fran\u00e7ais et la population de Prades venue en nombre.<\/span><\/span><\/span><\/p>\n<p><span style=\"font-family: Arial, sans-serif;\"><span style=\"font-size: medium;\">A 11h00 le cort\u00e8ge, long, s&rsquo;est form\u00e9 pour se diriger vers la place du village (Place du Four \u00e0 Pain) o\u00f9 le Pr\u00e9sident Eric P\u00e9r\u00e8s a souhait\u00e9 rendre un hommage aux derni\u00e8res victimes des attentats terroristes dirig\u00e9s contre notre pays et en particulier au Colonel de Gendarmerie Arnaud Beltrame. L\u2019assistance, \u00e9mue a pu appr\u00e9cier les deux titres de musique interpr\u00e9t\u00e9s par la Fanfare \u00e0 savoir \u00ab\u00a0La Marche des Soldats\u00a0\u00bb de Robert Bruce ainsi que \u00ab\u00a0Marengo\u00a0\u00bb.<\/span><\/span><\/p>\n<figure id=\"attachment_1142\" aria-describedby=\"caption-attachment-1142\" style=\"width: 300px\" class=\"wp-caption aligncenter\"><a href=\"http:\/\/www.lesouvenirfrancais-saintchinian.fr\/wp-content\/uploads\/2018\/06\/26-juin-2018-Prades-6.jpg\"><img loading=\"lazy\" decoding=\"async\" class=\"size-medium wp-image-1142\" src=\"http:\/\/www.lesouvenirfrancais-saintchinian.fr\/wp-content\/uploads\/2018\/06\/26-juin-2018-Prades-6-300x225.jpg\" alt=\"\" width=\"300\" height=\"225\" srcset=\"https:\/\/www.lesouvenirfrancais-saintchinian.fr\/wp-content\/uploads\/2018\/06\/26-juin-2018-Prades-6-300x225.jpg 300w, https:\/\/www.lesouvenirfrancais-saintchinian.fr\/wp-content\/uploads\/2018\/06\/26-juin-2018-Prades-6-768x576.jpg 768w, https:\/\/www.lesouvenirfrancais-saintchinian.fr\/wp-content\/uploads\/2018\/06\/26-juin-2018-Prades-6-1024x768.jpg 1024w, https:\/\/www.lesouvenirfrancais-saintchinian.fr\/wp-content\/uploads\/2018\/06\/26-juin-2018-Prades-6-940x705.jpg 940w, https:\/\/www.lesouvenirfrancais-saintchinian.fr\/wp-content\/uploads\/2018\/06\/26-juin-2018-Prades-6.jpg 1575w\" sizes=\"auto, (max-width: 300px) 100vw, 300px\" \/><\/a><figcaption id=\"caption-attachment-1142\" class=\"wp-caption-text\">Hommage aux victimes des attentats.<\/figcaption><\/figure>\n<figure id=\"attachment_1145\" aria-describedby=\"caption-attachment-1145\" style=\"width: 300px\" class=\"wp-caption aligncenter\"><a href=\"http:\/\/www.lesouvenirfrancais-saintchinian.fr\/wp-content\/uploads\/2018\/06\/26-juin-2018-Prades-9.jpg\"><img loading=\"lazy\" decoding=\"async\" class=\"size-medium wp-image-1145\" src=\"http:\/\/www.lesouvenirfrancais-saintchinian.fr\/wp-content\/uploads\/2018\/06\/26-juin-2018-Prades-9-300x225.jpg\" alt=\"\" width=\"300\" height=\"225\" srcset=\"https:\/\/www.lesouvenirfrancais-saintchinian.fr\/wp-content\/uploads\/2018\/06\/26-juin-2018-Prades-9-300x225.jpg 300w, https:\/\/www.lesouvenirfrancais-saintchinian.fr\/wp-content\/uploads\/2018\/06\/26-juin-2018-Prades-9-768x576.jpg 768w, https:\/\/www.lesouvenirfrancais-saintchinian.fr\/wp-content\/uploads\/2018\/06\/26-juin-2018-Prades-9-1024x768.jpg 1024w, https:\/\/www.lesouvenirfrancais-saintchinian.fr\/wp-content\/uploads\/2018\/06\/26-juin-2018-Prades-9-940x705.jpg 940w, https:\/\/www.lesouvenirfrancais-saintchinian.fr\/wp-content\/uploads\/2018\/06\/26-juin-2018-Prades-9.jpg 1575w\" sizes=\"auto, (max-width: 300px) 100vw, 300px\" \/><\/a><figcaption id=\"caption-attachment-1145\" class=\"wp-caption-text\">Hommage aux victimes des attentats.<\/figcaption><\/figure>\n<figure id=\"attachment_1160\" aria-describedby=\"caption-attachment-1160\" style=\"width: 300px\" class=\"wp-caption aligncenter\"><a href=\"http:\/\/www.lesouvenirfrancais-saintchinian.fr\/wp-content\/uploads\/2018\/06\/26-juin-2018-Prades-24.jpg\"><img loading=\"lazy\" decoding=\"async\" class=\"size-medium wp-image-1160\" src=\"http:\/\/www.lesouvenirfrancais-saintchinian.fr\/wp-content\/uploads\/2018\/06\/26-juin-2018-Prades-24-300x200.jpg\" alt=\"\" width=\"300\" height=\"200\" srcset=\"https:\/\/www.lesouvenirfrancais-saintchinian.fr\/wp-content\/uploads\/2018\/06\/26-juin-2018-Prades-24-300x200.jpg 300w, https:\/\/www.lesouvenirfrancais-saintchinian.fr\/wp-content\/uploads\/2018\/06\/26-juin-2018-Prades-24-768x512.jpg 768w, https:\/\/www.lesouvenirfrancais-saintchinian.fr\/wp-content\/uploads\/2018\/06\/26-juin-2018-Prades-24-1024x683.jpg 1024w, https:\/\/www.lesouvenirfrancais-saintchinian.fr\/wp-content\/uploads\/2018\/06\/26-juin-2018-Prades-24-940x627.jpg 940w, https:\/\/www.lesouvenirfrancais-saintchinian.fr\/wp-content\/uploads\/2018\/06\/26-juin-2018-Prades-24.jpg 1575w\" sizes=\"auto, (max-width: 300px) 100vw, 300px\" \/><\/a><figcaption id=\"caption-attachment-1160\" class=\"wp-caption-text\">Hommage aux victimes des attentats.<\/figcaption><\/figure>\n<figure id=\"attachment_1174\" aria-describedby=\"caption-attachment-1174\" style=\"width: 300px\" class=\"wp-caption aligncenter\"><a href=\"http:\/\/www.lesouvenirfrancais-saintchinian.fr\/wp-content\/uploads\/2018\/06\/26-juin-2018-Prades-38.jpg\"><img loading=\"lazy\" decoding=\"async\" class=\"size-medium wp-image-1174\" src=\"http:\/\/www.lesouvenirfrancais-saintchinian.fr\/wp-content\/uploads\/2018\/06\/26-juin-2018-Prades-38-300x169.jpg\" alt=\"\" width=\"300\" height=\"169\" srcset=\"https:\/\/www.lesouvenirfrancais-saintchinian.fr\/wp-content\/uploads\/2018\/06\/26-juin-2018-Prades-38-300x169.jpg 300w, https:\/\/www.lesouvenirfrancais-saintchinian.fr\/wp-content\/uploads\/2018\/06\/26-juin-2018-Prades-38-768x432.jpg 768w, https:\/\/www.lesouvenirfrancais-saintchinian.fr\/wp-content\/uploads\/2018\/06\/26-juin-2018-Prades-38-1024x576.jpg 1024w, https:\/\/www.lesouvenirfrancais-saintchinian.fr\/wp-content\/uploads\/2018\/06\/26-juin-2018-Prades-38-940x529.jpg 940w, https:\/\/www.lesouvenirfrancais-saintchinian.fr\/wp-content\/uploads\/2018\/06\/26-juin-2018-Prades-38.jpg 1575w\" sizes=\"auto, (max-width: 300px) 100vw, 300px\" \/><\/a><figcaption id=\"caption-attachment-1174\" class=\"wp-caption-text\">Hommage du Pr\u00e9sident Eric P\u00e9r\u00e8s aux victimes des attentats.<\/figcaption><\/figure>\n<figure id=\"attachment_1144\" aria-describedby=\"caption-attachment-1144\" style=\"width: 300px\" class=\"wp-caption aligncenter\"><a href=\"http:\/\/www.lesouvenirfrancais-saintchinian.fr\/wp-content\/uploads\/2018\/06\/26-juin-2018-Prades-8.jpg\"><img loading=\"lazy\" decoding=\"async\" class=\"size-medium wp-image-1144\" src=\"http:\/\/www.lesouvenirfrancais-saintchinian.fr\/wp-content\/uploads\/2018\/06\/26-juin-2018-Prades-8-300x225.jpg\" alt=\"\" width=\"300\" height=\"225\" srcset=\"https:\/\/www.lesouvenirfrancais-saintchinian.fr\/wp-content\/uploads\/2018\/06\/26-juin-2018-Prades-8-300x225.jpg 300w, https:\/\/www.lesouvenirfrancais-saintchinian.fr\/wp-content\/uploads\/2018\/06\/26-juin-2018-Prades-8-768x576.jpg 768w, https:\/\/www.lesouvenirfrancais-saintchinian.fr\/wp-content\/uploads\/2018\/06\/26-juin-2018-Prades-8-1024x768.jpg 1024w, https:\/\/www.lesouvenirfrancais-saintchinian.fr\/wp-content\/uploads\/2018\/06\/26-juin-2018-Prades-8-940x705.jpg 940w, https:\/\/www.lesouvenirfrancais-saintchinian.fr\/wp-content\/uploads\/2018\/06\/26-juin-2018-Prades-8.jpg 1575w\" sizes=\"auto, (max-width: 300px) 100vw, 300px\" \/><\/a><figcaption id=\"caption-attachment-1144\" class=\"wp-caption-text\">La Marche des soldats de Robert Bruce interpr\u00e9t\u00e9e par la Fanfare<\/figcaption><\/figure>\n<p><span style=\"font-family: Arial, sans-serif;\"><span style=\"font-size: medium;\">Le cort\u00e8ge est ensuite reparti pour se diriger au pied du monument aux morts o\u00f9 les participants ont pris position.<\/span><\/span><\/p>\n<figure id=\"attachment_1146\" aria-describedby=\"caption-attachment-1146\" style=\"width: 300px\" class=\"wp-caption aligncenter\"><a href=\"http:\/\/www.lesouvenirfrancais-saintchinian.fr\/wp-content\/uploads\/2018\/06\/26-juin-2018-Prades-10.jpg\"><img loading=\"lazy\" decoding=\"async\" class=\"size-medium wp-image-1146\" src=\"http:\/\/www.lesouvenirfrancais-saintchinian.fr\/wp-content\/uploads\/2018\/06\/26-juin-2018-Prades-10-300x225.jpg\" alt=\"\" width=\"300\" height=\"225\" srcset=\"https:\/\/www.lesouvenirfrancais-saintchinian.fr\/wp-content\/uploads\/2018\/06\/26-juin-2018-Prades-10-300x225.jpg 300w, https:\/\/www.lesouvenirfrancais-saintchinian.fr\/wp-content\/uploads\/2018\/06\/26-juin-2018-Prades-10-768x576.jpg 768w, https:\/\/www.lesouvenirfrancais-saintchinian.fr\/wp-content\/uploads\/2018\/06\/26-juin-2018-Prades-10-1024x768.jpg 1024w, https:\/\/www.lesouvenirfrancais-saintchinian.fr\/wp-content\/uploads\/2018\/06\/26-juin-2018-Prades-10-940x705.jpg 940w, https:\/\/www.lesouvenirfrancais-saintchinian.fr\/wp-content\/uploads\/2018\/06\/26-juin-2018-Prades-10.jpg 1575w\" sizes=\"auto, (max-width: 300px) 100vw, 300px\" \/><\/a><figcaption id=\"caption-attachment-1146\" class=\"wp-caption-text\">Retour en Fanfare vers le monument.<\/figcaption><\/figure>\n<figure id=\"attachment_1141\" aria-describedby=\"caption-attachment-1141\" style=\"width: 300px\" class=\"wp-caption aligncenter\"><a href=\"http:\/\/www.lesouvenirfrancais-saintchinian.fr\/wp-content\/uploads\/2018\/06\/26-juin-2018-Prades-5.jpg\"><img loading=\"lazy\" decoding=\"async\" class=\"size-medium wp-image-1141\" src=\"http:\/\/www.lesouvenirfrancais-saintchinian.fr\/wp-content\/uploads\/2018\/06\/26-juin-2018-Prades-5-300x225.jpg\" alt=\"\" width=\"300\" height=\"225\" srcset=\"https:\/\/www.lesouvenirfrancais-saintchinian.fr\/wp-content\/uploads\/2018\/06\/26-juin-2018-Prades-5-300x225.jpg 300w, https:\/\/www.lesouvenirfrancais-saintchinian.fr\/wp-content\/uploads\/2018\/06\/26-juin-2018-Prades-5-768x576.jpg 768w, https:\/\/www.lesouvenirfrancais-saintchinian.fr\/wp-content\/uploads\/2018\/06\/26-juin-2018-Prades-5-1024x768.jpg 1024w, https:\/\/www.lesouvenirfrancais-saintchinian.fr\/wp-content\/uploads\/2018\/06\/26-juin-2018-Prades-5-940x705.jpg 940w, https:\/\/www.lesouvenirfrancais-saintchinian.fr\/wp-content\/uploads\/2018\/06\/26-juin-2018-Prades-5.jpg 1575w\" sizes=\"auto, (max-width: 300px) 100vw, 300px\" \/><\/a><figcaption id=\"caption-attachment-1141\" class=\"wp-caption-text\">Retour en Fanfare vers le monument.<\/figcaption><\/figure>\n<p><span style=\"font-family: Arial, sans-serif;\"><span style=\"font-size: medium;\">La lev\u00e9e des couleurs a \u00e9t\u00e9 effectu\u00e9e par Diana, Renaud (Jeunes Sapeurs-Pompier) et Paul (\u00e9tudiant) sous les ordres du Commandant Andr\u00e9 Gilles.<\/span><\/span><\/p>\n<figure id=\"attachment_1147\" aria-describedby=\"caption-attachment-1147\" style=\"width: 300px\" class=\"wp-caption aligncenter\"><a href=\"http:\/\/www.lesouvenirfrancais-saintchinian.fr\/wp-content\/uploads\/2018\/06\/26-juin-2018-Prades-11.jpg\"><img loading=\"lazy\" decoding=\"async\" class=\"size-medium wp-image-1147\" src=\"http:\/\/www.lesouvenirfrancais-saintchinian.fr\/wp-content\/uploads\/2018\/06\/26-juin-2018-Prades-11-300x225.jpg\" alt=\"\" width=\"300\" height=\"225\" srcset=\"https:\/\/www.lesouvenirfrancais-saintchinian.fr\/wp-content\/uploads\/2018\/06\/26-juin-2018-Prades-11-300x225.jpg 300w, https:\/\/www.lesouvenirfrancais-saintchinian.fr\/wp-content\/uploads\/2018\/06\/26-juin-2018-Prades-11-768x576.jpg 768w, https:\/\/www.lesouvenirfrancais-saintchinian.fr\/wp-content\/uploads\/2018\/06\/26-juin-2018-Prades-11-1024x768.jpg 1024w, https:\/\/www.lesouvenirfrancais-saintchinian.fr\/wp-content\/uploads\/2018\/06\/26-juin-2018-Prades-11-940x705.jpg 940w, https:\/\/www.lesouvenirfrancais-saintchinian.fr\/wp-content\/uploads\/2018\/06\/26-juin-2018-Prades-11.jpg 1575w\" sizes=\"auto, (max-width: 300px) 100vw, 300px\" \/><\/a><figcaption id=\"caption-attachment-1147\" class=\"wp-caption-text\">La Fanfare en position devant la mairie.<\/figcaption><\/figure>\n<figure id=\"attachment_1183\" aria-describedby=\"caption-attachment-1183\" style=\"width: 300px\" class=\"wp-caption aligncenter\"><a href=\"http:\/\/www.lesouvenirfrancais-saintchinian.fr\/wp-content\/uploads\/2018\/06\/IMG_8333.jpg\"><img loading=\"lazy\" decoding=\"async\" class=\"size-medium wp-image-1183\" src=\"http:\/\/www.lesouvenirfrancais-saintchinian.fr\/wp-content\/uploads\/2018\/06\/IMG_8333-300x200.jpg\" alt=\"\" width=\"300\" height=\"200\" srcset=\"https:\/\/www.lesouvenirfrancais-saintchinian.fr\/wp-content\/uploads\/2018\/06\/IMG_8333-300x200.jpg 300w, https:\/\/www.lesouvenirfrancais-saintchinian.fr\/wp-content\/uploads\/2018\/06\/IMG_8333-768x512.jpg 768w, https:\/\/www.lesouvenirfrancais-saintchinian.fr\/wp-content\/uploads\/2018\/06\/IMG_8333-1024x683.jpg 1024w, https:\/\/www.lesouvenirfrancais-saintchinian.fr\/wp-content\/uploads\/2018\/06\/IMG_8333-940x627.jpg 940w\" sizes=\"auto, (max-width: 300px) 100vw, 300px\" \/><\/a><figcaption id=\"caption-attachment-1183\" class=\"wp-caption-text\">Lev\u00e9e des couleurs par trois jeunes<\/figcaption><\/figure>\n<p>&nbsp;<\/p>\n<p><span style=\"font-family: Arial, sans-serif;\"><span style=\"font-size: medium;\">Le ruban d&rsquo;inauguration tricolore a \u00e9t\u00e9 coup\u00e9 par Le Maire et Paul.<\/span><\/span><\/p>\n<figure id=\"attachment_1150\" aria-describedby=\"caption-attachment-1150\" style=\"width: 300px\" class=\"wp-caption aligncenter\"><a href=\"http:\/\/www.lesouvenirfrancais-saintchinian.fr\/wp-content\/uploads\/2018\/06\/26-juin-2018-Prades-14.jpg\"><img loading=\"lazy\" decoding=\"async\" class=\"size-medium wp-image-1150\" src=\"http:\/\/www.lesouvenirfrancais-saintchinian.fr\/wp-content\/uploads\/2018\/06\/26-juin-2018-Prades-14-300x225.jpg\" alt=\"\" width=\"300\" height=\"225\" srcset=\"https:\/\/www.lesouvenirfrancais-saintchinian.fr\/wp-content\/uploads\/2018\/06\/26-juin-2018-Prades-14-300x225.jpg 300w, https:\/\/www.lesouvenirfrancais-saintchinian.fr\/wp-content\/uploads\/2018\/06\/26-juin-2018-Prades-14-768x576.jpg 768w, https:\/\/www.lesouvenirfrancais-saintchinian.fr\/wp-content\/uploads\/2018\/06\/26-juin-2018-Prades-14-1024x768.jpg 1024w, https:\/\/www.lesouvenirfrancais-saintchinian.fr\/wp-content\/uploads\/2018\/06\/26-juin-2018-Prades-14-940x705.jpg 940w, https:\/\/www.lesouvenirfrancais-saintchinian.fr\/wp-content\/uploads\/2018\/06\/26-juin-2018-Prades-14.jpg 1575w\" sizes=\"auto, (max-width: 300px) 100vw, 300px\" \/><\/a><figcaption id=\"caption-attachment-1150\" class=\"wp-caption-text\">Coupage du ruban<\/figcaption><\/figure>\n<p><span style=\"font-family: Arial, sans-serif;\"><span style=\"font-size: medium;\">Des gerbes ont \u00e9t\u00e9 d\u00e9pos\u00e9es par le Souvenir Fran\u00e7ais (H\u00e9l\u00e8ne et Eric), par la commune (Le Maire et Paul) et par le D\u00e9partement (Mme Pons et Mr Mesquida)<\/span><\/span><\/p>\n<figure id=\"attachment_1162\" aria-describedby=\"caption-attachment-1162\" style=\"width: 300px\" class=\"wp-caption aligncenter\"><a href=\"http:\/\/www.lesouvenirfrancais-saintchinian.fr\/wp-content\/uploads\/2018\/06\/26-juin-2018-Prades-26.jpg\"><img loading=\"lazy\" decoding=\"async\" class=\"size-medium wp-image-1162\" src=\"http:\/\/www.lesouvenirfrancais-saintchinian.fr\/wp-content\/uploads\/2018\/06\/26-juin-2018-Prades-26-300x200.jpg\" alt=\"\" width=\"300\" height=\"200\" srcset=\"https:\/\/www.lesouvenirfrancais-saintchinian.fr\/wp-content\/uploads\/2018\/06\/26-juin-2018-Prades-26-300x200.jpg 300w, https:\/\/www.lesouvenirfrancais-saintchinian.fr\/wp-content\/uploads\/2018\/06\/26-juin-2018-Prades-26-768x512.jpg 768w, https:\/\/www.lesouvenirfrancais-saintchinian.fr\/wp-content\/uploads\/2018\/06\/26-juin-2018-Prades-26-1024x683.jpg 1024w, https:\/\/www.lesouvenirfrancais-saintchinian.fr\/wp-content\/uploads\/2018\/06\/26-juin-2018-Prades-26-940x627.jpg 940w, https:\/\/www.lesouvenirfrancais-saintchinian.fr\/wp-content\/uploads\/2018\/06\/26-juin-2018-Prades-26.jpg 1575w\" sizes=\"auto, (max-width: 300px) 100vw, 300px\" \/><\/a><figcaption id=\"caption-attachment-1162\" class=\"wp-caption-text\">Gerbe du Souvenir Fran\u00e7ais<\/figcaption><\/figure>\n<figure id=\"attachment_1163\" aria-describedby=\"caption-attachment-1163\" style=\"width: 300px\" class=\"wp-caption aligncenter\"><a href=\"http:\/\/www.lesouvenirfrancais-saintchinian.fr\/wp-content\/uploads\/2018\/06\/26-juin-2018-Prades-27.jpg\"><img loading=\"lazy\" decoding=\"async\" class=\"size-medium wp-image-1163\" src=\"http:\/\/www.lesouvenirfrancais-saintchinian.fr\/wp-content\/uploads\/2018\/06\/26-juin-2018-Prades-27-300x200.jpg\" alt=\"\" width=\"300\" height=\"200\" srcset=\"https:\/\/www.lesouvenirfrancais-saintchinian.fr\/wp-content\/uploads\/2018\/06\/26-juin-2018-Prades-27-300x200.jpg 300w, https:\/\/www.lesouvenirfrancais-saintchinian.fr\/wp-content\/uploads\/2018\/06\/26-juin-2018-Prades-27-768x512.jpg 768w, https:\/\/www.lesouvenirfrancais-saintchinian.fr\/wp-content\/uploads\/2018\/06\/26-juin-2018-Prades-27-1024x683.jpg 1024w, https:\/\/www.lesouvenirfrancais-saintchinian.fr\/wp-content\/uploads\/2018\/06\/26-juin-2018-Prades-27-940x627.jpg 940w, https:\/\/www.lesouvenirfrancais-saintchinian.fr\/wp-content\/uploads\/2018\/06\/26-juin-2018-Prades-27.jpg 1575w\" sizes=\"auto, (max-width: 300px) 100vw, 300px\" \/><\/a><figcaption id=\"caption-attachment-1163\" class=\"wp-caption-text\">Gerbe de la Mairie<\/figcaption><\/figure>\n<figure id=\"attachment_1151\" aria-describedby=\"caption-attachment-1151\" style=\"width: 300px\" class=\"wp-caption aligncenter\"><a href=\"http:\/\/www.lesouvenirfrancais-saintchinian.fr\/wp-content\/uploads\/2018\/06\/26-juin-2018-Prades-15.jpg\"><img loading=\"lazy\" decoding=\"async\" class=\"size-medium wp-image-1151\" src=\"http:\/\/www.lesouvenirfrancais-saintchinian.fr\/wp-content\/uploads\/2018\/06\/26-juin-2018-Prades-15-300x225.jpg\" alt=\"\" width=\"300\" height=\"225\" srcset=\"https:\/\/www.lesouvenirfrancais-saintchinian.fr\/wp-content\/uploads\/2018\/06\/26-juin-2018-Prades-15-300x225.jpg 300w, https:\/\/www.lesouvenirfrancais-saintchinian.fr\/wp-content\/uploads\/2018\/06\/26-juin-2018-Prades-15-768x576.jpg 768w, https:\/\/www.lesouvenirfrancais-saintchinian.fr\/wp-content\/uploads\/2018\/06\/26-juin-2018-Prades-15-1024x768.jpg 1024w, https:\/\/www.lesouvenirfrancais-saintchinian.fr\/wp-content\/uploads\/2018\/06\/26-juin-2018-Prades-15-940x705.jpg 940w, https:\/\/www.lesouvenirfrancais-saintchinian.fr\/wp-content\/uploads\/2018\/06\/26-juin-2018-Prades-15.jpg 1575w\" sizes=\"auto, (max-width: 300px) 100vw, 300px\" \/><\/a><figcaption id=\"caption-attachment-1151\" class=\"wp-caption-text\">Gerbe du Conseil D\u00e9partemental<\/figcaption><\/figure>\n<p><span style=\"font-family: Arial, sans-serif;\"><span style=\"font-size: medium;\">L&rsquo;appel aux morts des deux guerres a \u00e9t\u00e9 fait par Antonin (\u00e9cole primaire)<\/span><\/span><\/p>\n<figure id=\"attachment_1152\" aria-describedby=\"caption-attachment-1152\" style=\"width: 300px\" class=\"wp-caption aligncenter\"><a href=\"http:\/\/www.lesouvenirfrancais-saintchinian.fr\/wp-content\/uploads\/2018\/06\/26-juin-2018-Prades-16.jpg\"><img loading=\"lazy\" decoding=\"async\" class=\"size-medium wp-image-1152\" src=\"http:\/\/www.lesouvenirfrancais-saintchinian.fr\/wp-content\/uploads\/2018\/06\/26-juin-2018-Prades-16-300x225.jpg\" alt=\"\" width=\"300\" height=\"225\" srcset=\"https:\/\/www.lesouvenirfrancais-saintchinian.fr\/wp-content\/uploads\/2018\/06\/26-juin-2018-Prades-16-300x225.jpg 300w, https:\/\/www.lesouvenirfrancais-saintchinian.fr\/wp-content\/uploads\/2018\/06\/26-juin-2018-Prades-16-768x576.jpg 768w, https:\/\/www.lesouvenirfrancais-saintchinian.fr\/wp-content\/uploads\/2018\/06\/26-juin-2018-Prades-16-1024x768.jpg 1024w, https:\/\/www.lesouvenirfrancais-saintchinian.fr\/wp-content\/uploads\/2018\/06\/26-juin-2018-Prades-16-940x705.jpg 940w, https:\/\/www.lesouvenirfrancais-saintchinian.fr\/wp-content\/uploads\/2018\/06\/26-juin-2018-Prades-16.jpg 1575w\" sizes=\"auto, (max-width: 300px) 100vw, 300px\" \/><\/a><figcaption id=\"caption-attachment-1152\" class=\"wp-caption-text\">Appel aux morts par Antonin.<\/figcaption><\/figure>\n<p><span style=\"font-family: Arial, sans-serif;\"><span style=\"font-size: medium;\">Les prises de paroles ont \u00e9t\u00e9 les suivantes, par ordre de passage :<\/span><\/span><\/p>\n<p><span style=\"font-family: Arial, sans-serif;\"><span style=\"font-size: medium;\">Eric P\u00e9r\u00e8s, Philippe Godia, Jean-Pierres Martin\u00e8s, Jean-Marie Milhau, Kl\u00e9ber Mesquida et Jean-Pierre Grand.<\/span><\/span><\/p>\n<figure id=\"attachment_1166\" aria-describedby=\"caption-attachment-1166\" style=\"width: 300px\" class=\"wp-caption aligncenter\"><a href=\"http:\/\/www.lesouvenirfrancais-saintchinian.fr\/wp-content\/uploads\/2018\/06\/26-juin-2018-Prades-30.jpg\"><img loading=\"lazy\" decoding=\"async\" class=\"size-medium wp-image-1166\" src=\"http:\/\/www.lesouvenirfrancais-saintchinian.fr\/wp-content\/uploads\/2018\/06\/26-juin-2018-Prades-30-300x200.jpg\" alt=\"\" width=\"300\" height=\"200\" srcset=\"https:\/\/www.lesouvenirfrancais-saintchinian.fr\/wp-content\/uploads\/2018\/06\/26-juin-2018-Prades-30-300x200.jpg 300w, https:\/\/www.lesouvenirfrancais-saintchinian.fr\/wp-content\/uploads\/2018\/06\/26-juin-2018-Prades-30-768x512.jpg 768w, https:\/\/www.lesouvenirfrancais-saintchinian.fr\/wp-content\/uploads\/2018\/06\/26-juin-2018-Prades-30-1024x683.jpg 1024w, https:\/\/www.lesouvenirfrancais-saintchinian.fr\/wp-content\/uploads\/2018\/06\/26-juin-2018-Prades-30-940x627.jpg 940w, https:\/\/www.lesouvenirfrancais-saintchinian.fr\/wp-content\/uploads\/2018\/06\/26-juin-2018-Prades-30.jpg 1575w\" sizes=\"auto, (max-width: 300px) 100vw, 300px\" \/><\/a><figcaption id=\"caption-attachment-1166\" class=\"wp-caption-text\">Prise de parole d&rsquo;Eric P\u00e9r\u00e8s, Pr\u00e9sident du Comit\u00e9 du Souvenir Fran\u00e7ais de Saint-Chinian.<\/figcaption><\/figure>\n<figure id=\"attachment_1167\" aria-describedby=\"caption-attachment-1167\" style=\"width: 300px\" class=\"wp-caption aligncenter\"><a href=\"http:\/\/www.lesouvenirfrancais-saintchinian.fr\/wp-content\/uploads\/2018\/06\/26-juin-2018-Prades-31.jpg\"><img loading=\"lazy\" decoding=\"async\" class=\"size-medium wp-image-1167\" src=\"http:\/\/www.lesouvenirfrancais-saintchinian.fr\/wp-content\/uploads\/2018\/06\/26-juin-2018-Prades-31-300x200.jpg\" alt=\"\" width=\"300\" height=\"200\" srcset=\"https:\/\/www.lesouvenirfrancais-saintchinian.fr\/wp-content\/uploads\/2018\/06\/26-juin-2018-Prades-31-300x200.jpg 300w, https:\/\/www.lesouvenirfrancais-saintchinian.fr\/wp-content\/uploads\/2018\/06\/26-juin-2018-Prades-31-768x512.jpg 768w, https:\/\/www.lesouvenirfrancais-saintchinian.fr\/wp-content\/uploads\/2018\/06\/26-juin-2018-Prades-31-1024x683.jpg 1024w, https:\/\/www.lesouvenirfrancais-saintchinian.fr\/wp-content\/uploads\/2018\/06\/26-juin-2018-Prades-31-940x627.jpg 940w, https:\/\/www.lesouvenirfrancais-saintchinian.fr\/wp-content\/uploads\/2018\/06\/26-juin-2018-Prades-31.jpg 1575w\" sizes=\"auto, (max-width: 300px) 100vw, 300px\" \/><\/a><figcaption id=\"caption-attachment-1167\" class=\"wp-caption-text\">Prise de parole de Philippe Godia, Vice-pr\u00e9sident du Comit\u00e9 du Souvenir Fran\u00e7ais de Saint-Chinian.<\/figcaption><\/figure>\n<figure id=\"attachment_1169\" aria-describedby=\"caption-attachment-1169\" style=\"width: 300px\" class=\"wp-caption aligncenter\"><a href=\"http:\/\/www.lesouvenirfrancais-saintchinian.fr\/wp-content\/uploads\/2018\/06\/26-juin-2018-Prades-33.jpg\"><img loading=\"lazy\" decoding=\"async\" class=\"size-medium wp-image-1169\" src=\"http:\/\/www.lesouvenirfrancais-saintchinian.fr\/wp-content\/uploads\/2018\/06\/26-juin-2018-Prades-33-300x200.jpg\" alt=\"\" width=\"300\" height=\"200\" srcset=\"https:\/\/www.lesouvenirfrancais-saintchinian.fr\/wp-content\/uploads\/2018\/06\/26-juin-2018-Prades-33-300x200.jpg 300w, https:\/\/www.lesouvenirfrancais-saintchinian.fr\/wp-content\/uploads\/2018\/06\/26-juin-2018-Prades-33-768x512.jpg 768w, https:\/\/www.lesouvenirfrancais-saintchinian.fr\/wp-content\/uploads\/2018\/06\/26-juin-2018-Prades-33-1024x683.jpg 1024w, https:\/\/www.lesouvenirfrancais-saintchinian.fr\/wp-content\/uploads\/2018\/06\/26-juin-2018-Prades-33-940x627.jpg 940w, https:\/\/www.lesouvenirfrancais-saintchinian.fr\/wp-content\/uploads\/2018\/06\/26-juin-2018-Prades-33.jpg 1575w\" sizes=\"auto, (max-width: 300px) 100vw, 300px\" \/><\/a><figcaption id=\"caption-attachment-1169\" class=\"wp-caption-text\">Prise de parole de Jean-Pierre Martin\u00e8s, D\u00e9l\u00e9gu\u00e9 D\u00e9partemental Adjoint du Souvenir Fran\u00e7ais.<\/figcaption><\/figure>\n<figure id=\"attachment_1173\" aria-describedby=\"caption-attachment-1173\" style=\"width: 200px\" class=\"wp-caption aligncenter\"><a href=\"http:\/\/www.lesouvenirfrancais-saintchinian.fr\/wp-content\/uploads\/2018\/06\/26-juin-2018-Prades-37.jpg\"><img loading=\"lazy\" decoding=\"async\" class=\"size-medium wp-image-1173\" src=\"http:\/\/www.lesouvenirfrancais-saintchinian.fr\/wp-content\/uploads\/2018\/06\/26-juin-2018-Prades-37-200x300.jpg\" alt=\"\" width=\"200\" height=\"300\" srcset=\"https:\/\/www.lesouvenirfrancais-saintchinian.fr\/wp-content\/uploads\/2018\/06\/26-juin-2018-Prades-37-200x300.jpg 200w, https:\/\/www.lesouvenirfrancais-saintchinian.fr\/wp-content\/uploads\/2018\/06\/26-juin-2018-Prades-37.jpg 427w\" sizes=\"auto, (max-width: 200px) 100vw, 200px\" \/><\/a><figcaption id=\"caption-attachment-1173\" class=\"wp-caption-text\">Prise de Parole de Jean-Marie Milhau, Maire de Prades sur Vernazobre.<\/figcaption><\/figure>\n<p>&nbsp;<\/p>\n<figure id=\"attachment_1179\" aria-describedby=\"caption-attachment-1179\" style=\"width: 300px\" class=\"wp-caption aligncenter\"><a href=\"http:\/\/www.lesouvenirfrancais-saintchinian.fr\/wp-content\/uploads\/2018\/06\/26-juin-2018-Prades-43.jpg\"><img loading=\"lazy\" decoding=\"async\" class=\"size-medium wp-image-1179\" src=\"http:\/\/www.lesouvenirfrancais-saintchinian.fr\/wp-content\/uploads\/2018\/06\/26-juin-2018-Prades-43-300x169.jpg\" alt=\"\" width=\"300\" height=\"169\" srcset=\"https:\/\/www.lesouvenirfrancais-saintchinian.fr\/wp-content\/uploads\/2018\/06\/26-juin-2018-Prades-43-300x169.jpg 300w, https:\/\/www.lesouvenirfrancais-saintchinian.fr\/wp-content\/uploads\/2018\/06\/26-juin-2018-Prades-43-768x432.jpg 768w, https:\/\/www.lesouvenirfrancais-saintchinian.fr\/wp-content\/uploads\/2018\/06\/26-juin-2018-Prades-43-1024x576.jpg 1024w, https:\/\/www.lesouvenirfrancais-saintchinian.fr\/wp-content\/uploads\/2018\/06\/26-juin-2018-Prades-43-940x529.jpg 940w, https:\/\/www.lesouvenirfrancais-saintchinian.fr\/wp-content\/uploads\/2018\/06\/26-juin-2018-Prades-43.jpg 1575w\" sizes=\"auto, (max-width: 300px) 100vw, 300px\" \/><\/a><figcaption id=\"caption-attachment-1179\" class=\"wp-caption-text\">Prise de parole de Kl\u00e9ber Mesquida, Pr\u00e9sident du Conseil D\u00e9partemental de l&rsquo;H\u00e9rault.<\/figcaption><\/figure>\n<figure id=\"attachment_1180\" aria-describedby=\"caption-attachment-1180\" style=\"width: 169px\" class=\"wp-caption aligncenter\"><a href=\"http:\/\/www.lesouvenirfrancais-saintchinian.fr\/wp-content\/uploads\/2018\/06\/26-juin-2018-Prades-44.jpg\"><img loading=\"lazy\" decoding=\"async\" class=\"size-medium wp-image-1180\" src=\"http:\/\/www.lesouvenirfrancais-saintchinian.fr\/wp-content\/uploads\/2018\/06\/26-juin-2018-Prades-44-169x300.jpg\" alt=\"\" width=\"169\" height=\"300\" srcset=\"https:\/\/www.lesouvenirfrancais-saintchinian.fr\/wp-content\/uploads\/2018\/06\/26-juin-2018-Prades-44-169x300.jpg 169w, https:\/\/www.lesouvenirfrancais-saintchinian.fr\/wp-content\/uploads\/2018\/06\/26-juin-2018-Prades-44-768x1365.jpg 768w, https:\/\/www.lesouvenirfrancais-saintchinian.fr\/wp-content\/uploads\/2018\/06\/26-juin-2018-Prades-44-576x1024.jpg 576w, https:\/\/www.lesouvenirfrancais-saintchinian.fr\/wp-content\/uploads\/2018\/06\/26-juin-2018-Prades-44-940x1671.jpg 940w, https:\/\/www.lesouvenirfrancais-saintchinian.fr\/wp-content\/uploads\/2018\/06\/26-juin-2018-Prades-44.jpg 1575w\" sizes=\"auto, (max-width: 169px) 100vw, 169px\" \/><\/a><figcaption id=\"caption-attachment-1180\" class=\"wp-caption-text\">Prise de Parole de Jean-Pierre Grand, S\u00e9nateur de l&rsquo;H\u00e9rault.<\/figcaption><\/figure>\n<p><span style=\"font-family: Arial, sans-serif;\"><span style=\"font-size: medium;\">Les autorit\u00e9s ont proc\u00e9d\u00e9 aux remerciements des Portes-drapeau, de la Fanfare, des pompiers ainsi\u00a0des jeunes qui ont particip\u00e9 \u00e0 la c\u00e9r\u00e9monie.<\/span><\/span><\/p>\n<figure id=\"attachment_1171\" aria-describedby=\"caption-attachment-1171\" style=\"width: 300px\" class=\"wp-caption aligncenter\"><a href=\"http:\/\/www.lesouvenirfrancais-saintchinian.fr\/wp-content\/uploads\/2018\/06\/26-juin-2018-Prades-35.jpg\"><img loading=\"lazy\" decoding=\"async\" class=\"size-medium wp-image-1171\" src=\"http:\/\/www.lesouvenirfrancais-saintchinian.fr\/wp-content\/uploads\/2018\/06\/26-juin-2018-Prades-35-300x200.jpg\" alt=\"\" width=\"300\" height=\"200\" srcset=\"https:\/\/www.lesouvenirfrancais-saintchinian.fr\/wp-content\/uploads\/2018\/06\/26-juin-2018-Prades-35-300x200.jpg 300w, https:\/\/www.lesouvenirfrancais-saintchinian.fr\/wp-content\/uploads\/2018\/06\/26-juin-2018-Prades-35-768x512.jpg 768w, https:\/\/www.lesouvenirfrancais-saintchinian.fr\/wp-content\/uploads\/2018\/06\/26-juin-2018-Prades-35-1024x683.jpg 1024w, https:\/\/www.lesouvenirfrancais-saintchinian.fr\/wp-content\/uploads\/2018\/06\/26-juin-2018-Prades-35-940x627.jpg 940w, https:\/\/www.lesouvenirfrancais-saintchinian.fr\/wp-content\/uploads\/2018\/06\/26-juin-2018-Prades-35.jpg 1575w\" sizes=\"auto, (max-width: 300px) 100vw, 300px\" \/><\/a><figcaption id=\"caption-attachment-1171\" class=\"wp-caption-text\">Remerciements<\/figcaption><\/figure>\n<p>&nbsp;<\/p>\n<figure id=\"attachment_1154\" aria-describedby=\"caption-attachment-1154\" style=\"width: 300px\" class=\"wp-caption aligncenter\"><a href=\"http:\/\/www.lesouvenirfrancais-saintchinian.fr\/wp-content\/uploads\/2018\/06\/26-juin-2018-Prades-18.jpg\"><img loading=\"lazy\" decoding=\"async\" class=\"size-medium wp-image-1154\" src=\"http:\/\/www.lesouvenirfrancais-saintchinian.fr\/wp-content\/uploads\/2018\/06\/26-juin-2018-Prades-18-300x225.jpg\" alt=\"\" width=\"300\" height=\"225\" srcset=\"https:\/\/www.lesouvenirfrancais-saintchinian.fr\/wp-content\/uploads\/2018\/06\/26-juin-2018-Prades-18-300x225.jpg 300w, https:\/\/www.lesouvenirfrancais-saintchinian.fr\/wp-content\/uploads\/2018\/06\/26-juin-2018-Prades-18-768x576.jpg 768w, https:\/\/www.lesouvenirfrancais-saintchinian.fr\/wp-content\/uploads\/2018\/06\/26-juin-2018-Prades-18-1024x768.jpg 1024w, https:\/\/www.lesouvenirfrancais-saintchinian.fr\/wp-content\/uploads\/2018\/06\/26-juin-2018-Prades-18-940x705.jpg 940w, https:\/\/www.lesouvenirfrancais-saintchinian.fr\/wp-content\/uploads\/2018\/06\/26-juin-2018-Prades-18.jpg 1575w\" sizes=\"auto, (max-width: 300px) 100vw, 300px\" \/><\/a><figcaption id=\"caption-attachment-1154\" class=\"wp-caption-text\">Remerciements<\/figcaption><\/figure>\n<p><span style=\"font-family: Arial, sans-serif;\"><span style=\"font-size: medium;\">Un hommage particulier et appuy\u00e9 a \u00e9t\u00e9 rendu au Colonel Durand par la Fanfare et une haie d&rsquo;honneur fut form\u00e9e.<\/span><\/span><\/p>\n<figure id=\"attachment_1181\" aria-describedby=\"caption-attachment-1181\" style=\"width: 300px\" class=\"wp-caption aligncenter\"><a href=\"http:\/\/www.lesouvenirfrancais-saintchinian.fr\/wp-content\/uploads\/2018\/06\/26-juin-2018-Prades-45.jpg\"><img loading=\"lazy\" decoding=\"async\" class=\"size-medium wp-image-1181\" src=\"http:\/\/www.lesouvenirfrancais-saintchinian.fr\/wp-content\/uploads\/2018\/06\/26-juin-2018-Prades-45-300x169.jpg\" alt=\"\" width=\"300\" height=\"169\" srcset=\"https:\/\/www.lesouvenirfrancais-saintchinian.fr\/wp-content\/uploads\/2018\/06\/26-juin-2018-Prades-45-300x169.jpg 300w, https:\/\/www.lesouvenirfrancais-saintchinian.fr\/wp-content\/uploads\/2018\/06\/26-juin-2018-Prades-45-768x432.jpg 768w, https:\/\/www.lesouvenirfrancais-saintchinian.fr\/wp-content\/uploads\/2018\/06\/26-juin-2018-Prades-45-1024x576.jpg 1024w, https:\/\/www.lesouvenirfrancais-saintchinian.fr\/wp-content\/uploads\/2018\/06\/26-juin-2018-Prades-45-940x529.jpg 940w, https:\/\/www.lesouvenirfrancais-saintchinian.fr\/wp-content\/uploads\/2018\/06\/26-juin-2018-Prades-45.jpg 1575w\" sizes=\"auto, (max-width: 300px) 100vw, 300px\" \/><\/a><figcaption id=\"caption-attachment-1181\" class=\"wp-caption-text\">Hommage au Colonel Jean-Baptiste Durand.<\/figcaption><\/figure>\n<p><span style=\"font-family: Arial, sans-serif;\"><span style=\"font-size: medium;\">Une fois la c\u00e9r\u00e9monie termin\u00e9e, un ap\u00e9ritif offert par la commune \u00e9tait servi, puis pour celles et ceux qui s&rsquo;\u00e9taient inscrits un excellent d\u00e9jeuner \u00e9tait servi par le restaurateur Adrien Distilli (le Village \u00e0 St Chinian).<\/span><\/span><\/p>\n<figure id=\"attachment_1158\" aria-describedby=\"caption-attachment-1158\" style=\"width: 300px\" class=\"wp-caption aligncenter\"><a href=\"http:\/\/www.lesouvenirfrancais-saintchinian.fr\/wp-content\/uploads\/2018\/06\/26-juin-2018-Prades-22.jpg\"><img loading=\"lazy\" decoding=\"async\" class=\"size-medium wp-image-1158\" src=\"http:\/\/www.lesouvenirfrancais-saintchinian.fr\/wp-content\/uploads\/2018\/06\/26-juin-2018-Prades-22-300x225.jpg\" alt=\"\" width=\"300\" height=\"225\" srcset=\"https:\/\/www.lesouvenirfrancais-saintchinian.fr\/wp-content\/uploads\/2018\/06\/26-juin-2018-Prades-22-300x225.jpg 300w, https:\/\/www.lesouvenirfrancais-saintchinian.fr\/wp-content\/uploads\/2018\/06\/26-juin-2018-Prades-22-768x576.jpg 768w, https:\/\/www.lesouvenirfrancais-saintchinian.fr\/wp-content\/uploads\/2018\/06\/26-juin-2018-Prades-22-1024x768.jpg 1024w, https:\/\/www.lesouvenirfrancais-saintchinian.fr\/wp-content\/uploads\/2018\/06\/26-juin-2018-Prades-22-940x705.jpg 940w, https:\/\/www.lesouvenirfrancais-saintchinian.fr\/wp-content\/uploads\/2018\/06\/26-juin-2018-Prades-22.jpg 1575w\" sizes=\"auto, (max-width: 300px) 100vw, 300px\" \/><\/a><figcaption id=\"caption-attachment-1158\" class=\"wp-caption-text\">Ap\u00e9ritif offert par la commune.<\/figcaption><\/figure>\n<p><span style=\"font-family: Arial, sans-serif;\"><span style=\"font-size: medium;\">Cette inauguration fut un succ\u00e8s et nous remercions toutes celles et ceux qui de pr\u00e8s ou de loin ont particip\u00e9 \u00e0 la r\u00e9ussite de cette journ\u00e9e.<\/span><\/span><\/p>\n<p><strong>Nos prochains rendez-vous :<\/strong><\/p>\n<p>le 6 juin \u00e0 la Fraise (commune de Ferri\u00e8res-Poussarou) \u00e0 10h00, comm\u00e9moration d\u00e9di\u00e9e au Maquis Latourette.<\/p>\n<p>Le 7 juin \u00e0 18h00, commune de Pierrerue, \u00e0 18h00 devant le monument de Fontjun, c\u00e9r\u00e9monie d\u00e9di\u00e9e au 23 morts et aux survivants de la trag\u00e9die des 6 et 7 juin 1944.<\/p>\n<figure id=\"attachment_1182\" aria-describedby=\"caption-attachment-1182\" style=\"width: 169px\" class=\"wp-caption aligncenter\"><a href=\"http:\/\/www.lesouvenirfrancais-saintchinian.fr\/wp-content\/uploads\/2018\/06\/26-juin-2018-Prades-46.jpg\"><img loading=\"lazy\" decoding=\"async\" class=\"size-medium wp-image-1182\" src=\"http:\/\/www.lesouvenirfrancais-saintchinian.fr\/wp-content\/uploads\/2018\/06\/26-juin-2018-Prades-46-169x300.jpg\" alt=\"\" width=\"169\" height=\"300\" srcset=\"https:\/\/www.lesouvenirfrancais-saintchinian.fr\/wp-content\/uploads\/2018\/06\/26-juin-2018-Prades-46-169x300.jpg 169w, https:\/\/www.lesouvenirfrancais-saintchinian.fr\/wp-content\/uploads\/2018\/06\/26-juin-2018-Prades-46-768x1365.jpg 768w, https:\/\/www.lesouvenirfrancais-saintchinian.fr\/wp-content\/uploads\/2018\/06\/26-juin-2018-Prades-46-576x1024.jpg 576w, https:\/\/www.lesouvenirfrancais-saintchinian.fr\/wp-content\/uploads\/2018\/06\/26-juin-2018-Prades-46-940x1671.jpg 940w, https:\/\/www.lesouvenirfrancais-saintchinian.fr\/wp-content\/uploads\/2018\/06\/26-juin-2018-Prades-46.jpg 1575w\" sizes=\"auto, (max-width: 169px) 100vw, 169px\" \/><\/a><figcaption id=\"caption-attachment-1182\" class=\"wp-caption-text\">Le monument inaugur\u00e9.<\/figcaption><\/figure>\n<figure id=\"attachment_1157\" aria-describedby=\"caption-attachment-1157\" style=\"width: 300px\" class=\"wp-caption aligncenter\"><a href=\"http:\/\/www.lesouvenirfrancais-saintchinian.fr\/wp-content\/uploads\/2018\/06\/26-juin-2018-Prades-21.jpg\"><img loading=\"lazy\" decoding=\"async\" class=\"size-medium wp-image-1157\" src=\"http:\/\/www.lesouvenirfrancais-saintchinian.fr\/wp-content\/uploads\/2018\/06\/26-juin-2018-Prades-21-300x225.jpg\" alt=\"\" width=\"300\" height=\"225\" srcset=\"https:\/\/www.lesouvenirfrancais-saintchinian.fr\/wp-content\/uploads\/2018\/06\/26-juin-2018-Prades-21-300x225.jpg 300w, https:\/\/www.lesouvenirfrancais-saintchinian.fr\/wp-content\/uploads\/2018\/06\/26-juin-2018-Prades-21-768x576.jpg 768w, https:\/\/www.lesouvenirfrancais-saintchinian.fr\/wp-content\/uploads\/2018\/06\/26-juin-2018-Prades-21-1024x768.jpg 1024w, https:\/\/www.lesouvenirfrancais-saintchinian.fr\/wp-content\/uploads\/2018\/06\/26-juin-2018-Prades-21-940x705.jpg 940w, https:\/\/www.lesouvenirfrancais-saintchinian.fr\/wp-content\/uploads\/2018\/06\/26-juin-2018-Prades-21.jpg 1575w\" sizes=\"auto, (max-width: 300px) 100vw, 300px\" \/><\/a><figcaption id=\"caption-attachment-1157\" class=\"wp-caption-text\">Les trois gerbes inaugurales<\/figcaption><\/figure>\n<figure id=\"attachment_1168\" aria-describedby=\"caption-attachment-1168\" style=\"width: 300px\" class=\"wp-caption aligncenter\"><a href=\"http:\/\/www.lesouvenirfrancais-saintchinian.fr\/wp-content\/uploads\/2018\/06\/26-juin-2018-Prades-32.jpg\"><img loading=\"lazy\" decoding=\"async\" class=\"size-medium wp-image-1168\" src=\"http:\/\/www.lesouvenirfrancais-saintchinian.fr\/wp-content\/uploads\/2018\/06\/26-juin-2018-Prades-32-300x200.jpg\" alt=\"\" width=\"300\" height=\"200\" srcset=\"https:\/\/www.lesouvenirfrancais-saintchinian.fr\/wp-content\/uploads\/2018\/06\/26-juin-2018-Prades-32-300x200.jpg 300w, https:\/\/www.lesouvenirfrancais-saintchinian.fr\/wp-content\/uploads\/2018\/06\/26-juin-2018-Prades-32-768x512.jpg 768w, https:\/\/www.lesouvenirfrancais-saintchinian.fr\/wp-content\/uploads\/2018\/06\/26-juin-2018-Prades-32-1024x683.jpg 1024w, https:\/\/www.lesouvenirfrancais-saintchinian.fr\/wp-content\/uploads\/2018\/06\/26-juin-2018-Prades-32-940x627.jpg 940w, https:\/\/www.lesouvenirfrancais-saintchinian.fr\/wp-content\/uploads\/2018\/06\/26-juin-2018-Prades-32.jpg 1575w\" sizes=\"auto, (max-width: 300px) 100vw, 300px\" \/><\/a><figcaption id=\"caption-attachment-1168\" class=\"wp-caption-text\">La plaque en Occitan<\/figcaption><\/figure>\n<p>Plaque en Occitan.sur laquelle il est inscrit \u00ab\u00a0Paures Dr\u00f2lles\u00a0\u00bb Pauvres enfants en Fran\u00e7ais (remerciement \u00e0 Patrick Delmas)<\/p>\n<p>Philippe Godia, Vice -pr\u00e9sident.<\/p>\n","protected":false},"excerpt":{"rendered":"<p>Rendez-vous \u00e9tait donn\u00e9 \u00e0 10h30 autour du monument afin de proc\u00e9der \u00e0 son inauguration ainsi qu&rsquo;a celle de son m\u00e9morial num\u00e9rique via son QR Code ainsi que la plaque en Occitan.sur laquelle il est inscrit \u00ab\u00a0Paures Dr\u00f2lles\u00a0\u00bb Pauvres enfants en &#8230; <a class=\"more-link\" href=\"https:\/\/www.lesouvenirfrancais-saintchinian.fr\/?p=1136\">Read More &raquo;<\/a><\/p>\n","protected":false},"author":321,"featured_media":0,"comment_status":"closed","ping_status":"closed","sticky":false,"template":"","format":"standard","meta":{"footnotes":""},"categories":[3],"tags":[],"class_list":["post-1136","post","type-post","status-publish","format-standard","hentry","category-manifestations-et-actions"],"_links":{"self":[{"href":"https:\/\/www.lesouvenirfrancais-saintchinian.fr\/index.php?rest_route=\/wp\/v2\/posts\/1136","targetHints":{"allow":["GET"]}}],"collection":[{"href":"https:\/\/www.lesouvenirfrancais-saintchinian.fr\/index.php?rest_route=\/wp\/v2\/posts"}],"about":[{"href":"https:\/\/www.lesouvenirfrancais-saintchinian.fr\/index.php?rest_route=\/wp\/v2\/types\/post"}],"author":[{"embeddable":true,"href":"https:\/\/www.lesouvenirfrancais-saintchinian.fr\/index.php?rest_route=\/wp\/v2\/users\/321"}],"replies":[{"embeddable":true,"href":"https:\/\/www.lesouvenirfrancais-saintchinian.fr\/index.php?rest_route=%2Fwp%2Fv2%2Fcomments&post=1136"}],"version-history":[{"count":1,"href":"https:\/\/www.lesouvenirfrancais-saintchinian.fr\/index.php?rest_route=\/wp\/v2\/posts\/1136\/revisions"}],"predecessor-version":[{"id":1184,"href":"https:\/\/www.lesouvenirfrancais-saintchinian.fr\/index.php?rest_route=\/wp\/v2\/posts\/1136\/revisions\/1184"}],"wp:attachment":[{"href":"https:\/\/www.lesouvenirfrancais-saintchinian.fr\/index.php?rest_route=%2Fwp%2Fv2%2Fmedia&parent=1136"}],"wp:term":[{"taxonomy":"category","embeddable":true,"href":"https:\/\/www.lesouvenirfrancais-saintchinian.fr\/index.php?rest_route=%2Fwp%2Fv2%2Fcategories&post=1136"},{"taxonomy":"post_tag","embeddable":true,"href":"https:\/\/www.lesouvenirfrancais-saintchinian.fr\/index.php?rest_route=%2Fwp%2Fv2%2Ftags&post=1136"}],"curies":[{"name":"wp","href":"https:\/\/api.w.org\/{rel}","templated":true}]}}