{"id":1186,"date":"2018-06-11T10:52:04","date_gmt":"2018-06-11T09:52:04","guid":{"rendered":"http:\/\/www.lesouvenirfrancais-saintchinian.fr\/?p=1186"},"modified":"2018-06-11T10:52:04","modified_gmt":"2018-06-11T09:52:04","slug":"le-samedi-2-juin-le-comite-de-saint-chinian-a-participe-a-la-journee-du-souvenir-des-harkis-du-plo-de-mailhac-pres-de-st-pons","status":"publish","type":"post","link":"https:\/\/www.lesouvenirfrancais-saintchinian.fr\/?p=1186","title":{"rendered":"Le samedi 2 juin, le Comit\u00e9 de Saint-Chinian a particip\u00e9 \u00e0 la journ\u00e9e du souvenir des Harkis du Pl\u00f4 de Mailhac, pr\u00e8s de St Pons."},"content":{"rendered":"<figure id=\"attachment_1195\" aria-describedby=\"caption-attachment-1195\" style=\"width: 600px\" class=\"wp-caption aligncenter\"><a href=\"http:\/\/www.lesouvenirfrancais-saintchinian.fr\/wp-content\/uploads\/2018\/06\/20180602_172028_Pano-Copier.jpg\"><img loading=\"lazy\" decoding=\"async\" class=\"size-large wp-image-1195\" src=\"http:\/\/www.lesouvenirfrancais-saintchinian.fr\/wp-content\/uploads\/2018\/06\/20180602_172028_Pano-Copier-1024x383.jpg\" alt=\"\" width=\"600\" height=\"224\" srcset=\"https:\/\/www.lesouvenirfrancais-saintchinian.fr\/wp-content\/uploads\/2018\/06\/20180602_172028_Pano-Copier-1024x383.jpg 1024w, https:\/\/www.lesouvenirfrancais-saintchinian.fr\/wp-content\/uploads\/2018\/06\/20180602_172028_Pano-Copier-300x112.jpg 300w, https:\/\/www.lesouvenirfrancais-saintchinian.fr\/wp-content\/uploads\/2018\/06\/20180602_172028_Pano-Copier-768x287.jpg 768w, https:\/\/www.lesouvenirfrancais-saintchinian.fr\/wp-content\/uploads\/2018\/06\/20180602_172028_Pano-Copier-940x352.jpg 940w\" sizes=\"auto, (max-width: 600px) 100vw, 600px\" \/><\/a><figcaption id=\"caption-attachment-1195\" class=\"wp-caption-text\">D\u00e9p\u00f4t de gerbe<\/figcaption><\/figure>\n<p align=\"LEFT\"><span style=\"font-size: large;\"><span style=\"font-family: Times New Roman, serif;\">Le Souvenir Fran\u00e7ais Saint-Chinianais \u00e9tait pr\u00e9sent \u00e0 Saint-Pons le samedi 2 juin 2018 au Hameau de forestage Harki du Pl\u00f4 de Mailhac.<\/span><\/span><\/p>\n<p align=\"LEFT\"><span style=\"font-size: large;\"><span style=\"font-family: Times New Roman, serif;\">\u00c9taient pr\u00e9sents, entre autres, Monsieur le D\u00e9put\u00e9 Philippe Hupp\u00e9, Madame Marie-Pierre Pons, Vice-pr\u00e9sidente du Conseil D\u00e9partemental, Monsieur le Maire de Saint-Pons Georges C\u00e8be, Monsieur Josian Cabrol, Pr\u00e9sident de la Communaut\u00e9 de Commune du \u00ab\u00a0Minervois au Caroux\u00a0\u00bb, Monsieur Hocine Boudjemaa, Pr\u00e9sident de la Communaut\u00e9 des Harkis de Saint-Pons, des \u00e9lus, des associations d&rsquo;anciens combattants et des comit\u00e9s du Souvenir Fran\u00e7ais de l\u2019H\u00e9rault, ainsi que le public.<\/span><\/span><\/p>\n<figure id=\"attachment_1191\" aria-describedby=\"caption-attachment-1191\" style=\"width: 225px\" class=\"wp-caption aligncenter\"><a href=\"http:\/\/www.lesouvenirfrancais-saintchinian.fr\/wp-content\/uploads\/2018\/06\/2-juin-2018-Pl\u00f4-de-Mailhac-5.jpg\"><img loading=\"lazy\" decoding=\"async\" class=\"wp-image-1191 size-medium\" src=\"http:\/\/www.lesouvenirfrancais-saintchinian.fr\/wp-content\/uploads\/2018\/06\/2-juin-2018-Pl\u00f4-de-Mailhac-5-225x300.jpg\" alt=\"Hocine Boudjemaa\" width=\"225\" height=\"300\" srcset=\"https:\/\/www.lesouvenirfrancais-saintchinian.fr\/wp-content\/uploads\/2018\/06\/2-juin-2018-Pl\u00f4-de-Mailhac-5-225x300.jpg 225w, https:\/\/www.lesouvenirfrancais-saintchinian.fr\/wp-content\/uploads\/2018\/06\/2-juin-2018-Pl\u00f4-de-Mailhac-5-768x1024.jpg 768w, https:\/\/www.lesouvenirfrancais-saintchinian.fr\/wp-content\/uploads\/2018\/06\/2-juin-2018-Pl\u00f4-de-Mailhac-5-940x1253.jpg 940w, https:\/\/www.lesouvenirfrancais-saintchinian.fr\/wp-content\/uploads\/2018\/06\/2-juin-2018-Pl\u00f4-de-Mailhac-5.jpg 1575w\" sizes=\"auto, (max-width: 225px) 100vw, 225px\" \/><\/a><figcaption id=\"caption-attachment-1191\" class=\"wp-caption-text\">Discours d&rsquo;Hocine Boudjemaa<\/figcaption><\/figure>\n<figure id=\"attachment_1192\" aria-describedby=\"caption-attachment-1192\" style=\"width: 300px\" class=\"wp-caption aligncenter\"><a href=\"http:\/\/www.lesouvenirfrancais-saintchinian.fr\/wp-content\/uploads\/2018\/06\/2-juin-2018-Pl\u00f4-de-Mailhac-6.jpg\"><img loading=\"lazy\" decoding=\"async\" class=\"size-medium wp-image-1192\" src=\"http:\/\/www.lesouvenirfrancais-saintchinian.fr\/wp-content\/uploads\/2018\/06\/2-juin-2018-Pl\u00f4-de-Mailhac-6-300x225.jpg\" alt=\"\" width=\"300\" height=\"225\" srcset=\"https:\/\/www.lesouvenirfrancais-saintchinian.fr\/wp-content\/uploads\/2018\/06\/2-juin-2018-Pl\u00f4-de-Mailhac-6-300x225.jpg 300w, https:\/\/www.lesouvenirfrancais-saintchinian.fr\/wp-content\/uploads\/2018\/06\/2-juin-2018-Pl\u00f4-de-Mailhac-6-768x576.jpg 768w, https:\/\/www.lesouvenirfrancais-saintchinian.fr\/wp-content\/uploads\/2018\/06\/2-juin-2018-Pl\u00f4-de-Mailhac-6-1024x768.jpg 1024w, https:\/\/www.lesouvenirfrancais-saintchinian.fr\/wp-content\/uploads\/2018\/06\/2-juin-2018-Pl\u00f4-de-Mailhac-6-940x705.jpg 940w, https:\/\/www.lesouvenirfrancais-saintchinian.fr\/wp-content\/uploads\/2018\/06\/2-juin-2018-Pl\u00f4-de-Mailhac-6.jpg 1575w\" sizes=\"auto, (max-width: 300px) 100vw, 300px\" \/><\/a><figcaption id=\"caption-attachment-1192\" class=\"wp-caption-text\">Discours de Georges C\u00e8be<\/figcaption><\/figure>\n<figure id=\"attachment_1193\" aria-describedby=\"caption-attachment-1193\" style=\"width: 300px\" class=\"wp-caption aligncenter\"><a href=\"http:\/\/www.lesouvenirfrancais-saintchinian.fr\/wp-content\/uploads\/2018\/06\/2-juin-2018-Pl\u00f4-de-Mailhac-7.jpg\"><img loading=\"lazy\" decoding=\"async\" class=\"size-medium wp-image-1193\" src=\"http:\/\/www.lesouvenirfrancais-saintchinian.fr\/wp-content\/uploads\/2018\/06\/2-juin-2018-Pl\u00f4-de-Mailhac-7-300x225.jpg\" alt=\"\" width=\"300\" height=\"225\" srcset=\"https:\/\/www.lesouvenirfrancais-saintchinian.fr\/wp-content\/uploads\/2018\/06\/2-juin-2018-Pl\u00f4-de-Mailhac-7-300x225.jpg 300w, https:\/\/www.lesouvenirfrancais-saintchinian.fr\/wp-content\/uploads\/2018\/06\/2-juin-2018-Pl\u00f4-de-Mailhac-7-768x576.jpg 768w, https:\/\/www.lesouvenirfrancais-saintchinian.fr\/wp-content\/uploads\/2018\/06\/2-juin-2018-Pl\u00f4-de-Mailhac-7-1024x768.jpg 1024w, https:\/\/www.lesouvenirfrancais-saintchinian.fr\/wp-content\/uploads\/2018\/06\/2-juin-2018-Pl\u00f4-de-Mailhac-7-940x705.jpg 940w, https:\/\/www.lesouvenirfrancais-saintchinian.fr\/wp-content\/uploads\/2018\/06\/2-juin-2018-Pl\u00f4-de-Mailhac-7.jpg 1575w\" sizes=\"auto, (max-width: 300px) 100vw, 300px\" \/><\/a><figcaption id=\"caption-attachment-1193\" class=\"wp-caption-text\">Discours de Josian Cabrol<\/figcaption><\/figure>\n<p>&nbsp;<\/p>\n<figure id=\"attachment_1194\" aria-describedby=\"caption-attachment-1194\" style=\"width: 300px\" class=\"wp-caption aligncenter\"><a href=\"http:\/\/www.lesouvenirfrancais-saintchinian.fr\/wp-content\/uploads\/2018\/06\/2-juin-2018-Pl\u00f4-de-Mailhac-8.jpg\"><img loading=\"lazy\" decoding=\"async\" class=\"size-medium wp-image-1194\" src=\"http:\/\/www.lesouvenirfrancais-saintchinian.fr\/wp-content\/uploads\/2018\/06\/2-juin-2018-Pl\u00f4-de-Mailhac-8-300x225.jpg\" alt=\"\" width=\"300\" height=\"225\" srcset=\"https:\/\/www.lesouvenirfrancais-saintchinian.fr\/wp-content\/uploads\/2018\/06\/2-juin-2018-Pl\u00f4-de-Mailhac-8-300x225.jpg 300w, https:\/\/www.lesouvenirfrancais-saintchinian.fr\/wp-content\/uploads\/2018\/06\/2-juin-2018-Pl\u00f4-de-Mailhac-8-768x576.jpg 768w, https:\/\/www.lesouvenirfrancais-saintchinian.fr\/wp-content\/uploads\/2018\/06\/2-juin-2018-Pl\u00f4-de-Mailhac-8-1024x768.jpg 1024w, https:\/\/www.lesouvenirfrancais-saintchinian.fr\/wp-content\/uploads\/2018\/06\/2-juin-2018-Pl\u00f4-de-Mailhac-8-940x705.jpg 940w, https:\/\/www.lesouvenirfrancais-saintchinian.fr\/wp-content\/uploads\/2018\/06\/2-juin-2018-Pl\u00f4-de-Mailhac-8.jpg 1575w\" sizes=\"auto, (max-width: 300px) 100vw, 300px\" \/><\/a><figcaption id=\"caption-attachment-1194\" class=\"wp-caption-text\">Discours de Marie-Pierre Pons.<\/figcaption><\/figure>\n<figure id=\"attachment_1187\" aria-describedby=\"caption-attachment-1187\" style=\"width: 300px\" class=\"wp-caption aligncenter\"><a href=\"http:\/\/www.lesouvenirfrancais-saintchinian.fr\/wp-content\/uploads\/2018\/06\/2-juin-2018-Pl\u00f4-de-Mailhac-1.jpg\"><img loading=\"lazy\" decoding=\"async\" class=\"size-medium wp-image-1187\" src=\"http:\/\/www.lesouvenirfrancais-saintchinian.fr\/wp-content\/uploads\/2018\/06\/2-juin-2018-Pl\u00f4-de-Mailhac-1-300x225.jpg\" alt=\"\" width=\"300\" height=\"225\" srcset=\"https:\/\/www.lesouvenirfrancais-saintchinian.fr\/wp-content\/uploads\/2018\/06\/2-juin-2018-Pl\u00f4-de-Mailhac-1-300x225.jpg 300w, https:\/\/www.lesouvenirfrancais-saintchinian.fr\/wp-content\/uploads\/2018\/06\/2-juin-2018-Pl\u00f4-de-Mailhac-1-768x576.jpg 768w, https:\/\/www.lesouvenirfrancais-saintchinian.fr\/wp-content\/uploads\/2018\/06\/2-juin-2018-Pl\u00f4-de-Mailhac-1-1024x768.jpg 1024w, https:\/\/www.lesouvenirfrancais-saintchinian.fr\/wp-content\/uploads\/2018\/06\/2-juin-2018-Pl\u00f4-de-Mailhac-1-940x705.jpg 940w, https:\/\/www.lesouvenirfrancais-saintchinian.fr\/wp-content\/uploads\/2018\/06\/2-juin-2018-Pl\u00f4-de-Mailhac-1.jpg 1575w\" sizes=\"auto, (max-width: 300px) 100vw, 300px\" \/><\/a><figcaption id=\"caption-attachment-1187\" class=\"wp-caption-text\">Discours de Philippe Hupp\u00e9<\/figcaption><\/figure>\n<p align=\"LEFT\"><span style=\"font-size: large;\"><span style=\"font-family: Times New Roman, serif;\">Cette c\u00e9r\u00e9monie est d\u00e9di\u00e9e aux 140 familles de Harkis ayant v\u00e9cu apr\u00e8s la guerre d\u2019Alg\u00e9rie dans ce lieu forestier isol\u00e9 dans des conditions pr\u00e9caires avant de rejoindre dans les ann\u00e9es 1974 des HLM aux marbri\u00e8res du Jaur, permettant ainsi une bien meilleure int\u00e9gration.<\/span><\/span><\/p>\n<figure id=\"attachment_1003\" aria-describedby=\"caption-attachment-1003\" style=\"width: 300px\" class=\"wp-caption aligncenter\"><a href=\"http:\/\/www.lesouvenirfrancais-saintchinian.fr\/wp-content\/uploads\/2017\/12\/Pl\u00f4-de-Mailhac-nov-2017-4.jpg\"><img loading=\"lazy\" decoding=\"async\" class=\"size-medium wp-image-1003\" src=\"http:\/\/www.lesouvenirfrancais-saintchinian.fr\/wp-content\/uploads\/2017\/12\/Pl\u00f4-de-Mailhac-nov-2017-4-300x169.jpg\" alt=\"\" width=\"300\" height=\"169\" srcset=\"https:\/\/www.lesouvenirfrancais-saintchinian.fr\/wp-content\/uploads\/2017\/12\/Pl\u00f4-de-Mailhac-nov-2017-4-300x169.jpg 300w, https:\/\/www.lesouvenirfrancais-saintchinian.fr\/wp-content\/uploads\/2017\/12\/Pl\u00f4-de-Mailhac-nov-2017-4-768x432.jpg 768w, https:\/\/www.lesouvenirfrancais-saintchinian.fr\/wp-content\/uploads\/2017\/12\/Pl\u00f4-de-Mailhac-nov-2017-4-1024x576.jpg 1024w, https:\/\/www.lesouvenirfrancais-saintchinian.fr\/wp-content\/uploads\/2017\/12\/Pl\u00f4-de-Mailhac-nov-2017-4-940x529.jpg 940w, https:\/\/www.lesouvenirfrancais-saintchinian.fr\/wp-content\/uploads\/2017\/12\/Pl\u00f4-de-Mailhac-nov-2017-4.jpg 1181w\" sizes=\"auto, (max-width: 300px) 100vw, 300px\" \/><\/a><figcaption id=\"caption-attachment-1003\" class=\"wp-caption-text\">St\u00e8le au Pl\u00f4 de Mailhac<\/figcaption><\/figure>\n<p align=\"LEFT\"><span style=\"font-size: large;\"><span style=\"font-family: Times New Roman, serif;\">Notre comit\u00e9 \u00e9tait repr\u00e9sent\u00e9 Eric P\u00e9r\u00e8s, Pr\u00e9sident, Philippe Godia, vice-pr\u00e9sident, H\u00e9l\u00e8ne Godia Porte-drapeau pour l&rsquo;occasion accompagn\u00e9e pour notre second drapeau de Danielle P\u00e9r\u00e8s&#8230;bienvenue chez les porte-drapeaux de notre comit\u00e9.<\/span><\/span><\/p>\n<figure id=\"attachment_1188\" aria-describedby=\"caption-attachment-1188\" style=\"width: 225px\" class=\"wp-caption aligncenter\"><a href=\"http:\/\/www.lesouvenirfrancais-saintchinian.fr\/wp-content\/uploads\/2018\/06\/2-juin-2018-Pl\u00f4-de-Mailhac-2.jpg\"><img loading=\"lazy\" decoding=\"async\" class=\"size-medium wp-image-1188\" src=\"http:\/\/www.lesouvenirfrancais-saintchinian.fr\/wp-content\/uploads\/2018\/06\/2-juin-2018-Pl\u00f4-de-Mailhac-2-225x300.jpg\" alt=\"\" width=\"225\" height=\"300\" srcset=\"https:\/\/www.lesouvenirfrancais-saintchinian.fr\/wp-content\/uploads\/2018\/06\/2-juin-2018-Pl\u00f4-de-Mailhac-2-225x300.jpg 225w, https:\/\/www.lesouvenirfrancais-saintchinian.fr\/wp-content\/uploads\/2018\/06\/2-juin-2018-Pl\u00f4-de-Mailhac-2-768x1024.jpg 768w, https:\/\/www.lesouvenirfrancais-saintchinian.fr\/wp-content\/uploads\/2018\/06\/2-juin-2018-Pl\u00f4-de-Mailhac-2-940x1253.jpg 940w, https:\/\/www.lesouvenirfrancais-saintchinian.fr\/wp-content\/uploads\/2018\/06\/2-juin-2018-Pl\u00f4-de-Mailhac-2.jpg 1575w\" sizes=\"auto, (max-width: 225px) 100vw, 225px\" \/><\/a><figcaption id=\"caption-attachment-1188\" class=\"wp-caption-text\">Les Portes-drapeau<\/figcaption><\/figure>\n<p align=\"LEFT\"><span style=\"font-size: large;\"><span style=\"font-family: Times New Roman, serif;\">Nous nous sommes ensuite retrouv\u00e9s autour du verre de l\u2019amiti\u00e9 offert par la commune.<\/span><\/span><\/p>\n<p align=\"LEFT\"><span style=\"font-size: large;\"><span style=\"font-family: Times New Roman, serif;\">Philippe Godia,<br \/>\nVice-pr\u00e9sident<\/span><\/span><\/p>\n","protected":false},"excerpt":{"rendered":"<p>Le Souvenir Fran\u00e7ais Saint-Chinianais \u00e9tait pr\u00e9sent \u00e0 Saint-Pons le samedi 2 juin 2018 au Hameau de forestage Harki du Pl\u00f4 de Mailhac. \u00c9taient pr\u00e9sents, entre autres, Monsieur le D\u00e9put\u00e9 Philippe Hupp\u00e9, Madame Marie-Pierre Pons, Vice-pr\u00e9sidente du Conseil D\u00e9partemental, Monsieur le &#8230; <a class=\"more-link\" href=\"https:\/\/www.lesouvenirfrancais-saintchinian.fr\/?p=1186\">Read More &raquo;<\/a><\/p>\n","protected":false},"author":321,"featured_media":0,"comment_status":"closed","ping_status":"closed","sticky":false,"template":"","format":"standard","meta":{"footnotes":""},"categories":[3],"tags":[],"class_list":["post-1186","post","type-post","status-publish","format-standard","hentry","category-manifestations-et-actions"],"_links":{"self":[{"href":"https:\/\/www.lesouvenirfrancais-saintchinian.fr\/index.php?rest_route=\/wp\/v2\/posts\/1186","targetHints":{"allow":["GET"]}}],"collection":[{"href":"https:\/\/www.lesouvenirfrancais-saintchinian.fr\/index.php?rest_route=\/wp\/v2\/posts"}],"about":[{"href":"https:\/\/www.lesouvenirfrancais-saintchinian.fr\/index.php?rest_route=\/wp\/v2\/types\/post"}],"author":[{"embeddable":true,"href":"https:\/\/www.lesouvenirfrancais-saintchinian.fr\/index.php?rest_route=\/wp\/v2\/users\/321"}],"replies":[{"embeddable":true,"href":"https:\/\/www.lesouvenirfrancais-saintchinian.fr\/index.php?rest_route=%2Fwp%2Fv2%2Fcomments&post=1186"}],"version-history":[{"count":1,"href":"https:\/\/www.lesouvenirfrancais-saintchinian.fr\/index.php?rest_route=\/wp\/v2\/posts\/1186\/revisions"}],"predecessor-version":[{"id":1196,"href":"https:\/\/www.lesouvenirfrancais-saintchinian.fr\/index.php?rest_route=\/wp\/v2\/posts\/1186\/revisions\/1196"}],"wp:attachment":[{"href":"https:\/\/www.lesouvenirfrancais-saintchinian.fr\/index.php?rest_route=%2Fwp%2Fv2%2Fmedia&parent=1186"}],"wp:term":[{"taxonomy":"category","embeddable":true,"href":"https:\/\/www.lesouvenirfrancais-saintchinian.fr\/index.php?rest_route=%2Fwp%2Fv2%2Fcategories&post=1186"},{"taxonomy":"post_tag","embeddable":true,"href":"https:\/\/www.lesouvenirfrancais-saintchinian.fr\/index.php?rest_route=%2Fwp%2Fv2%2Ftags&post=1186"}],"curies":[{"name":"wp","href":"https:\/\/api.w.org\/{rel}","templated":true}]}}