{"id":1258,"date":"2018-06-11T16:25:05","date_gmt":"2018-06-11T15:25:05","guid":{"rendered":"http:\/\/www.lesouvenirfrancais-saintchinian.fr\/?p=1258"},"modified":"2018-06-11T16:25:05","modified_gmt":"2018-06-11T15:25:05","slug":"a-saint-chinian-le-8-juin-2018-a-11h00-journee-nationale-dhommage-aux-morts-pour-la-france-en-indochine","status":"publish","type":"post","link":"https:\/\/www.lesouvenirfrancais-saintchinian.fr\/?p=1258","title":{"rendered":"A Saint-Chinian le 8 juin 2018 \u00e0 11h00: Journ\u00e9e nationale d&rsquo;hommage aux morts pour la France en Indochine"},"content":{"rendered":"<p style=\"text-align: left;\" align=\"CENTER\"><span style=\"font-size: large;\">En pr\u00e9sence du Maire de Saint-Chinian, d&rsquo;adjoints et de conseillers municipaux, d&rsquo;un repr\u00e9sentant de la gendarmerie, du Commandant Andr\u00e9 Gilles et d\u2019associations d&rsquo;anciens combattants et du Souvenir Fran\u00e7ais de Saint-Chinian, la c\u00e9r\u00e9monie a d\u00e9but\u00e9 devant le parvis de la Mairie, puis les participants ont pris place au pied du monument aux morts des jardins de la mairie.<\/span><\/p>\n<figure id=\"attachment_1262\" aria-describedby=\"caption-attachment-1262\" style=\"width: 300px\" class=\"wp-caption aligncenter\"><a href=\"http:\/\/www.lesouvenirfrancais-saintchinian.fr\/wp-content\/uploads\/2018\/06\/Indochine-8-juin-2018-4.jpg\"><img loading=\"lazy\" decoding=\"async\" class=\"size-medium wp-image-1262\" src=\"http:\/\/www.lesouvenirfrancais-saintchinian.fr\/wp-content\/uploads\/2018\/06\/Indochine-8-juin-2018-4-300x169.jpg\" alt=\"\" width=\"300\" height=\"169\" srcset=\"https:\/\/www.lesouvenirfrancais-saintchinian.fr\/wp-content\/uploads\/2018\/06\/Indochine-8-juin-2018-4-300x169.jpg 300w, https:\/\/www.lesouvenirfrancais-saintchinian.fr\/wp-content\/uploads\/2018\/06\/Indochine-8-juin-2018-4-768x432.jpg 768w, https:\/\/www.lesouvenirfrancais-saintchinian.fr\/wp-content\/uploads\/2018\/06\/Indochine-8-juin-2018-4-1024x576.jpg 1024w, https:\/\/www.lesouvenirfrancais-saintchinian.fr\/wp-content\/uploads\/2018\/06\/Indochine-8-juin-2018-4-940x529.jpg 940w, https:\/\/www.lesouvenirfrancais-saintchinian.fr\/wp-content\/uploads\/2018\/06\/Indochine-8-juin-2018-4.jpg 1575w\" sizes=\"auto, (max-width: 300px) 100vw, 300px\" \/><\/a><figcaption id=\"caption-attachment-1262\" class=\"wp-caption-text\">D\u00e9p\u00f4t de gerbe par le Maire<\/figcaption><\/figure>\n<p style=\"text-align: left;\"><span style=\"font-size: large;\">Monsieur Bruno Enjalbert, Maire de Saint-Chinian a d\u00e9pos\u00e9 une gerbe au pied du monument.<\/span><\/p>\n<p style=\"text-align: center;\"><span style=\"font-size: large;\">S&rsquo;en est suivie une minute de silence, la sonnerie aux morts et la Marseillaise.<\/span><\/p>\n<figure id=\"attachment_1260\" aria-describedby=\"caption-attachment-1260\" style=\"width: 300px\" class=\"wp-caption aligncenter\"><a href=\"http:\/\/www.lesouvenirfrancais-saintchinian.fr\/wp-content\/uploads\/2018\/06\/Indochine-8-juin-2018-2.jpg\"><img loading=\"lazy\" decoding=\"async\" class=\"wp-image-1260 size-medium\" src=\"http:\/\/www.lesouvenirfrancais-saintchinian.fr\/wp-content\/uploads\/2018\/06\/Indochine-8-juin-2018-2-300x169.jpg\" alt=\"\" width=\"300\" height=\"169\" srcset=\"https:\/\/www.lesouvenirfrancais-saintchinian.fr\/wp-content\/uploads\/2018\/06\/Indochine-8-juin-2018-2-300x169.jpg 300w, https:\/\/www.lesouvenirfrancais-saintchinian.fr\/wp-content\/uploads\/2018\/06\/Indochine-8-juin-2018-2-768x432.jpg 768w, https:\/\/www.lesouvenirfrancais-saintchinian.fr\/wp-content\/uploads\/2018\/06\/Indochine-8-juin-2018-2-1024x576.jpg 1024w, https:\/\/www.lesouvenirfrancais-saintchinian.fr\/wp-content\/uploads\/2018\/06\/Indochine-8-juin-2018-2-940x529.jpg 940w, https:\/\/www.lesouvenirfrancais-saintchinian.fr\/wp-content\/uploads\/2018\/06\/Indochine-8-juin-2018-2.jpg 1575w\" sizes=\"auto, (max-width: 300px) 100vw, 300px\" \/><\/a><figcaption id=\"caption-attachment-1260\" class=\"wp-caption-text\">Discours du Commandant Andr\u00e9 Gilles<\/figcaption><\/figure>\n<p style=\"text-align: center;\"><!-- x-tinymce\/html --><\/p>\n<p>&nbsp;<\/p>\n<figure id=\"attachment_1264\" aria-describedby=\"caption-attachment-1264\" style=\"width: 300px\" class=\"wp-caption aligncenter\"><a href=\"http:\/\/www.lesouvenirfrancais-saintchinian.fr\/wp-content\/uploads\/2018\/06\/Indochine-8-juin-2018-6.jpg\"><img loading=\"lazy\" decoding=\"async\" class=\"wp-image-1264\" src=\"http:\/\/www.lesouvenirfrancais-saintchinian.fr\/wp-content\/uploads\/2018\/06\/Indochine-8-juin-2018-6-300x169.jpg\" alt=\"\" width=\"300\" height=\"169\" srcset=\"https:\/\/www.lesouvenirfrancais-saintchinian.fr\/wp-content\/uploads\/2018\/06\/Indochine-8-juin-2018-6-300x169.jpg 300w, https:\/\/www.lesouvenirfrancais-saintchinian.fr\/wp-content\/uploads\/2018\/06\/Indochine-8-juin-2018-6-768x432.jpg 768w, https:\/\/www.lesouvenirfrancais-saintchinian.fr\/wp-content\/uploads\/2018\/06\/Indochine-8-juin-2018-6-1024x576.jpg 1024w, https:\/\/www.lesouvenirfrancais-saintchinian.fr\/wp-content\/uploads\/2018\/06\/Indochine-8-juin-2018-6-940x529.jpg 940w, https:\/\/www.lesouvenirfrancais-saintchinian.fr\/wp-content\/uploads\/2018\/06\/Indochine-8-juin-2018-6.jpg 1575w\" sizes=\"auto, (max-width: 300px) 100vw, 300px\" \/><\/a><figcaption id=\"caption-attachment-1264\" class=\"wp-caption-text\">Discours de Patrice Hanriot, Adjoint<\/figcaption><\/figure>\n<figure id=\"attachment_1267\" aria-describedby=\"caption-attachment-1267\" style=\"width: 300px\" class=\"wp-caption aligncenter\"><a href=\"http:\/\/www.lesouvenirfrancais-saintchinian.fr\/wp-content\/uploads\/2018\/06\/20180608_111150.jpg\"><img loading=\"lazy\" decoding=\"async\" class=\"wp-image-1267 size-medium\" src=\"http:\/\/www.lesouvenirfrancais-saintchinian.fr\/wp-content\/uploads\/2018\/06\/20180608_111150-300x169.jpg\" alt=\"\" width=\"300\" height=\"169\" srcset=\"https:\/\/www.lesouvenirfrancais-saintchinian.fr\/wp-content\/uploads\/2018\/06\/20180608_111150-300x169.jpg 300w, https:\/\/www.lesouvenirfrancais-saintchinian.fr\/wp-content\/uploads\/2018\/06\/20180608_111150-768x432.jpg 768w, https:\/\/www.lesouvenirfrancais-saintchinian.fr\/wp-content\/uploads\/2018\/06\/20180608_111150-1024x576.jpg 1024w, https:\/\/www.lesouvenirfrancais-saintchinian.fr\/wp-content\/uploads\/2018\/06\/20180608_111150-940x529.jpg 940w\" sizes=\"auto, (max-width: 300px) 100vw, 300px\" \/><\/a><figcaption id=\"caption-attachment-1267\" class=\"wp-caption-text\">Discours de Monsieur le Maire<\/figcaption><\/figure>\n<p style=\"text-align: left;\"><span style=\"font-size: large;\">Le Commandant Andr\u00e9 Gilles \u00e0 prononc\u00e9 le premier discours, puis Patrice Hanriot, Adjoint,le deuxi\u00e8me puis le maire a cl\u00f4tur\u00e9 les prises de paroles.<\/span><\/p>\n<p style=\"text-align: left;\"><span style=\"font-size: large;\">La c\u00e9r\u00e9monie s&rsquo;est termin\u00e9e par les remerciements aux porte-drapeaux.<\/span><\/p>\n<figure id=\"attachment_1265\" aria-describedby=\"caption-attachment-1265\" style=\"width: 300px\" class=\"wp-caption aligncenter\"><a href=\"http:\/\/www.lesouvenirfrancais-saintchinian.fr\/wp-content\/uploads\/2018\/06\/Indochine-8-juin-2018-7.jpg\"><img loading=\"lazy\" decoding=\"async\" class=\"size-medium wp-image-1265\" src=\"http:\/\/www.lesouvenirfrancais-saintchinian.fr\/wp-content\/uploads\/2018\/06\/Indochine-8-juin-2018-7-300x169.jpg\" alt=\"\" width=\"300\" height=\"169\" srcset=\"https:\/\/www.lesouvenirfrancais-saintchinian.fr\/wp-content\/uploads\/2018\/06\/Indochine-8-juin-2018-7-300x169.jpg 300w, https:\/\/www.lesouvenirfrancais-saintchinian.fr\/wp-content\/uploads\/2018\/06\/Indochine-8-juin-2018-7-768x432.jpg 768w, https:\/\/www.lesouvenirfrancais-saintchinian.fr\/wp-content\/uploads\/2018\/06\/Indochine-8-juin-2018-7-1024x576.jpg 1024w, https:\/\/www.lesouvenirfrancais-saintchinian.fr\/wp-content\/uploads\/2018\/06\/Indochine-8-juin-2018-7-940x529.jpg 940w, https:\/\/www.lesouvenirfrancais-saintchinian.fr\/wp-content\/uploads\/2018\/06\/Indochine-8-juin-2018-7.jpg 1575w\" sizes=\"auto, (max-width: 300px) 100vw, 300px\" \/><\/a><figcaption id=\"caption-attachment-1265\" class=\"wp-caption-text\">Remerciements aux porte-drapeaux<\/figcaption><\/figure>\n<figure id=\"attachment_1261\" aria-describedby=\"caption-attachment-1261\" style=\"width: 300px\" class=\"wp-caption aligncenter\"><a href=\"http:\/\/www.lesouvenirfrancais-saintchinian.fr\/wp-content\/uploads\/2018\/06\/Indochine-8-juin-2018-3.jpg\"><img loading=\"lazy\" decoding=\"async\" class=\"size-medium wp-image-1261\" src=\"http:\/\/www.lesouvenirfrancais-saintchinian.fr\/wp-content\/uploads\/2018\/06\/Indochine-8-juin-2018-3-300x169.jpg\" alt=\"\" width=\"300\" height=\"169\" srcset=\"https:\/\/www.lesouvenirfrancais-saintchinian.fr\/wp-content\/uploads\/2018\/06\/Indochine-8-juin-2018-3-300x169.jpg 300w, https:\/\/www.lesouvenirfrancais-saintchinian.fr\/wp-content\/uploads\/2018\/06\/Indochine-8-juin-2018-3-768x432.jpg 768w, https:\/\/www.lesouvenirfrancais-saintchinian.fr\/wp-content\/uploads\/2018\/06\/Indochine-8-juin-2018-3-1024x576.jpg 1024w, https:\/\/www.lesouvenirfrancais-saintchinian.fr\/wp-content\/uploads\/2018\/06\/Indochine-8-juin-2018-3-940x529.jpg 940w, https:\/\/www.lesouvenirfrancais-saintchinian.fr\/wp-content\/uploads\/2018\/06\/Indochine-8-juin-2018-3.jpg 1575w\" sizes=\"auto, (max-width: 300px) 100vw, 300px\" \/><\/a><figcaption id=\"caption-attachment-1261\" class=\"wp-caption-text\">Remerciements aux porte-drapeaux<\/figcaption><\/figure>\n<p>&nbsp;<\/p>\n<p style=\"text-align: left;\"><span style=\"font-size: large;\">Nos deux drapeaux \u00e9taient port\u00e9s par Danielle et Philippe.<\/span><\/p>\n<p style=\"text-align: left;\"><span style=\"font-size: large;\">Philippe Godia,<\/span><\/p>\n<p style=\"text-align: left;\"><span style=\"font-size: large;\">Vice-pr\u00e9sident.<br \/>\n<\/span><\/p>\n","protected":false},"excerpt":{"rendered":"<p>En pr\u00e9sence du Maire de Saint-Chinian, d&rsquo;adjoints et de conseillers municipaux, d&rsquo;un repr\u00e9sentant de la gendarmerie, du Commandant Andr\u00e9 Gilles et d\u2019associations d&rsquo;anciens combattants et du Souvenir Fran\u00e7ais de Saint-Chinian, la c\u00e9r\u00e9monie a d\u00e9but\u00e9 devant le parvis de la Mairie, &#8230; <a class=\"more-link\" href=\"https:\/\/www.lesouvenirfrancais-saintchinian.fr\/?p=1258\">Read More &raquo;<\/a><\/p>\n","protected":false},"author":321,"featured_media":0,"comment_status":"closed","ping_status":"closed","sticky":false,"template":"","format":"standard","meta":{"footnotes":""},"categories":[3],"tags":[],"class_list":["post-1258","post","type-post","status-publish","format-standard","hentry","category-manifestations-et-actions"],"_links":{"self":[{"href":"https:\/\/www.lesouvenirfrancais-saintchinian.fr\/index.php?rest_route=\/wp\/v2\/posts\/1258","targetHints":{"allow":["GET"]}}],"collection":[{"href":"https:\/\/www.lesouvenirfrancais-saintchinian.fr\/index.php?rest_route=\/wp\/v2\/posts"}],"about":[{"href":"https:\/\/www.lesouvenirfrancais-saintchinian.fr\/index.php?rest_route=\/wp\/v2\/types\/post"}],"author":[{"embeddable":true,"href":"https:\/\/www.lesouvenirfrancais-saintchinian.fr\/index.php?rest_route=\/wp\/v2\/users\/321"}],"replies":[{"embeddable":true,"href":"https:\/\/www.lesouvenirfrancais-saintchinian.fr\/index.php?rest_route=%2Fwp%2Fv2%2Fcomments&post=1258"}],"version-history":[{"count":1,"href":"https:\/\/www.lesouvenirfrancais-saintchinian.fr\/index.php?rest_route=\/wp\/v2\/posts\/1258\/revisions"}],"predecessor-version":[{"id":1268,"href":"https:\/\/www.lesouvenirfrancais-saintchinian.fr\/index.php?rest_route=\/wp\/v2\/posts\/1258\/revisions\/1268"}],"wp:attachment":[{"href":"https:\/\/www.lesouvenirfrancais-saintchinian.fr\/index.php?rest_route=%2Fwp%2Fv2%2Fmedia&parent=1258"}],"wp:term":[{"taxonomy":"category","embeddable":true,"href":"https:\/\/www.lesouvenirfrancais-saintchinian.fr\/index.php?rest_route=%2Fwp%2Fv2%2Fcategories&post=1258"},{"taxonomy":"post_tag","embeddable":true,"href":"https:\/\/www.lesouvenirfrancais-saintchinian.fr\/index.php?rest_route=%2Fwp%2Fv2%2Ftags&post=1258"}],"curies":[{"name":"wp","href":"https:\/\/api.w.org\/{rel}","templated":true}]}}