{"id":1269,"date":"2018-06-11T17:24:06","date_gmt":"2018-06-11T16:24:06","guid":{"rendered":"http:\/\/www.lesouvenirfrancais-saintchinian.fr\/?p=1269"},"modified":"2018-06-11T17:24:06","modified_gmt":"2018-06-11T16:24:06","slug":"a-caux-le-9-juin-2018-a-9h30-sest-deroulee-lassemblee-generale-des-presidents-des-comites-du-souvenir-francais-de-lherault","status":"publish","type":"post","link":"https:\/\/www.lesouvenirfrancais-saintchinian.fr\/?p=1269","title":{"rendered":"A Caux, le 9 juin 2018 \u00e0 9h30 s&rsquo;est d\u00e9roul\u00e9e l&rsquo;assembl\u00e9e g\u00e9n\u00e9rale des Pr\u00e9sidents des comit\u00e9s du Souvenir Fran\u00e7ais de l&rsquo;H\u00e9rault."},"content":{"rendered":"<figure id=\"attachment_1275\" aria-describedby=\"caption-attachment-1275\" style=\"width: 300px\" class=\"wp-caption aligncenter\"><a href=\"http:\/\/www.lesouvenirfrancais-saintchinian.fr\/wp-content\/uploads\/2018\/06\/AG-Caux-9-juin-2018-6.jpg\"><img loading=\"lazy\" decoding=\"async\" class=\"size-medium wp-image-1275\" src=\"http:\/\/www.lesouvenirfrancais-saintchinian.fr\/wp-content\/uploads\/2018\/06\/AG-Caux-9-juin-2018-6-300x169.jpg\" alt=\"\" width=\"300\" height=\"169\" srcset=\"https:\/\/www.lesouvenirfrancais-saintchinian.fr\/wp-content\/uploads\/2018\/06\/AG-Caux-9-juin-2018-6-300x169.jpg 300w, https:\/\/www.lesouvenirfrancais-saintchinian.fr\/wp-content\/uploads\/2018\/06\/AG-Caux-9-juin-2018-6-768x432.jpg 768w, https:\/\/www.lesouvenirfrancais-saintchinian.fr\/wp-content\/uploads\/2018\/06\/AG-Caux-9-juin-2018-6-1024x576.jpg 1024w, https:\/\/www.lesouvenirfrancais-saintchinian.fr\/wp-content\/uploads\/2018\/06\/AG-Caux-9-juin-2018-6-940x529.jpg 940w, https:\/\/www.lesouvenirfrancais-saintchinian.fr\/wp-content\/uploads\/2018\/06\/AG-Caux-9-juin-2018-6.jpg 1575w\" sizes=\"auto, (max-width: 300px) 100vw, 300px\" \/><\/a><figcaption id=\"caption-attachment-1275\" class=\"wp-caption-text\">La d\u00e9l\u00e9gation de l&rsquo;H\u00e9rault.<\/figcaption><\/figure>\n<p align=\"LEFT\"><span style=\"font-size: large;\">La premi\u00e8re partie de la r\u00e9union fut consacr\u00e9e aux retours qu&rsquo;a eu le D\u00e9l\u00e9gu\u00e9 D\u00e9partemental Fran\u00e7ois Colombi\u00e9 au congr\u00e8s du Souvenir Fran\u00e7ais \u00e0 Paris.<\/span><\/p>\n<p align=\"LEFT\"><span style=\"font-size: large;\">La seconde partie fut d\u00e9di\u00e9e aux questions diverses, aux probl\u00e8mes que peuvent rencontrer les comit\u00e9s, aux questions financi\u00e8res, aux futurs projets&#8230;.<\/span><\/p>\n<p align=\"LEFT\"><span style=\"font-size: large;\">Deux m\u00e9dailles ont \u00e9t\u00e9 d\u00e9cern\u00e9es\u00a0: <\/span><\/p>\n<p align=\"LEFT\"><span style=\"font-size: large;\">la premi\u00e8re au Pr\u00e9sident du Comit\u00e9 de Caux, Eric Gallaud pour ses actions multiples.<\/span><\/p>\n<figure id=\"attachment_1271\" aria-describedby=\"caption-attachment-1271\" style=\"width: 300px\" class=\"wp-caption aligncenter\"><a href=\"http:\/\/www.lesouvenirfrancais-saintchinian.fr\/wp-content\/uploads\/2018\/06\/AG-Caux-9-juin-2018-2.jpg\"><img loading=\"lazy\" decoding=\"async\" class=\"size-medium wp-image-1271\" src=\"http:\/\/www.lesouvenirfrancais-saintchinian.fr\/wp-content\/uploads\/2018\/06\/AG-Caux-9-juin-2018-2-300x169.jpg\" alt=\"\" width=\"300\" height=\"169\" srcset=\"https:\/\/www.lesouvenirfrancais-saintchinian.fr\/wp-content\/uploads\/2018\/06\/AG-Caux-9-juin-2018-2-300x169.jpg 300w, https:\/\/www.lesouvenirfrancais-saintchinian.fr\/wp-content\/uploads\/2018\/06\/AG-Caux-9-juin-2018-2-768x432.jpg 768w, https:\/\/www.lesouvenirfrancais-saintchinian.fr\/wp-content\/uploads\/2018\/06\/AG-Caux-9-juin-2018-2-1024x576.jpg 1024w, https:\/\/www.lesouvenirfrancais-saintchinian.fr\/wp-content\/uploads\/2018\/06\/AG-Caux-9-juin-2018-2-940x529.jpg 940w, https:\/\/www.lesouvenirfrancais-saintchinian.fr\/wp-content\/uploads\/2018\/06\/AG-Caux-9-juin-2018-2.jpg 1575w\" sizes=\"auto, (max-width: 300px) 100vw, 300px\" \/><\/a><figcaption id=\"caption-attachment-1271\" class=\"wp-caption-text\">M\u00e9daille de Vermeil pour Eric Gallaud, Pr\u00e9sident de Caux.<\/figcaption><\/figure>\n<p align=\"LEFT\"><span style=\"font-size: large;\">La seconde fut remise au Lieutenant Gilhodes de la fanfare des Sapeur-Pompiers de l&rsquo;H\u00e9rault, tr\u00e8s souvent disponible quand le Souvenir Fran\u00e7ais en a besoin.<\/span><\/p>\n<figure id=\"attachment_1270\" aria-describedby=\"caption-attachment-1270\" style=\"width: 300px\" class=\"wp-caption aligncenter\"><a href=\"http:\/\/www.lesouvenirfrancais-saintchinian.fr\/wp-content\/uploads\/2018\/06\/AG-Caux-9-juin-2018-1.jpg\"><img loading=\"lazy\" decoding=\"async\" class=\"wp-image-1270 size-medium\" src=\"http:\/\/www.lesouvenirfrancais-saintchinian.fr\/wp-content\/uploads\/2018\/06\/AG-Caux-9-juin-2018-1-300x169.jpg\" alt=\"\" width=\"300\" height=\"169\" srcset=\"https:\/\/www.lesouvenirfrancais-saintchinian.fr\/wp-content\/uploads\/2018\/06\/AG-Caux-9-juin-2018-1-300x169.jpg 300w, https:\/\/www.lesouvenirfrancais-saintchinian.fr\/wp-content\/uploads\/2018\/06\/AG-Caux-9-juin-2018-1-768x432.jpg 768w, https:\/\/www.lesouvenirfrancais-saintchinian.fr\/wp-content\/uploads\/2018\/06\/AG-Caux-9-juin-2018-1-1024x576.jpg 1024w, https:\/\/www.lesouvenirfrancais-saintchinian.fr\/wp-content\/uploads\/2018\/06\/AG-Caux-9-juin-2018-1-940x529.jpg 940w, https:\/\/www.lesouvenirfrancais-saintchinian.fr\/wp-content\/uploads\/2018\/06\/AG-Caux-9-juin-2018-1.jpg 1575w\" sizes=\"auto, (max-width: 300px) 100vw, 300px\" \/><\/a><figcaption id=\"caption-attachment-1270\" class=\"wp-caption-text\">M\u00e9daille de bronze pour le Lieutenant Gilhodes de la Fanfare.<\/figcaption><\/figure>\n<figure id=\"attachment_1272\" aria-describedby=\"caption-attachment-1272\" style=\"width: 300px\" class=\"wp-caption aligncenter\"><a href=\"http:\/\/www.lesouvenirfrancais-saintchinian.fr\/wp-content\/uploads\/2018\/06\/AG-Caux-9-juin-2018-3.jpg\"><img loading=\"lazy\" decoding=\"async\" class=\"size-medium wp-image-1272\" src=\"http:\/\/www.lesouvenirfrancais-saintchinian.fr\/wp-content\/uploads\/2018\/06\/AG-Caux-9-juin-2018-3-300x169.jpg\" alt=\"\" width=\"300\" height=\"169\" srcset=\"https:\/\/www.lesouvenirfrancais-saintchinian.fr\/wp-content\/uploads\/2018\/06\/AG-Caux-9-juin-2018-3-300x169.jpg 300w, https:\/\/www.lesouvenirfrancais-saintchinian.fr\/wp-content\/uploads\/2018\/06\/AG-Caux-9-juin-2018-3-768x432.jpg 768w, https:\/\/www.lesouvenirfrancais-saintchinian.fr\/wp-content\/uploads\/2018\/06\/AG-Caux-9-juin-2018-3-1024x576.jpg 1024w, https:\/\/www.lesouvenirfrancais-saintchinian.fr\/wp-content\/uploads\/2018\/06\/AG-Caux-9-juin-2018-3-940x529.jpg 940w, https:\/\/www.lesouvenirfrancais-saintchinian.fr\/wp-content\/uploads\/2018\/06\/AG-Caux-9-juin-2018-3.jpg 1575w\" sizes=\"auto, (max-width: 300px) 100vw, 300px\" \/><\/a><figcaption id=\"caption-attachment-1272\" class=\"wp-caption-text\">Les deux m\u00e9daill\u00e9s.<\/figcaption><\/figure>\n<p align=\"LEFT\">\n<figure id=\"attachment_1273\" aria-describedby=\"caption-attachment-1273\" style=\"width: 300px\" class=\"wp-caption aligncenter\"><a href=\"http:\/\/www.lesouvenirfrancais-saintchinian.fr\/wp-content\/uploads\/2018\/06\/AG-Caux-9-juin-2018-4.jpg\"><img loading=\"lazy\" decoding=\"async\" class=\"size-medium wp-image-1273\" src=\"http:\/\/www.lesouvenirfrancais-saintchinian.fr\/wp-content\/uploads\/2018\/06\/AG-Caux-9-juin-2018-4-300x169.jpg\" alt=\"\" width=\"300\" height=\"169\" srcset=\"https:\/\/www.lesouvenirfrancais-saintchinian.fr\/wp-content\/uploads\/2018\/06\/AG-Caux-9-juin-2018-4-300x169.jpg 300w, https:\/\/www.lesouvenirfrancais-saintchinian.fr\/wp-content\/uploads\/2018\/06\/AG-Caux-9-juin-2018-4-768x432.jpg 768w, https:\/\/www.lesouvenirfrancais-saintchinian.fr\/wp-content\/uploads\/2018\/06\/AG-Caux-9-juin-2018-4-1024x576.jpg 1024w, https:\/\/www.lesouvenirfrancais-saintchinian.fr\/wp-content\/uploads\/2018\/06\/AG-Caux-9-juin-2018-4-940x529.jpg 940w, https:\/\/www.lesouvenirfrancais-saintchinian.fr\/wp-content\/uploads\/2018\/06\/AG-Caux-9-juin-2018-4.jpg 1575w\" sizes=\"auto, (max-width: 300px) 100vw, 300px\" \/><\/a><figcaption id=\"caption-attachment-1273\" class=\"wp-caption-text\">L&rsquo;ensemble<\/figcaption><\/figure>\n<figure id=\"attachment_1274\" aria-describedby=\"caption-attachment-1274\" style=\"width: 300px\" class=\"wp-caption aligncenter\"><a href=\"http:\/\/www.lesouvenirfrancais-saintchinian.fr\/wp-content\/uploads\/2018\/06\/AG-Caux-9-juin-2018-5.jpg\"><img loading=\"lazy\" decoding=\"async\" class=\"size-medium wp-image-1274\" src=\"http:\/\/www.lesouvenirfrancais-saintchinian.fr\/wp-content\/uploads\/2018\/06\/AG-Caux-9-juin-2018-5-300x169.jpg\" alt=\"\" width=\"300\" height=\"169\" srcset=\"https:\/\/www.lesouvenirfrancais-saintchinian.fr\/wp-content\/uploads\/2018\/06\/AG-Caux-9-juin-2018-5-300x169.jpg 300w, https:\/\/www.lesouvenirfrancais-saintchinian.fr\/wp-content\/uploads\/2018\/06\/AG-Caux-9-juin-2018-5-768x432.jpg 768w, https:\/\/www.lesouvenirfrancais-saintchinian.fr\/wp-content\/uploads\/2018\/06\/AG-Caux-9-juin-2018-5-1024x576.jpg 1024w, https:\/\/www.lesouvenirfrancais-saintchinian.fr\/wp-content\/uploads\/2018\/06\/AG-Caux-9-juin-2018-5-940x529.jpg 940w, https:\/\/www.lesouvenirfrancais-saintchinian.fr\/wp-content\/uploads\/2018\/06\/AG-Caux-9-juin-2018-5.jpg 1575w\" sizes=\"auto, (max-width: 300px) 100vw, 300px\" \/><\/a><figcaption id=\"caption-attachment-1274\" class=\"wp-caption-text\">L&rsquo;ensemble<\/figcaption><\/figure>\n<p style=\"text-align: left;\" align=\"LEFT\"><span style=\"font-size: large;\">Apr\u00e8s un d\u00e9jeuner convivial, nous nous sommes rendus \u00e0 18h00 l&rsquo;inauguration d&rsquo;une exposition que nous vous recommandons vivement, toujours \u00e0 Caux.<\/span><\/p>\n<figure id=\"attachment_1279\" aria-describedby=\"caption-attachment-1279\" style=\"width: 574px\" class=\"wp-caption aligncenter\"><a href=\"http:\/\/www.lesouvenirfrancais-saintchinian.fr\/wp-content\/uploads\/2018\/06\/Affiche-Caux.jpg\"><img loading=\"lazy\" decoding=\"async\" class=\"size-large wp-image-1279\" src=\"http:\/\/www.lesouvenirfrancais-saintchinian.fr\/wp-content\/uploads\/2018\/06\/Affiche-Caux-574x1024.jpg\" alt=\"\" width=\"574\" height=\"1024\" srcset=\"https:\/\/www.lesouvenirfrancais-saintchinian.fr\/wp-content\/uploads\/2018\/06\/Affiche-Caux-574x1024.jpg 574w, https:\/\/www.lesouvenirfrancais-saintchinian.fr\/wp-content\/uploads\/2018\/06\/Affiche-Caux-168x300.jpg 168w, https:\/\/www.lesouvenirfrancais-saintchinian.fr\/wp-content\/uploads\/2018\/06\/Affiche-Caux-768x1370.jpg 768w, https:\/\/www.lesouvenirfrancais-saintchinian.fr\/wp-content\/uploads\/2018\/06\/Affiche-Caux-940x1677.jpg 940w\" sizes=\"auto, (max-width: 574px) 100vw, 574px\" \/><\/a><figcaption id=\"caption-attachment-1279\" class=\"wp-caption-text\">Affiche exposition \u00e0 Caux<\/figcaption><\/figure>\n<p align=\"LEFT\"><span style=\"font-size: large;\">Pour l&rsquo;occasion, des soldats et infirmi\u00e8res habill\u00e9s en tenues 14\/18 participaient \u00e0 cette inauguration.<\/span><\/p>\n<p align=\"LEFT\"><span style=\"font-size: large;\">Philippe Godia,<\/span><\/p>\n<p align=\"LEFT\"><span style=\"font-size: large;\">Vice-pr\u00e9sident.<br \/>\n<\/span><\/p>\n","protected":false},"excerpt":{"rendered":"<p>La premi\u00e8re partie de la r\u00e9union fut consacr\u00e9e aux retours qu&rsquo;a eu le D\u00e9l\u00e9gu\u00e9 D\u00e9partemental Fran\u00e7ois Colombi\u00e9 au congr\u00e8s du Souvenir Fran\u00e7ais \u00e0 Paris. La seconde partie fut d\u00e9di\u00e9e aux questions diverses, aux probl\u00e8mes que peuvent rencontrer les comit\u00e9s, aux &#8230; <a class=\"more-link\" href=\"https:\/\/www.lesouvenirfrancais-saintchinian.fr\/?p=1269\">Read More &raquo;<\/a><\/p>\n","protected":false},"author":321,"featured_media":0,"comment_status":"closed","ping_status":"closed","sticky":false,"template":"","format":"standard","meta":{"footnotes":""},"categories":[3],"tags":[],"class_list":["post-1269","post","type-post","status-publish","format-standard","hentry","category-manifestations-et-actions"],"_links":{"self":[{"href":"https:\/\/www.lesouvenirfrancais-saintchinian.fr\/index.php?rest_route=\/wp\/v2\/posts\/1269","targetHints":{"allow":["GET"]}}],"collection":[{"href":"https:\/\/www.lesouvenirfrancais-saintchinian.fr\/index.php?rest_route=\/wp\/v2\/posts"}],"about":[{"href":"https:\/\/www.lesouvenirfrancais-saintchinian.fr\/index.php?rest_route=\/wp\/v2\/types\/post"}],"author":[{"embeddable":true,"href":"https:\/\/www.lesouvenirfrancais-saintchinian.fr\/index.php?rest_route=\/wp\/v2\/users\/321"}],"replies":[{"embeddable":true,"href":"https:\/\/www.lesouvenirfrancais-saintchinian.fr\/index.php?rest_route=%2Fwp%2Fv2%2Fcomments&post=1269"}],"version-history":[{"count":1,"href":"https:\/\/www.lesouvenirfrancais-saintchinian.fr\/index.php?rest_route=\/wp\/v2\/posts\/1269\/revisions"}],"predecessor-version":[{"id":1280,"href":"https:\/\/www.lesouvenirfrancais-saintchinian.fr\/index.php?rest_route=\/wp\/v2\/posts\/1269\/revisions\/1280"}],"wp:attachment":[{"href":"https:\/\/www.lesouvenirfrancais-saintchinian.fr\/index.php?rest_route=%2Fwp%2Fv2%2Fmedia&parent=1269"}],"wp:term":[{"taxonomy":"category","embeddable":true,"href":"https:\/\/www.lesouvenirfrancais-saintchinian.fr\/index.php?rest_route=%2Fwp%2Fv2%2Fcategories&post=1269"},{"taxonomy":"post_tag","embeddable":true,"href":"https:\/\/www.lesouvenirfrancais-saintchinian.fr\/index.php?rest_route=%2Fwp%2Fv2%2Ftags&post=1269"}],"curies":[{"name":"wp","href":"https:\/\/api.w.org\/{rel}","templated":true}]}}