{"id":1281,"date":"2018-06-18T14:52:25","date_gmt":"2018-06-18T13:52:25","guid":{"rendered":"http:\/\/www.lesouvenirfrancais-saintchinian.fr\/?p=1281"},"modified":"2018-06-18T14:52:25","modified_gmt":"2018-06-18T13:52:25","slug":"commemoration-de-lappel-du-general-de-gaulle-a-saint-chinian-le-18-juin-2018","status":"publish","type":"post","link":"https:\/\/www.lesouvenirfrancais-saintchinian.fr\/?p=1281","title":{"rendered":"Comm\u00e9moration de l\u2019Appel du G\u00e9n\u00e9ral de Gaulle \u00e0 Saint-Chinian le 18 juin 2018"},"content":{"rendered":"<p><span style=\"font-family: Arial, sans-serif;\"><span style=\"font-size: large;\">C\u00e9r\u00e9monie organis\u00e9e dans le cadre de la Journ\u00e9e nationale comm\u00e9morative de l&rsquo;Appel du G\u00e9n\u00e9ral de Gaulle, le 18 juin 1940, \u00e0 refuser la d\u00e9faite et \u00e0 poursuivre le combat contre l&rsquo;ennemi.<\/span><\/span><\/p>\n<figure id=\"attachment_1289\" aria-describedby=\"caption-attachment-1289\" style=\"width: 600px\" class=\"wp-caption alignnone\"><a href=\"http:\/\/www.lesouvenirfrancais-saintchinian.fr\/wp-content\/uploads\/2018\/06\/Appel-du-18-juin-1940.jpg\"><img loading=\"lazy\" decoding=\"async\" class=\"size-large wp-image-1289\" src=\"http:\/\/www.lesouvenirfrancais-saintchinian.fr\/wp-content\/uploads\/2018\/06\/Appel-du-18-juin-1940-764x1024.jpg\" alt=\"\" width=\"600\" height=\"804\" srcset=\"https:\/\/www.lesouvenirfrancais-saintchinian.fr\/wp-content\/uploads\/2018\/06\/Appel-du-18-juin-1940.jpg 764w, https:\/\/www.lesouvenirfrancais-saintchinian.fr\/wp-content\/uploads\/2018\/06\/Appel-du-18-juin-1940-224x300.jpg 224w\" sizes=\"auto, (max-width: 600px) 100vw, 600px\" \/><\/a><figcaption id=\"caption-attachment-1289\" class=\"wp-caption-text\">18 juin 1940. Appel du G\u00e9n\u00e9ral de Gaulle \u00e0 r\u00e9sister.<\/figcaption><\/figure>\n<p><span style=\"font-family: Arial, sans-serif;\"><span style=\"font-size: large;\">Ce fut un moment important de l\u2019Histoire de la Seconde Guerre Mondiale et des forces combattantes en France.<\/span><\/span><\/p>\n<figure id=\"attachment_1283\" aria-describedby=\"caption-attachment-1283\" style=\"width: 600px\" class=\"wp-caption aligncenter\"><a href=\"http:\/\/www.lesouvenirfrancais-saintchinian.fr\/wp-content\/uploads\/2018\/06\/18-juin-2018-St-Chinian-2.jpg\"><img loading=\"lazy\" decoding=\"async\" class=\"size-large wp-image-1283\" src=\"http:\/\/www.lesouvenirfrancais-saintchinian.fr\/wp-content\/uploads\/2018\/06\/18-juin-2018-St-Chinian-2-1024x576.jpg\" alt=\"\" width=\"600\" height=\"338\" srcset=\"https:\/\/www.lesouvenirfrancais-saintchinian.fr\/wp-content\/uploads\/2018\/06\/18-juin-2018-St-Chinian-2-1024x576.jpg 1024w, https:\/\/www.lesouvenirfrancais-saintchinian.fr\/wp-content\/uploads\/2018\/06\/18-juin-2018-St-Chinian-2-300x169.jpg 300w, https:\/\/www.lesouvenirfrancais-saintchinian.fr\/wp-content\/uploads\/2018\/06\/18-juin-2018-St-Chinian-2-768x432.jpg 768w, https:\/\/www.lesouvenirfrancais-saintchinian.fr\/wp-content\/uploads\/2018\/06\/18-juin-2018-St-Chinian-2-940x529.jpg 940w, https:\/\/www.lesouvenirfrancais-saintchinian.fr\/wp-content\/uploads\/2018\/06\/18-juin-2018-St-Chinian-2.jpg 1575w\" sizes=\"auto, (max-width: 600px) 100vw, 600px\" \/><\/a><figcaption id=\"caption-attachment-1283\" class=\"wp-caption-text\">18 juin 2018 \u00e0 Saint-Chinian. Regroupement devant la Mairie.<\/figcaption><\/figure>\n<p><span style=\"font-family: Arial, sans-serif;\"><span style=\"font-size: large;\">Rendez-vous \u00e9tait donn\u00e9 \u00e0 10h30 devant la mairie afin de former le cort\u00e8ge des porte-drapeaux (<\/span><\/span><span style=\"font-family: Arial, sans-serif;\"><span style=\"font-size: large;\">dont celui du Comit\u00e9 du Souvenir Fran\u00e7ais de St Chinian port\u00e9 par Philippe), des gendarmes, \u00e9lus, monde associatif et quelques participants.<\/span><\/span><\/p>\n<figure id=\"attachment_1287\" aria-describedby=\"caption-attachment-1287\" style=\"width: 600px\" class=\"wp-caption aligncenter\"><a href=\"http:\/\/www.lesouvenirfrancais-saintchinian.fr\/wp-content\/uploads\/2018\/06\/18-juin-2018-St-Chinian-6.jpg\"><img loading=\"lazy\" decoding=\"async\" class=\"size-large wp-image-1287\" src=\"http:\/\/www.lesouvenirfrancais-saintchinian.fr\/wp-content\/uploads\/2018\/06\/18-juin-2018-St-Chinian-6-1024x576.jpg\" alt=\"\" width=\"600\" height=\"338\" srcset=\"https:\/\/www.lesouvenirfrancais-saintchinian.fr\/wp-content\/uploads\/2018\/06\/18-juin-2018-St-Chinian-6-1024x576.jpg 1024w, https:\/\/www.lesouvenirfrancais-saintchinian.fr\/wp-content\/uploads\/2018\/06\/18-juin-2018-St-Chinian-6-300x169.jpg 300w, https:\/\/www.lesouvenirfrancais-saintchinian.fr\/wp-content\/uploads\/2018\/06\/18-juin-2018-St-Chinian-6-768x432.jpg 768w, https:\/\/www.lesouvenirfrancais-saintchinian.fr\/wp-content\/uploads\/2018\/06\/18-juin-2018-St-Chinian-6-940x529.jpg 940w, https:\/\/www.lesouvenirfrancais-saintchinian.fr\/wp-content\/uploads\/2018\/06\/18-juin-2018-St-Chinian-6.jpg 1575w\" sizes=\"auto, (max-width: 600px) 100vw, 600px\" \/><\/a><figcaption id=\"caption-attachment-1287\" class=\"wp-caption-text\">18 juin 2018 \u00e0 Saint-Chinian. Regroupement devant la Mairie.<\/figcaption><\/figure>\n<figure id=\"attachment_1286\" aria-describedby=\"caption-attachment-1286\" style=\"width: 600px\" class=\"wp-caption aligncenter\"><a href=\"http:\/\/www.lesouvenirfrancais-saintchinian.fr\/wp-content\/uploads\/2018\/06\/18-juin-2018-St-Chinian-5.jpg\"><img loading=\"lazy\" decoding=\"async\" class=\"size-large wp-image-1286\" src=\"http:\/\/www.lesouvenirfrancais-saintchinian.fr\/wp-content\/uploads\/2018\/06\/18-juin-2018-St-Chinian-5-1024x576.jpg\" alt=\"\" width=\"600\" height=\"338\" srcset=\"https:\/\/www.lesouvenirfrancais-saintchinian.fr\/wp-content\/uploads\/2018\/06\/18-juin-2018-St-Chinian-5-1024x576.jpg 1024w, https:\/\/www.lesouvenirfrancais-saintchinian.fr\/wp-content\/uploads\/2018\/06\/18-juin-2018-St-Chinian-5-300x169.jpg 300w, https:\/\/www.lesouvenirfrancais-saintchinian.fr\/wp-content\/uploads\/2018\/06\/18-juin-2018-St-Chinian-5-768x432.jpg 768w, https:\/\/www.lesouvenirfrancais-saintchinian.fr\/wp-content\/uploads\/2018\/06\/18-juin-2018-St-Chinian-5-940x529.jpg 940w, https:\/\/www.lesouvenirfrancais-saintchinian.fr\/wp-content\/uploads\/2018\/06\/18-juin-2018-St-Chinian-5.jpg 1575w\" sizes=\"auto, (max-width: 600px) 100vw, 600px\" \/><\/a><figcaption id=\"caption-attachment-1286\" class=\"wp-caption-text\">18 juin 2018 \u00e0 Saint-Chinian. \u00ab\u00a0Aux morts\u00a0\u00bb<\/figcaption><\/figure>\n<p><span style=\"font-family: Arial, sans-serif;\"><span style=\"font-size: large;\">Apr\u00e8s la mise en place des porte-drapeaux devant le monument aux morts des jardins de la mairie, Mr Patrice Hanriot, Adjoint a d\u00e9pos\u00e9 une gerbe au nom de la commune de Saint-Chinian.<\/span><\/span><\/p>\n<figure id=\"attachment_1285\" aria-describedby=\"caption-attachment-1285\" style=\"width: 600px\" class=\"wp-caption aligncenter\"><a href=\"http:\/\/www.lesouvenirfrancais-saintchinian.fr\/wp-content\/uploads\/2018\/06\/18-juin-2018-St-Chinian-4.jpg\"><img loading=\"lazy\" decoding=\"async\" class=\"size-large wp-image-1285\" src=\"http:\/\/www.lesouvenirfrancais-saintchinian.fr\/wp-content\/uploads\/2018\/06\/18-juin-2018-St-Chinian-4-1024x576.jpg\" alt=\"\" width=\"600\" height=\"338\" srcset=\"https:\/\/www.lesouvenirfrancais-saintchinian.fr\/wp-content\/uploads\/2018\/06\/18-juin-2018-St-Chinian-4-1024x576.jpg 1024w, https:\/\/www.lesouvenirfrancais-saintchinian.fr\/wp-content\/uploads\/2018\/06\/18-juin-2018-St-Chinian-4-300x169.jpg 300w, https:\/\/www.lesouvenirfrancais-saintchinian.fr\/wp-content\/uploads\/2018\/06\/18-juin-2018-St-Chinian-4-768x432.jpg 768w, https:\/\/www.lesouvenirfrancais-saintchinian.fr\/wp-content\/uploads\/2018\/06\/18-juin-2018-St-Chinian-4-940x529.jpg 940w, https:\/\/www.lesouvenirfrancais-saintchinian.fr\/wp-content\/uploads\/2018\/06\/18-juin-2018-St-Chinian-4.jpg 1575w\" sizes=\"auto, (max-width: 600px) 100vw, 600px\" \/><\/a><figcaption id=\"caption-attachment-1285\" class=\"wp-caption-text\">18 juin 2018 \u00e0 Saint-Chinian. D\u00e9p\u00f4t de gerbe pour la mairie.<\/figcaption><\/figure>\n<p><span style=\"font-family: Arial, sans-serif;\"><span style=\"font-size: large;\">Apr\u00e8s la minute de silence et la Marseillaise, l&rsquo;Adjoint au Maire \u00e0 \u00e9galement lu le discours officiel pr\u00e9c\u00e9dant celui du Commandant Andr\u00e9 Gilles.<\/span><\/span><\/p>\n<figure id=\"attachment_1290\" aria-describedby=\"caption-attachment-1290\" style=\"width: 600px\" class=\"wp-caption aligncenter\"><a href=\"http:\/\/www.lesouvenirfrancais-saintchinian.fr\/wp-content\/uploads\/2018\/06\/20180618_103808.jpg\"><img loading=\"lazy\" decoding=\"async\" class=\"size-large wp-image-1290\" src=\"http:\/\/www.lesouvenirfrancais-saintchinian.fr\/wp-content\/uploads\/2018\/06\/20180618_103808-1024x576.jpg\" alt=\"\" width=\"600\" height=\"338\" srcset=\"https:\/\/www.lesouvenirfrancais-saintchinian.fr\/wp-content\/uploads\/2018\/06\/20180618_103808-1024x576.jpg 1024w, https:\/\/www.lesouvenirfrancais-saintchinian.fr\/wp-content\/uploads\/2018\/06\/20180618_103808-300x169.jpg 300w, https:\/\/www.lesouvenirfrancais-saintchinian.fr\/wp-content\/uploads\/2018\/06\/20180618_103808-768x432.jpg 768w, https:\/\/www.lesouvenirfrancais-saintchinian.fr\/wp-content\/uploads\/2018\/06\/20180618_103808-940x529.jpg 940w\" sizes=\"auto, (max-width: 600px) 100vw, 600px\" \/><\/a><figcaption id=\"caption-attachment-1290\" class=\"wp-caption-text\">18 juin 2018 \u00e0 Saint-Chinian. Discours de Patrice Hanriot, Adjoint au Maire de St Chinian.<\/figcaption><\/figure>\n<figure id=\"attachment_1291\" aria-describedby=\"caption-attachment-1291\" style=\"width: 600px\" class=\"wp-caption aligncenter\"><a href=\"http:\/\/www.lesouvenirfrancais-saintchinian.fr\/wp-content\/uploads\/2018\/06\/20180618_103458.jpg\"><img loading=\"lazy\" decoding=\"async\" class=\"size-large wp-image-1291\" src=\"http:\/\/www.lesouvenirfrancais-saintchinian.fr\/wp-content\/uploads\/2018\/06\/20180618_103458-1024x576.jpg\" alt=\"\" width=\"600\" height=\"338\" srcset=\"https:\/\/www.lesouvenirfrancais-saintchinian.fr\/wp-content\/uploads\/2018\/06\/20180618_103458-1024x576.jpg 1024w, https:\/\/www.lesouvenirfrancais-saintchinian.fr\/wp-content\/uploads\/2018\/06\/20180618_103458-300x169.jpg 300w, https:\/\/www.lesouvenirfrancais-saintchinian.fr\/wp-content\/uploads\/2018\/06\/20180618_103458-768x432.jpg 768w, https:\/\/www.lesouvenirfrancais-saintchinian.fr\/wp-content\/uploads\/2018\/06\/20180618_103458-940x529.jpg 940w\" sizes=\"auto, (max-width: 600px) 100vw, 600px\" \/><\/a><figcaption id=\"caption-attachment-1291\" class=\"wp-caption-text\">18 juin 2018 \u00e0 Saint-Chinian. Discours du Commandant Andr\u00e9 Gilles, Pr\u00e9sident des anciens combattants du St Chinianais et des m\u00e9daill\u00e9s militaires.<\/figcaption><\/figure>\n<p><span style=\"font-family: Arial, sans-serif;\"><span style=\"font-size: large;\">La c\u00e9r\u00e9monie s&rsquo;est cl\u00f4tur\u00e9e par les remerciements aux porte-drapeau par les autorit\u00e9s.<\/span><\/span><\/p>\n<figure id=\"attachment_1288\" aria-describedby=\"caption-attachment-1288\" style=\"width: 600px\" class=\"wp-caption aligncenter\"><a href=\"http:\/\/www.lesouvenirfrancais-saintchinian.fr\/wp-content\/uploads\/2018\/06\/18-juin-2018-St-Chinian-7.jpg\"><img loading=\"lazy\" decoding=\"async\" class=\"size-large wp-image-1288\" src=\"http:\/\/www.lesouvenirfrancais-saintchinian.fr\/wp-content\/uploads\/2018\/06\/18-juin-2018-St-Chinian-7-1024x576.jpg\" alt=\"\" width=\"600\" height=\"338\" srcset=\"https:\/\/www.lesouvenirfrancais-saintchinian.fr\/wp-content\/uploads\/2018\/06\/18-juin-2018-St-Chinian-7-1024x576.jpg 1024w, https:\/\/www.lesouvenirfrancais-saintchinian.fr\/wp-content\/uploads\/2018\/06\/18-juin-2018-St-Chinian-7-300x169.jpg 300w, https:\/\/www.lesouvenirfrancais-saintchinian.fr\/wp-content\/uploads\/2018\/06\/18-juin-2018-St-Chinian-7-768x432.jpg 768w, https:\/\/www.lesouvenirfrancais-saintchinian.fr\/wp-content\/uploads\/2018\/06\/18-juin-2018-St-Chinian-7-940x529.jpg 940w, https:\/\/www.lesouvenirfrancais-saintchinian.fr\/wp-content\/uploads\/2018\/06\/18-juin-2018-St-Chinian-7.jpg 1575w\" sizes=\"auto, (max-width: 600px) 100vw, 600px\" \/><\/a><figcaption id=\"caption-attachment-1288\" class=\"wp-caption-text\">18 juin 2018 \u00e0 Saint-Chinian. Remerciements.<\/figcaption><\/figure>\n<p><span style=\"font-family: Arial, sans-serif;\"><span style=\"font-size: large;\">Philippe Godia<br \/>\n<\/span><\/span><span style=\"font-family: Arial, sans-serif;\"><span style=\"font-size: large;\">Vice-pr\u00e9sident.<\/span><\/span><\/p>\n","protected":false},"excerpt":{"rendered":"<p>C\u00e9r\u00e9monie organis\u00e9e dans le cadre de la Journ\u00e9e nationale comm\u00e9morative de l&rsquo;Appel du G\u00e9n\u00e9ral de Gaulle, le 18 juin 1940, \u00e0 refuser la d\u00e9faite et \u00e0 poursuivre le combat contre l&rsquo;ennemi. Ce fut un moment important de l\u2019Histoire de la &#8230; <a class=\"more-link\" href=\"https:\/\/www.lesouvenirfrancais-saintchinian.fr\/?p=1281\">Read More &raquo;<\/a><\/p>\n","protected":false},"author":321,"featured_media":0,"comment_status":"closed","ping_status":"closed","sticky":false,"template":"","format":"standard","meta":{"footnotes":""},"categories":[3],"tags":[],"class_list":["post-1281","post","type-post","status-publish","format-standard","hentry","category-manifestations-et-actions"],"_links":{"self":[{"href":"https:\/\/www.lesouvenirfrancais-saintchinian.fr\/index.php?rest_route=\/wp\/v2\/posts\/1281","targetHints":{"allow":["GET"]}}],"collection":[{"href":"https:\/\/www.lesouvenirfrancais-saintchinian.fr\/index.php?rest_route=\/wp\/v2\/posts"}],"about":[{"href":"https:\/\/www.lesouvenirfrancais-saintchinian.fr\/index.php?rest_route=\/wp\/v2\/types\/post"}],"author":[{"embeddable":true,"href":"https:\/\/www.lesouvenirfrancais-saintchinian.fr\/index.php?rest_route=\/wp\/v2\/users\/321"}],"replies":[{"embeddable":true,"href":"https:\/\/www.lesouvenirfrancais-saintchinian.fr\/index.php?rest_route=%2Fwp%2Fv2%2Fcomments&post=1281"}],"version-history":[{"count":1,"href":"https:\/\/www.lesouvenirfrancais-saintchinian.fr\/index.php?rest_route=\/wp\/v2\/posts\/1281\/revisions"}],"predecessor-version":[{"id":1292,"href":"https:\/\/www.lesouvenirfrancais-saintchinian.fr\/index.php?rest_route=\/wp\/v2\/posts\/1281\/revisions\/1292"}],"wp:attachment":[{"href":"https:\/\/www.lesouvenirfrancais-saintchinian.fr\/index.php?rest_route=%2Fwp%2Fv2%2Fmedia&parent=1281"}],"wp:term":[{"taxonomy":"category","embeddable":true,"href":"https:\/\/www.lesouvenirfrancais-saintchinian.fr\/index.php?rest_route=%2Fwp%2Fv2%2Fcategories&post=1281"},{"taxonomy":"post_tag","embeddable":true,"href":"https:\/\/www.lesouvenirfrancais-saintchinian.fr\/index.php?rest_route=%2Fwp%2Fv2%2Ftags&post=1281"}],"curies":[{"name":"wp","href":"https:\/\/api.w.org\/{rel}","templated":true}]}}