{"id":1406,"date":"2019-02-05T19:02:38","date_gmt":"2019-02-05T18:02:38","guid":{"rendered":"http:\/\/www.lesouvenirfrancais-saintchinian.fr\/?p=1406"},"modified":"2019-02-05T19:02:38","modified_gmt":"2019-02-05T18:02:38","slug":"grand-succes-pour-lassemblee-generale-du-souvenir-francais-saint-chinianais-2019","status":"publish","type":"post","link":"https:\/\/www.lesouvenirfrancais-saintchinian.fr\/?p=1406","title":{"rendered":"Grand succ\u00e8s pour l&rsquo;Assembl\u00e9e G\u00e9n\u00e9rale du Souvenir Fran\u00e7ais Saint-Chinianais 2019"},"content":{"rendered":"\n<figure class=\"wp-block-image\"><img loading=\"lazy\" decoding=\"async\" width=\"1024\" height=\"932\" src=\"http:\/\/www.lesouvenirfrancais-saintchinian.fr\/wp-content\/uploads\/2019\/02\/AG-2-1024x932.jpg\" alt=\"\" class=\"wp-image-1407\" srcset=\"https:\/\/www.lesouvenirfrancais-saintchinian.fr\/wp-content\/uploads\/2019\/02\/AG-2-1024x932.jpg 1024w, https:\/\/www.lesouvenirfrancais-saintchinian.fr\/wp-content\/uploads\/2019\/02\/AG-2-300x273.jpg 300w, https:\/\/www.lesouvenirfrancais-saintchinian.fr\/wp-content\/uploads\/2019\/02\/AG-2-768x699.jpg 768w, https:\/\/www.lesouvenirfrancais-saintchinian.fr\/wp-content\/uploads\/2019\/02\/AG-2-940x856.jpg 940w\" sizes=\"auto, (max-width: 1024px) 100vw, 1024px\" \/><\/figure>\n\n\n\n<p>Samedi 2 f\u00e9vrier,  pas moins de soixante-dix personnes, adh\u00e9rents actuels venus y assister et renouveler leur carte et, ce qui est \u00e9galement rassurant, de nouveaux adh\u00e9rents souhaitant soutenir nos missions.<br><br>\u00c9taient pr\u00e9sents \u00e9galement des maires et adjoints des communes suivantes\u00a0: J\u00e9r\u00f4me Roger pour Babeau Bouldoux, Jean-Marie Milhau pour Prades, Pierre Bardy pour Pierrerue, Lucien Dupr\u00e9 pour St Chinian, Michel Manas pour C\u00e9bazan et Bernard Bosc pour Cessenon.<br><br> D&rsquo;autres s&rsquo;\u00e9taient excus\u00e9s comme le Maire d&rsquo;Assignan, de Cruzy, et Mr Kl\u00e9ber Mesquida, Pr\u00e9sident du Conseil D\u00e9partemental de l&rsquo;H\u00e9rault.<br><br> Quatre comit\u00e9s du Souvenir Fran\u00e7ais de l&rsquo;H\u00e9rault \u00e9taient repr\u00e9sent\u00e9s\u00a0: Caux, Marseillan, Lod\u00e8ve et St Pons.<br><br> Le D\u00e9l\u00e9gu\u00e9 D\u00e9partemental Adjoint de l&rsquo;association Jean-Pierre Martinez, le S\u00e9nateur Honoraire Robert Trop\u00e9ano, Mme Karine Lesage, repr\u00e9sentant le D\u00e9put\u00e9 Philippe Hupp\u00e9, les repr\u00e9sentants de la Gendarmerie et des Sapeurs-pompiers  ont assist\u00e9 \u00e9galement \u00e0 cette r\u00e9union annuelle.<\/p>\n\n\n\n<figure class=\"wp-block-image\"><img loading=\"lazy\" decoding=\"async\" width=\"826\" height=\"1024\" src=\"http:\/\/www.lesouvenirfrancais-saintchinian.fr\/wp-content\/uploads\/2019\/02\/AG-SF-2019-1-826x1024.jpg\" alt=\"\" class=\"wp-image-1408\" srcset=\"https:\/\/www.lesouvenirfrancais-saintchinian.fr\/wp-content\/uploads\/2019\/02\/AG-SF-2019-1-826x1024.jpg 826w, https:\/\/www.lesouvenirfrancais-saintchinian.fr\/wp-content\/uploads\/2019\/02\/AG-SF-2019-1-242x300.jpg 242w, https:\/\/www.lesouvenirfrancais-saintchinian.fr\/wp-content\/uploads\/2019\/02\/AG-SF-2019-1-768x952.jpg 768w, https:\/\/www.lesouvenirfrancais-saintchinian.fr\/wp-content\/uploads\/2019\/02\/AG-SF-2019-1-940x1165.jpg 940w, https:\/\/www.lesouvenirfrancais-saintchinian.fr\/wp-content\/uploads\/2019\/02\/AG-SF-2019-1.jpg 1181w\" sizes=\"auto, (max-width: 826px) 100vw, 826px\" \/><\/figure>\n\n\n\n<p> Apr\u00e8s une minutes de silence en m\u00e9moire des membres des forces de s\u00e9curit\u00e9 et de secours d\u00e9c\u00e9d\u00e9s en service command\u00e9 en 2018, \u00e0 savoir&nbsp;: Militaires, Gendarmes, Policiers et Sapeurs-pompiers,  la liste exhaustive des c\u00e9r\u00e9monies et activit\u00e9s sur le secteur et dans tout le d\u00e9partement auxquelles participent le comit\u00e9 a \u00e9t\u00e9 \u00e9num\u00e9r\u00e9e.<\/p>\n\n\n\n<figure class=\"wp-block-image\"><img loading=\"lazy\" decoding=\"async\" width=\"1024\" height=\"682\" src=\"http:\/\/www.lesouvenirfrancais-saintchinian.fr\/wp-content\/uploads\/2019\/02\/AG-SF-2019-2-1024x682.jpg\" alt=\"\" class=\"wp-image-1409\" srcset=\"https:\/\/www.lesouvenirfrancais-saintchinian.fr\/wp-content\/uploads\/2019\/02\/AG-SF-2019-2-1024x682.jpg 1024w, https:\/\/www.lesouvenirfrancais-saintchinian.fr\/wp-content\/uploads\/2019\/02\/AG-SF-2019-2-300x200.jpg 300w, https:\/\/www.lesouvenirfrancais-saintchinian.fr\/wp-content\/uploads\/2019\/02\/AG-SF-2019-2-768x512.jpg 768w, https:\/\/www.lesouvenirfrancais-saintchinian.fr\/wp-content\/uploads\/2019\/02\/AG-SF-2019-2-940x626.jpg 940w, https:\/\/www.lesouvenirfrancais-saintchinian.fr\/wp-content\/uploads\/2019\/02\/AG-SF-2019-2.jpg 1181w\" sizes=\"auto, (max-width: 1024px) 100vw, 1024px\" \/><\/figure>\n\n\n\n<p> En 2018, le monument aux morts de Prades sur Vernazobres et dont le Maire Jean-Marie Milhau s&nbsp;&lsquo;est vu remettre un dipl\u00f4me d&rsquo;honneur a \u00e9t\u00e9 r\u00e9nov\u00e9 et un m\u00e9morial num\u00e9rique sp\u00e9cialement cr\u00e9e pour le monument&nbsp;: en consultant les sites internet du Souvenir Fran\u00e7ais Saint-Chinianais ou en scannant sur place le QR code pr\u00e9sent sur le monument, le public aura acc\u00e8s \u00e0 une foule d&rsquo;informations&nbsp;: histoire du monument, d\u00e9lib\u00e9rations d&rsquo;\u00e9poque, statistiques, histoires des soldats morts pour pour la France de Prades&#8230;<\/p>\n\n\n\n<figure class=\"wp-block-image\"><img loading=\"lazy\" decoding=\"async\" width=\"1024\" height=\"576\" src=\"http:\/\/www.lesouvenirfrancais-saintchinian.fr\/wp-content\/uploads\/2019\/02\/AG-SF-2019-9-1024x576.jpg\" alt=\"\" class=\"wp-image-1410\" srcset=\"https:\/\/www.lesouvenirfrancais-saintchinian.fr\/wp-content\/uploads\/2019\/02\/AG-SF-2019-9-1024x576.jpg 1024w, https:\/\/www.lesouvenirfrancais-saintchinian.fr\/wp-content\/uploads\/2019\/02\/AG-SF-2019-9-300x169.jpg 300w, https:\/\/www.lesouvenirfrancais-saintchinian.fr\/wp-content\/uploads\/2019\/02\/AG-SF-2019-9-768x432.jpg 768w, https:\/\/www.lesouvenirfrancais-saintchinian.fr\/wp-content\/uploads\/2019\/02\/AG-SF-2019-9-940x529.jpg 940w, https:\/\/www.lesouvenirfrancais-saintchinian.fr\/wp-content\/uploads\/2019\/02\/AG-SF-2019-9.jpg 1181w\" sizes=\"auto, (max-width: 1024px) 100vw, 1024px\" \/><\/figure>\n\n\n\n<p> Le carr\u00e9 militaire de Puisserguier a \u00e9t\u00e9 \u00e9galement r\u00e9nov\u00e9\u00a0par nos soins, ces travaux ont occup\u00e9 pas mal de samedis de juillet \u00e0 fin octobre, mais le r\u00e9sultat en valait la peine.<br><br> Le comit\u00e9 a \u00e9galement financ\u00e9 pour les \u00e9l\u00e8ves de 3eme de St Chinian et de Cessenon un voyage p\u00e9dagogique pr\u00e8s d&rsquo;Aix en Provence, au Camp des Milles, camp d&rsquo;internement et de d\u00e9portation fran\u00e7ais. Voyage financ\u00e9 \u00e0 100% par le comit\u00e9.<br><br> Le bilan financier est positif, gr\u00e2ce aux cotisations et dons de nos adh\u00e9rents, aux subventions des communes et du D\u00e9partement et aux actions que nous menons comme les vide-greniers&#8230; <br><br>Le bureau a \u00e9t\u00e9 \u00e9galement reconduit \u00e0 l&rsquo;unanimit\u00e9, \u00e0 savoir\u00a0: Eric P\u00e9r\u00e8s, Pr\u00e9sident, Philippe Godia, Vice-pr\u00e9sident, H\u00e9l\u00e8ne Godia, Tr\u00e9sori\u00e8re et Jean-Marc Bagnol, secr\u00e9taire.<\/p>\n\n\n\n<figure class=\"wp-block-image\"><img loading=\"lazy\" decoding=\"async\" width=\"1024\" height=\"576\" src=\"http:\/\/www.lesouvenirfrancais-saintchinian.fr\/wp-content\/uploads\/2019\/02\/AG-SF-2019-8-1024x576.jpg\" alt=\"\" class=\"wp-image-1411\" srcset=\"https:\/\/www.lesouvenirfrancais-saintchinian.fr\/wp-content\/uploads\/2019\/02\/AG-SF-2019-8-1024x576.jpg 1024w, https:\/\/www.lesouvenirfrancais-saintchinian.fr\/wp-content\/uploads\/2019\/02\/AG-SF-2019-8-300x169.jpg 300w, https:\/\/www.lesouvenirfrancais-saintchinian.fr\/wp-content\/uploads\/2019\/02\/AG-SF-2019-8-768x432.jpg 768w, https:\/\/www.lesouvenirfrancais-saintchinian.fr\/wp-content\/uploads\/2019\/02\/AG-SF-2019-8-940x529.jpg 940w, https:\/\/www.lesouvenirfrancais-saintchinian.fr\/wp-content\/uploads\/2019\/02\/AG-SF-2019-8.jpg 1181w\" sizes=\"auto, (max-width: 1024px) 100vw, 1024px\" \/><\/figure>\n\n\n\n<p> Les projets pour 2019 sont la future r\u00e9novation du monument aux morts de Cessenon sur Orb situ\u00e9 dans l&rsquo;enceinte du cimeti\u00e8re et pour lequel des recherches sont en cours concernant les corps des soldats de 14\/18 inhum\u00e9s au village. <br><br>Il est aussi pr\u00e9vu le financement d&rsquo;un d\u00e9placement p\u00e9dagogique et de m\u00e9moire pour une classe de l&rsquo;\u00e9cole primaire de St Chinian, les d\u00e9tails sont en cours d&rsquo;\u00e9tude. <\/p>\n\n\n\n<figure class=\"wp-block-image\"><img loading=\"lazy\" decoding=\"async\" width=\"1024\" height=\"576\" src=\"http:\/\/www.lesouvenirfrancais-saintchinian.fr\/wp-content\/uploads\/2019\/02\/AG-SF-2019-10-1024x576.jpg\" alt=\"\" class=\"wp-image-1412\" srcset=\"https:\/\/www.lesouvenirfrancais-saintchinian.fr\/wp-content\/uploads\/2019\/02\/AG-SF-2019-10-1024x576.jpg 1024w, https:\/\/www.lesouvenirfrancais-saintchinian.fr\/wp-content\/uploads\/2019\/02\/AG-SF-2019-10-300x169.jpg 300w, https:\/\/www.lesouvenirfrancais-saintchinian.fr\/wp-content\/uploads\/2019\/02\/AG-SF-2019-10-768x432.jpg 768w, https:\/\/www.lesouvenirfrancais-saintchinian.fr\/wp-content\/uploads\/2019\/02\/AG-SF-2019-10-940x529.jpg 940w, https:\/\/www.lesouvenirfrancais-saintchinian.fr\/wp-content\/uploads\/2019\/02\/AG-SF-2019-10.jpg 1181w\" sizes=\"auto, (max-width: 1024px) 100vw, 1024px\" \/><\/figure>\n\n\n\n<p>Des membres de l\u2019\u00e9quipe chantier, fid\u00e8les depuis la cr\u00e9ation du comit\u00e9 se sont vu remettre la m\u00e9daille de bronze du Souvenir Fran\u00e7ais, \u00e0 savoir&nbsp;; Andr\u00e9 Bellisent, Didier Calmel, Daniel Fraisse, Roland Godia et Michel Manas et cela pour services rendus au Souvenir Fran\u00e7ais. <\/p>\n\n\n\n<figure class=\"wp-block-image\"><img loading=\"lazy\" decoding=\"async\" width=\"1024\" height=\"682\" src=\"http:\/\/www.lesouvenirfrancais-saintchinian.fr\/wp-content\/uploads\/2019\/02\/AG-SF-2019-6-1024x682.jpg\" alt=\"\" class=\"wp-image-1413\" srcset=\"https:\/\/www.lesouvenirfrancais-saintchinian.fr\/wp-content\/uploads\/2019\/02\/AG-SF-2019-6-1024x682.jpg 1024w, https:\/\/www.lesouvenirfrancais-saintchinian.fr\/wp-content\/uploads\/2019\/02\/AG-SF-2019-6-300x200.jpg 300w, https:\/\/www.lesouvenirfrancais-saintchinian.fr\/wp-content\/uploads\/2019\/02\/AG-SF-2019-6-768x512.jpg 768w, https:\/\/www.lesouvenirfrancais-saintchinian.fr\/wp-content\/uploads\/2019\/02\/AG-SF-2019-6-940x626.jpg 940w, https:\/\/www.lesouvenirfrancais-saintchinian.fr\/wp-content\/uploads\/2019\/02\/AG-SF-2019-6.jpg 1181w\" sizes=\"auto, (max-width: 1024px) 100vw, 1024px\" \/><\/figure>\n\n\n\n<p>Un ap\u00e9ritif d\u00eenatoire a cl\u00f4tur\u00e9 cette r\u00e9union des plus conviviales. <\/p>\n\n\n\n<div class=\"wp-block-image\"><figure class=\"aligncenter is-resized\"><img loading=\"lazy\" decoding=\"async\" src=\"http:\/\/www.lesouvenirfrancais-saintchinian.fr\/wp-content\/uploads\/2019\/02\/68-IMGP0072-683x1024.jpg\" alt=\"\" class=\"wp-image-1415\" width=\"289\" height=\"433\" srcset=\"https:\/\/www.lesouvenirfrancais-saintchinian.fr\/wp-content\/uploads\/2019\/02\/68-IMGP0072-683x1024.jpg 683w, https:\/\/www.lesouvenirfrancais-saintchinian.fr\/wp-content\/uploads\/2019\/02\/68-IMGP0072-200x300.jpg 200w, https:\/\/www.lesouvenirfrancais-saintchinian.fr\/wp-content\/uploads\/2019\/02\/68-IMGP0072-768x1152.jpg 768w, https:\/\/www.lesouvenirfrancais-saintchinian.fr\/wp-content\/uploads\/2019\/02\/68-IMGP0072.jpg 800w\" sizes=\"auto, (max-width: 289px) 100vw, 289px\" \/><\/figure><\/div>\n\n\n\n<p>Philippe Godia<br>Vice-pr\u00e9sident.<\/p>\n","protected":false},"excerpt":{"rendered":"<p>Samedi 2 f\u00e9vrier, pas moins de soixante-dix personnes, adh\u00e9rents actuels venus y assister et renouveler leur carte et, ce qui est \u00e9galement rassurant, de nouveaux adh\u00e9rents souhaitant soutenir nos missions. \u00c9taient pr\u00e9sents \u00e9galement des maires et adjoints des communes suivantes\u00a0: &#8230; <a class=\"more-link\" href=\"https:\/\/www.lesouvenirfrancais-saintchinian.fr\/?p=1406\">Read More &raquo;<\/a><\/p>\n","protected":false},"author":321,"featured_media":0,"comment_status":"closed","ping_status":"closed","sticky":false,"template":"","format":"standard","meta":{"footnotes":""},"categories":[1],"tags":[],"class_list":["post-1406","post","type-post","status-publish","format-standard","hentry","category-non-classe"],"_links":{"self":[{"href":"https:\/\/www.lesouvenirfrancais-saintchinian.fr\/index.php?rest_route=\/wp\/v2\/posts\/1406","targetHints":{"allow":["GET"]}}],"collection":[{"href":"https:\/\/www.lesouvenirfrancais-saintchinian.fr\/index.php?rest_route=\/wp\/v2\/posts"}],"about":[{"href":"https:\/\/www.lesouvenirfrancais-saintchinian.fr\/index.php?rest_route=\/wp\/v2\/types\/post"}],"author":[{"embeddable":true,"href":"https:\/\/www.lesouvenirfrancais-saintchinian.fr\/index.php?rest_route=\/wp\/v2\/users\/321"}],"replies":[{"embeddable":true,"href":"https:\/\/www.lesouvenirfrancais-saintchinian.fr\/index.php?rest_route=%2Fwp%2Fv2%2Fcomments&post=1406"}],"version-history":[{"count":1,"href":"https:\/\/www.lesouvenirfrancais-saintchinian.fr\/index.php?rest_route=\/wp\/v2\/posts\/1406\/revisions"}],"predecessor-version":[{"id":1416,"href":"https:\/\/www.lesouvenirfrancais-saintchinian.fr\/index.php?rest_route=\/wp\/v2\/posts\/1406\/revisions\/1416"}],"wp:attachment":[{"href":"https:\/\/www.lesouvenirfrancais-saintchinian.fr\/index.php?rest_route=%2Fwp%2Fv2%2Fmedia&parent=1406"}],"wp:term":[{"taxonomy":"category","embeddable":true,"href":"https:\/\/www.lesouvenirfrancais-saintchinian.fr\/index.php?rest_route=%2Fwp%2Fv2%2Fcategories&post=1406"},{"taxonomy":"post_tag","embeddable":true,"href":"https:\/\/www.lesouvenirfrancais-saintchinian.fr\/index.php?rest_route=%2Fwp%2Fv2%2Ftags&post=1406"}],"curies":[{"name":"wp","href":"https:\/\/api.w.org\/{rel}","templated":true}]}}