{"id":145,"date":"2014-09-01T16:42:56","date_gmt":"2014-09-01T15:42:56","guid":{"rendered":"http:\/\/www.lesouvenirfrancais-saintchinian.fr\/?p=145"},"modified":"2014-09-01T16:42:56","modified_gmt":"2014-09-01T15:42:56","slug":"le-souvenir-du-19-mars-1962-a-saint-chinian","status":"publish","type":"post","link":"https:\/\/www.lesouvenirfrancais-saintchinian.fr\/?p=145","title":{"rendered":"Le souvenir du 19 mars 1962 \u00e0 Saint-Chinian"},"content":{"rendered":"<p><a href=\"http:\/\/www.lesouvenirfrancais-saintchinian.fr\/wp-content\/uploads\/2014\/09\/19-mars-2014.jpg\"><img loading=\"lazy\" decoding=\"async\" class=\"aligncenter size-medium wp-image-146\" src=\"http:\/\/www.lesouvenirfrancais-saintchinian.fr\/wp-content\/uploads\/2014\/09\/19-mars-2014-300x199.jpg\" alt=\"19 mars 2014\" width=\"300\" height=\"199\" srcset=\"https:\/\/www.lesouvenirfrancais-saintchinian.fr\/wp-content\/uploads\/2014\/09\/19-mars-2014-300x199.jpg 300w, https:\/\/www.lesouvenirfrancais-saintchinian.fr\/wp-content\/uploads\/2014\/09\/19-mars-2014-1024x681.jpg 1024w, https:\/\/www.lesouvenirfrancais-saintchinian.fr\/wp-content\/uploads\/2014\/09\/19-mars-2014-600x399.jpg 600w, https:\/\/www.lesouvenirfrancais-saintchinian.fr\/wp-content\/uploads\/2014\/09\/19-mars-2014.jpg 1200w\" sizes=\"auto, (max-width: 300px) 100vw, 300px\" \/><\/a><\/p>\n<p><span style=\"color: #000000;\">Article du <time><span style=\"font-size: small;\">23 Avril 2014<\/span><\/time><\/span><\/p>\n<div id=\"yui_3_5_0_1_1409585806573_101\" class=\"entry\">\n<div id=\"yui_3_5_0_1_1409585806573_100\" class=\"ob-section ob-section-text\">\n<figure class=\"\n              ob-pull-left ob-media-left\n                    ob-img-size-300\n      \"><\/figure>\n<div class=\"ob-text\">\n<p>Le nouveau comit\u00e9 du Souvenir Fran\u00e7ais continue la mise en place de ses activit\u00e9s dans le Saint-Chinianais. C\u2019est ainsi qu\u2019une assembl\u00e9e \u00e9mue d&rsquo;une trentaine de personnes a particip\u00e9 \u00e0 la c\u00e9r\u00e9monie organis\u00e9e le 19 mars dernier en m\u00e9moire des soldats fran\u00e7ais morts pour la France lors de la guerre d\u2019Alg\u00e9rie. Devant un groupe d\u2019officiels (\u00e9lus, repr\u00e9sentants de la gendarmerie) ainsi que de membres du Souvenir Fran\u00e7ais ou de simples anonymes qui souhaitaient effectuer ce devoir de m\u00e9moire, le vice-pr\u00e9sident a d\u2019abord rappel\u00e9 l\u2019esprit de cette journ\u00e9e \u00ab d\u00e9di\u00e9e \u00e0 la m\u00e9moire des victimes civiles et militaires de la guerre d\u2019Alg\u00e9rie et des combats en Tunisie et au Maroc \u00bb. Il a ensuite rendu un hommage appuy\u00e9 aux deux soldats morts si loin de chez eux mais \u00e0 seulement deux jours d\u2019intervalle : Charles Niffeci, d\u00e9c\u00e9d\u00e9 \u00e0 Tizi-Ouzou le 26 juin 1957, \u00e0 l\u2019\u00e2ge de 20 ans, et Maurice Bousquet, tu\u00e9 le 28 juin 1957 \u00e0 Lamy, \u00e9galement \u00e2g\u00e9 de 20 ans. Il a poursuivi en rendant hommage aux soldats anciens combattants qui ont combattu et ont \u00e9chapp\u00e9 \u00e0 la mort, tout en \u00e9voquant le sort qui a \u00e9t\u00e9 r\u00e9serv\u00e9 aux Harkis. Il a enfin \u00e9voqu\u00e9 le drame des rapatri\u00e9s. La c\u00e9r\u00e9monie s\u2019est poursuivie avec le d\u00e9p\u00f4t par des enfants et les parents des deux soldats honor\u00e9s, d\u2019une bougie du souvenir ainsi que d\u2019un bouquet de fleurs devant la photo de chacun des 2 jeunes gens morts. Le moment solennel de la minute de silence a \u00e9t\u00e9 suivi de la Marseillaise, puis chacun a partag\u00e9 une collation de l\u2019amiti\u00e9 durant laquelle a \u00e9t\u00e9 \u00e9voqu\u00e9e cette histoire toujours douloureuse et dont la transmission aux jeunes est un objectif essentiel de notre comit\u00e9. Cette c\u00e9r\u00e9monie initi\u00e9e par le Souvenir Fran\u00e7ais s\u2019inscrit dans un programme plus vaste d\u2019activit\u00e9s qui sera \u00e9voqu\u00e9 d\u2019ici peu.<\/p>\n<p><a href=\"http:\/\/www.lesouvenirfrancais-saintchinian.fr\/wp-content\/uploads\/2014\/09\/19-mars-14-1.jpg\"><img loading=\"lazy\" decoding=\"async\" class=\"aligncenter size-medium wp-image-147\" src=\"http:\/\/www.lesouvenirfrancais-saintchinian.fr\/wp-content\/uploads\/2014\/09\/19-mars-14-1-300x168.jpg\" alt=\"19 mars 14 (1)\" width=\"300\" height=\"168\" srcset=\"https:\/\/www.lesouvenirfrancais-saintchinian.fr\/wp-content\/uploads\/2014\/09\/19-mars-14-1-300x168.jpg 300w, https:\/\/www.lesouvenirfrancais-saintchinian.fr\/wp-content\/uploads\/2014\/09\/19-mars-14-1-1024x575.jpg 1024w, https:\/\/www.lesouvenirfrancais-saintchinian.fr\/wp-content\/uploads\/2014\/09\/19-mars-14-1-600x337.jpg 600w\" sizes=\"auto, (max-width: 300px) 100vw, 300px\" \/><\/a> <a href=\"http:\/\/www.lesouvenirfrancais-saintchinian.fr\/wp-content\/uploads\/2014\/09\/19-mars-14-2.jpg\"><img loading=\"lazy\" decoding=\"async\" class=\"aligncenter size-medium wp-image-148\" src=\"http:\/\/www.lesouvenirfrancais-saintchinian.fr\/wp-content\/uploads\/2014\/09\/19-mars-14-2-300x200.jpg\" alt=\"19 mars 14 (2)\" width=\"300\" height=\"200\" srcset=\"https:\/\/www.lesouvenirfrancais-saintchinian.fr\/wp-content\/uploads\/2014\/09\/19-mars-14-2-300x200.jpg 300w, https:\/\/www.lesouvenirfrancais-saintchinian.fr\/wp-content\/uploads\/2014\/09\/19-mars-14-2-1024x682.jpg 1024w, https:\/\/www.lesouvenirfrancais-saintchinian.fr\/wp-content\/uploads\/2014\/09\/19-mars-14-2-600x400.jpg 600w\" sizes=\"auto, (max-width: 300px) 100vw, 300px\" \/><\/a><\/p>\n<\/div>\n<\/div>\n<\/div>\n","protected":false},"excerpt":{"rendered":"<p>Article du 23 Avril 2014 Le nouveau comit\u00e9 du Souvenir Fran\u00e7ais continue la mise en place de ses activit\u00e9s dans le Saint-Chinianais. C\u2019est ainsi qu\u2019une assembl\u00e9e \u00e9mue d&rsquo;une trentaine de personnes a particip\u00e9 \u00e0 la c\u00e9r\u00e9monie organis\u00e9e le 19 mars &#8230; <a class=\"more-link\" href=\"https:\/\/www.lesouvenirfrancais-saintchinian.fr\/?p=145\">Read More &raquo;<\/a><\/p>\n","protected":false},"author":321,"featured_media":0,"comment_status":"open","ping_status":"open","sticky":false,"template":"","format":"standard","meta":{"footnotes":""},"categories":[3],"tags":[],"class_list":["post-145","post","type-post","status-publish","format-standard","hentry","category-manifestations-et-actions"],"_links":{"self":[{"href":"https:\/\/www.lesouvenirfrancais-saintchinian.fr\/index.php?rest_route=\/wp\/v2\/posts\/145","targetHints":{"allow":["GET"]}}],"collection":[{"href":"https:\/\/www.lesouvenirfrancais-saintchinian.fr\/index.php?rest_route=\/wp\/v2\/posts"}],"about":[{"href":"https:\/\/www.lesouvenirfrancais-saintchinian.fr\/index.php?rest_route=\/wp\/v2\/types\/post"}],"author":[{"embeddable":true,"href":"https:\/\/www.lesouvenirfrancais-saintchinian.fr\/index.php?rest_route=\/wp\/v2\/users\/321"}],"replies":[{"embeddable":true,"href":"https:\/\/www.lesouvenirfrancais-saintchinian.fr\/index.php?rest_route=%2Fwp%2Fv2%2Fcomments&post=145"}],"version-history":[{"count":1,"href":"https:\/\/www.lesouvenirfrancais-saintchinian.fr\/index.php?rest_route=\/wp\/v2\/posts\/145\/revisions"}],"predecessor-version":[{"id":149,"href":"https:\/\/www.lesouvenirfrancais-saintchinian.fr\/index.php?rest_route=\/wp\/v2\/posts\/145\/revisions\/149"}],"wp:attachment":[{"href":"https:\/\/www.lesouvenirfrancais-saintchinian.fr\/index.php?rest_route=%2Fwp%2Fv2%2Fmedia&parent=145"}],"wp:term":[{"taxonomy":"category","embeddable":true,"href":"https:\/\/www.lesouvenirfrancais-saintchinian.fr\/index.php?rest_route=%2Fwp%2Fv2%2Fcategories&post=145"},{"taxonomy":"post_tag","embeddable":true,"href":"https:\/\/www.lesouvenirfrancais-saintchinian.fr\/index.php?rest_route=%2Fwp%2Fv2%2Ftags&post=145"}],"curies":[{"name":"wp","href":"https:\/\/api.w.org\/{rel}","templated":true}]}}