{"id":167,"date":"2014-09-01T16:54:25","date_gmt":"2014-09-01T15:54:25","guid":{"rendered":"http:\/\/www.lesouvenirfrancais-saintchinian.fr\/?p=167"},"modified":"2014-09-01T16:54:25","modified_gmt":"2014-09-01T15:54:25","slug":"temoignages-autour-de-la-resistance-au-maquis-bir-hakeim","status":"publish","type":"post","link":"https:\/\/www.lesouvenirfrancais-saintchinian.fr\/?p=167","title":{"rendered":"T\u00e9moignages autour de la R\u00e9sistance au maquis Bir-Hakeim"},"content":{"rendered":"<p><a href=\"http:\/\/www.lesouvenirfrancais-saintchinian.fr\/wp-content\/uploads\/2014\/09\/ob_7f708e_dsc02895.jpg\"><img loading=\"lazy\" decoding=\"async\" class=\"aligncenter size-medium wp-image-168\" src=\"http:\/\/www.lesouvenirfrancais-saintchinian.fr\/wp-content\/uploads\/2014\/09\/ob_7f708e_dsc02895-300x168.jpg\" alt=\"ob_7f708e_dsc02895\" width=\"300\" height=\"168\" srcset=\"https:\/\/www.lesouvenirfrancais-saintchinian.fr\/wp-content\/uploads\/2014\/09\/ob_7f708e_dsc02895-300x168.jpg 300w, https:\/\/www.lesouvenirfrancais-saintchinian.fr\/wp-content\/uploads\/2014\/09\/ob_7f708e_dsc02895-1024x575.jpg 1024w, https:\/\/www.lesouvenirfrancais-saintchinian.fr\/wp-content\/uploads\/2014\/09\/ob_7f708e_dsc02895-600x337.jpg 600w, https:\/\/www.lesouvenirfrancais-saintchinian.fr\/wp-content\/uploads\/2014\/09\/ob_7f708e_dsc02895.jpg 1200w\" sizes=\"auto, (max-width: 300px) 100vw, 300px\" \/><\/a><\/p>\n<p>&nbsp;<\/p>\n<p><span style=\"color: #000000;\">Article du \u00a0<time><span style=\"font-size: small;\">5 Juin 2014<\/span><\/time><\/span><\/p>\n<div id=\"yui_3_5_0_1_1409586684967_101\" class=\"entry\">\n<div id=\"yui_3_5_0_1_1409586684967_100\" class=\"ob-section ob-section-text\">\n<figure class=\"\n              ob-pull-left ob-media-left\n                    ob-img-size-300\n      \"><\/figure>\n<div class=\"ob-text\">\n<h4>L\u2019\u00e9motion \u00e9tait tr\u00e8s pr\u00e9sente samedi apr\u00e8s midi 17 mai, \u00e0 l\u2019Abbatiale, lors de la projection-discussion organis\u00e9e par le comit\u00e9 du Souvenir fran\u00e7ais de Saint-Chinian autour du film <em>Bir-Hakeim, le maquis des Patriotes<\/em>, un moyen m\u00e9trage r\u00e9alis\u00e9 par Baptiste M\u00e9nage.<\/h4>\n<h4>Cette \u0153uvre retra\u00e7ait l\u2019histoire tragique du maquis, install\u00e9 aux limites de l\u2019H\u00e9rault, de la Loz\u00e8re, des C\u00e9vennes et du Rh\u00f4ne, et attaqu\u00e9 par les Allemands en mai 1944, avec des dizaines de r\u00e9sistants tu\u00e9s.<\/h4>\n<h4>L\u2019auteur du film \u00e9tait pr\u00e9sent lors de la projection, accompagn\u00e9 d\u2019une r\u00e9sistante, ancienne du maquis, Mme Denise Ghilhem, et du conseiller historique du film qui s\u2019est charg\u00e9 des reconstitutions, M. Philippe Colangelo.<\/h4>\n<h4>Le public, une cinquantaine de personnes, a donc pu poser des questions de tous ordres : sur le plan technique, pour le r\u00e9alisateur, qui a expliqu\u00e9 sa volont\u00e9 de faire, malgr\u00e9 des moyens financiers assez modestes, cette \u0153uvre en forme de devoir de m\u00e9moire, lui-m\u00eame ayant eu des parents impliqu\u00e9s dans la R\u00e9sistance et la r\u00e9pression allemande sous l\u2019occupation ; sur le plan historique, avec des pr\u00e9cisions apport\u00e9es par le sp\u00e9cialiste de cette trag\u00e9die, pour d\u00e9tailler l\u2019\u00e9volution du maquis de sa formation \u00e0 la premi\u00e8re attaque, qui forme le sujet du film, puis de sa refondation \u00e0 ses combats lors de la lib\u00e9ration de Montpellier notamment ; enfin et surtout l\u2019\u00e9motion \u00e9tait grande lorsque Mme Denise Guilhem a \u00e9voqu\u00e9 la m\u00e9moire de ses camarades morts au combat ou fusill\u00e9s par l\u2019occupant, ainsi que le quotidien des r\u00e9sistants \u00e0 l\u2019\u00e9poque.<\/h4>\n<h4>C\u2019est donc une apr\u00e8s midi citoyenne qui a \u00e9t\u00e9 unanimement appr\u00e9ci\u00e9e pour la qualit\u00e9 de l\u2019\u0153uvre et des interventions, et l\u2019ensemble s\u2019est termin\u00e9 par un verre de l\u2019amiti\u00e9. Nous vous rappelons que la prochaine action du comit\u00e9 du Souvenir Fran\u00e7ais consistera \u00e0 d\u00e9buter sous peu les travaux de r\u00e9novation du carr\u00e9 militaire du monument aux morts du cimeti\u00e8re de Saint-Chinian.<\/h4>\n<h4>Texte de Jean-Marc Bagnol, secr\u00e9taire.<\/h4>\n<\/div>\n<\/div>\n<\/div>\n","protected":false},"excerpt":{"rendered":"<p>&nbsp; Article du \u00a05 Juin 2014 L\u2019\u00e9motion \u00e9tait tr\u00e8s pr\u00e9sente samedi apr\u00e8s midi 17 mai, \u00e0 l\u2019Abbatiale, lors de la projection-discussion organis\u00e9e par le comit\u00e9 du Souvenir fran\u00e7ais de Saint-Chinian autour du film Bir-Hakeim, le maquis des Patriotes, un moyen &#8230; <a class=\"more-link\" href=\"https:\/\/www.lesouvenirfrancais-saintchinian.fr\/?p=167\">Read More &raquo;<\/a><\/p>\n","protected":false},"author":321,"featured_media":0,"comment_status":"open","ping_status":"open","sticky":false,"template":"","format":"standard","meta":{"footnotes":""},"categories":[3],"tags":[],"class_list":["post-167","post","type-post","status-publish","format-standard","hentry","category-manifestations-et-actions"],"_links":{"self":[{"href":"https:\/\/www.lesouvenirfrancais-saintchinian.fr\/index.php?rest_route=\/wp\/v2\/posts\/167","targetHints":{"allow":["GET"]}}],"collection":[{"href":"https:\/\/www.lesouvenirfrancais-saintchinian.fr\/index.php?rest_route=\/wp\/v2\/posts"}],"about":[{"href":"https:\/\/www.lesouvenirfrancais-saintchinian.fr\/index.php?rest_route=\/wp\/v2\/types\/post"}],"author":[{"embeddable":true,"href":"https:\/\/www.lesouvenirfrancais-saintchinian.fr\/index.php?rest_route=\/wp\/v2\/users\/321"}],"replies":[{"embeddable":true,"href":"https:\/\/www.lesouvenirfrancais-saintchinian.fr\/index.php?rest_route=%2Fwp%2Fv2%2Fcomments&post=167"}],"version-history":[{"count":2,"href":"https:\/\/www.lesouvenirfrancais-saintchinian.fr\/index.php?rest_route=\/wp\/v2\/posts\/167\/revisions"}],"predecessor-version":[{"id":170,"href":"https:\/\/www.lesouvenirfrancais-saintchinian.fr\/index.php?rest_route=\/wp\/v2\/posts\/167\/revisions\/170"}],"wp:attachment":[{"href":"https:\/\/www.lesouvenirfrancais-saintchinian.fr\/index.php?rest_route=%2Fwp%2Fv2%2Fmedia&parent=167"}],"wp:term":[{"taxonomy":"category","embeddable":true,"href":"https:\/\/www.lesouvenirfrancais-saintchinian.fr\/index.php?rest_route=%2Fwp%2Fv2%2Fcategories&post=167"},{"taxonomy":"post_tag","embeddable":true,"href":"https:\/\/www.lesouvenirfrancais-saintchinian.fr\/index.php?rest_route=%2Fwp%2Fv2%2Ftags&post=167"}],"curies":[{"name":"wp","href":"https:\/\/api.w.org\/{rel}","templated":true}]}}