{"id":22,"date":"2014-08-29T16:23:06","date_gmt":"2014-08-29T15:23:06","guid":{"rendered":"http:\/\/www.lesouvenirfrancais-saintchinian.fr\/?p=22"},"modified":"2014-08-29T16:30:32","modified_gmt":"2014-08-29T15:30:32","slug":"reunion-departementale-du-5-decembre-2013-a-gignac","status":"publish","type":"post","link":"https:\/\/www.lesouvenirfrancais-saintchinian.fr\/?p=22","title":{"rendered":"R\u00e9union d\u00e9partementale du 5 d\u00e9cembre 2013 \u00e0 Gignac."},"content":{"rendered":"<p><a href=\"http:\/\/www.lesouvenirfrancais-saintchinian.fr\/wp-content\/uploads\/2014\/08\/Gignac.jpg\"><img loading=\"lazy\" decoding=\"async\" class=\"alignleft size-medium wp-image-23\" src=\"http:\/\/www.lesouvenirfrancais-saintchinian.fr\/wp-content\/uploads\/2014\/08\/Gignac-300x238.jpg\" alt=\"Gignac\" width=\"300\" height=\"238\" srcset=\"https:\/\/www.lesouvenirfrancais-saintchinian.fr\/wp-content\/uploads\/2014\/08\/Gignac-300x238.jpg 300w, https:\/\/www.lesouvenirfrancais-saintchinian.fr\/wp-content\/uploads\/2014\/08\/Gignac.jpg 960w\" sizes=\"auto, (max-width: 300px) 100vw, 300px\" \/><\/a>A Gignac, le 5 d\u00e9cembre 2013, Mr Fran\u00e7ois Colombier s&rsquo;est vu investi des fonctions de nouveau D\u00e9l\u00e9gu\u00e9 G\u00e9n\u00e9ral de H\u00e9rault. Le Pr\u00e9sident G\u00e9n\u00e9ral du Souvenir Fran\u00e7ais Monsieur Delbauffe, G\u00e9n\u00e9ral (2S), \u00e0 gauche sur la photo, avait fait sp\u00e9cialement le d\u00e9placement de Paris afin de pr\u00e9sider cette r\u00e9union.<\/p>\n<p>A cet effet le nouveau comit\u00e9 de Saint-Chinian \u00e9tait repr\u00e9sent\u00e9 par son Pr\u00e9sident et son Vice -pr\u00e9sident qui ont pu se pr\u00e9senter et faire la connaissance des dirigeants nationaux et de la d\u00e9l\u00e9gation d\u00e9partementale et des autres comit\u00e9s.<\/p>\n<p>Nous les remercions de leur accueil chaleureux et de leur soutien.<\/p>\n","protected":false},"excerpt":{"rendered":"<p>A Gignac, le 5 d\u00e9cembre 2013, Mr Fran\u00e7ois Colombier s&rsquo;est vu investi des fonctions de nouveau D\u00e9l\u00e9gu\u00e9 G\u00e9n\u00e9ral de H\u00e9rault. Le Pr\u00e9sident G\u00e9n\u00e9ral du Souvenir Fran\u00e7ais Monsieur Delbauffe, G\u00e9n\u00e9ral (2S), \u00e0 gauche sur la photo, avait fait sp\u00e9cialement le d\u00e9placement &#8230; <a class=\"more-link\" href=\"https:\/\/www.lesouvenirfrancais-saintchinian.fr\/?p=22\">Read More &raquo;<\/a><\/p>\n","protected":false},"author":321,"featured_media":0,"comment_status":"open","ping_status":"open","sticky":false,"template":"","format":"standard","meta":{"footnotes":""},"categories":[3],"tags":[],"class_list":["post-22","post","type-post","status-publish","format-standard","hentry","category-manifestations-et-actions"],"_links":{"self":[{"href":"https:\/\/www.lesouvenirfrancais-saintchinian.fr\/index.php?rest_route=\/wp\/v2\/posts\/22","targetHints":{"allow":["GET"]}}],"collection":[{"href":"https:\/\/www.lesouvenirfrancais-saintchinian.fr\/index.php?rest_route=\/wp\/v2\/posts"}],"about":[{"href":"https:\/\/www.lesouvenirfrancais-saintchinian.fr\/index.php?rest_route=\/wp\/v2\/types\/post"}],"author":[{"embeddable":true,"href":"https:\/\/www.lesouvenirfrancais-saintchinian.fr\/index.php?rest_route=\/wp\/v2\/users\/321"}],"replies":[{"embeddable":true,"href":"https:\/\/www.lesouvenirfrancais-saintchinian.fr\/index.php?rest_route=%2Fwp%2Fv2%2Fcomments&post=22"}],"version-history":[{"count":1,"href":"https:\/\/www.lesouvenirfrancais-saintchinian.fr\/index.php?rest_route=\/wp\/v2\/posts\/22\/revisions"}],"predecessor-version":[{"id":24,"href":"https:\/\/www.lesouvenirfrancais-saintchinian.fr\/index.php?rest_route=\/wp\/v2\/posts\/22\/revisions\/24"}],"wp:attachment":[{"href":"https:\/\/www.lesouvenirfrancais-saintchinian.fr\/index.php?rest_route=%2Fwp%2Fv2%2Fmedia&parent=22"}],"wp:term":[{"taxonomy":"category","embeddable":true,"href":"https:\/\/www.lesouvenirfrancais-saintchinian.fr\/index.php?rest_route=%2Fwp%2Fv2%2Fcategories&post=22"},{"taxonomy":"post_tag","embeddable":true,"href":"https:\/\/www.lesouvenirfrancais-saintchinian.fr\/index.php?rest_route=%2Fwp%2Fv2%2Ftags&post=22"}],"curies":[{"name":"wp","href":"https:\/\/api.w.org\/{rel}","templated":true}]}}