{"id":256,"date":"2014-09-08T14:14:58","date_gmt":"2014-09-08T13:14:58","guid":{"rendered":"http:\/\/www.lesouvenirfrancais-saintchinian.fr\/?p=256"},"modified":"2014-09-08T14:14:58","modified_gmt":"2014-09-08T13:14:58","slug":"commemorations-du-maquis-bir-hakeim-le-7-sept-2014","status":"publish","type":"post","link":"https:\/\/www.lesouvenirfrancais-saintchinian.fr\/?p=256","title":{"rendered":"Comm\u00e9morations du Maquis Bir Hakeim le 7 sept 2014"},"content":{"rendered":"<p><a href=\"http:\/\/www.lesouvenirfrancais-saintchinian.fr\/wp-content\/uploads\/2014\/09\/Bir-Hakeim-2014-5-Copier.jpg\"><img loading=\"lazy\" decoding=\"async\" class=\"aligncenter size-medium wp-image-254\" src=\"http:\/\/www.lesouvenirfrancais-saintchinian.fr\/wp-content\/uploads\/2014\/09\/Bir-Hakeim-2014-5-Copier-300x168.jpg\" alt=\"Bir Hakeim 2014 (5) (Copier)\" width=\"300\" height=\"168\" srcset=\"https:\/\/www.lesouvenirfrancais-saintchinian.fr\/wp-content\/uploads\/2014\/09\/Bir-Hakeim-2014-5-Copier-300x168.jpg 300w, https:\/\/www.lesouvenirfrancais-saintchinian.fr\/wp-content\/uploads\/2014\/09\/Bir-Hakeim-2014-5-Copier-1024x575.jpg 1024w, https:\/\/www.lesouvenirfrancais-saintchinian.fr\/wp-content\/uploads\/2014\/09\/Bir-Hakeim-2014-5-Copier-600x337.jpg 600w, https:\/\/www.lesouvenirfrancais-saintchinian.fr\/wp-content\/uploads\/2014\/09\/Bir-Hakeim-2014-5-Copier.jpg 1181w\" sizes=\"auto, (max-width: 300px) 100vw, 300px\" \/><\/a><\/p>\n<p>Par devoir de m\u00e9moire et suite \u00e0 la projection que nous avons organis\u00e9 \u00e0 l\u2019Abbatiale le 17 mai 2014 du court m\u00e9trage \u00ab\u3000Bir Hakeim\u3000\u00bb voir l\u2019article s\u2019y r\u00e9f\u00e9rant, le bureau s\u2019est d\u00e9plac\u00e9 afin de participer aux diverses c\u00e9r\u00e9monies (cimeti\u00e8res et monuments) li\u00e9es \u00e0 ce maquis ce dimanche 7 septembre 2014, \u00e0 savoir:<\/p>\n<p>M\u00e9morial route de Clermont l\u2019H\u00e9rault<\/p>\n<p>St\u00e8le des d\u00e9port\u00e9s et r\u00e9sistants square du G\u00e9n\u00e9ral de Gaulle de Clermont l\u2019H\u00e9rault<\/p>\n<p>Rassemblement au monument aux morts de Canet<\/p>\n<p>Rassemblement au m\u00e9morial du Cdt Paul Demarque \u00e0 Canet avec la fanfare. Discours \u00e9mouvant de la fille ainsi que de la petite fille du Commandant. D\u00e9placement avec fanfare au cimeti\u00e8re de Canet<\/p>\n<p>Ces \u00e9mouvantes comm\u00e9morations \u00e9taient dirig\u00e9es par Monsieur Ren\u00e9 Granier, Pr\u00e9sident de l\u2019amicale des anciens du maquis Bir Hakeim.<\/p>\n<p>Etaient pr\u00e9sents:<\/p>\n<p>Des \u00e9lus, de nombreux comit\u00e9s du Souvenir Fran\u00e7ais ainsi que ne nombreuses associations d\u2019anciens combattants, Madame Denise Guilhem, ancienne de Bir Hakeim, des hommes en tenue d\u2019\u00e9poque du maquis.<\/p>\n<p>Cette matin\u00e9e s\u2019est cl\u00f4tur\u00e9e par un d\u00e9jeuner convivial o\u00f9 le \u00ab\u3000se canto\u3000\u00bb a \u00e9t\u00e9 repris par toute l\u2019assembl\u00e9e.<\/p>\n<p>&nbsp;<\/p>\n<p><a href=\"http:\/\/www.lesouvenirfrancais-saintchinian.fr\/wp-content\/uploads\/2014\/09\/7-sept-2014-5.jpg\"><img loading=\"lazy\" decoding=\"async\" class=\"aligncenter size-medium wp-image-257\" src=\"http:\/\/www.lesouvenirfrancais-saintchinian.fr\/wp-content\/uploads\/2014\/09\/7-sept-2014-5-300x168.jpg\" alt=\"7 sept 2014 (5)\" width=\"300\" height=\"168\" srcset=\"https:\/\/www.lesouvenirfrancais-saintchinian.fr\/wp-content\/uploads\/2014\/09\/7-sept-2014-5-300x168.jpg 300w, https:\/\/www.lesouvenirfrancais-saintchinian.fr\/wp-content\/uploads\/2014\/09\/7-sept-2014-5-1024x575.jpg 1024w, https:\/\/www.lesouvenirfrancais-saintchinian.fr\/wp-content\/uploads\/2014\/09\/7-sept-2014-5-600x337.jpg 600w, https:\/\/www.lesouvenirfrancais-saintchinian.fr\/wp-content\/uploads\/2014\/09\/7-sept-2014-5.jpg 1181w\" sizes=\"auto, (max-width: 300px) 100vw, 300px\" \/><\/a><\/p>\n<p><a href=\"http:\/\/www.lesouvenirfrancais-saintchinian.fr\/wp-content\/uploads\/2014\/09\/DSC03284.jpg\"><img loading=\"lazy\" decoding=\"async\" class=\"aligncenter size-medium wp-image-259\" src=\"http:\/\/www.lesouvenirfrancais-saintchinian.fr\/wp-content\/uploads\/2014\/09\/DSC03284-300x168.jpg\" alt=\"DSC03284\" width=\"300\" height=\"168\" srcset=\"https:\/\/www.lesouvenirfrancais-saintchinian.fr\/wp-content\/uploads\/2014\/09\/DSC03284-300x168.jpg 300w, https:\/\/www.lesouvenirfrancais-saintchinian.fr\/wp-content\/uploads\/2014\/09\/DSC03284-1024x575.jpg 1024w, https:\/\/www.lesouvenirfrancais-saintchinian.fr\/wp-content\/uploads\/2014\/09\/DSC03284-600x337.jpg 600w\" sizes=\"auto, (max-width: 300px) 100vw, 300px\" \/><\/a><\/p>\n<p><a href=\"http:\/\/www.lesouvenirfrancais-saintchinian.fr\/wp-content\/uploads\/2014\/09\/Bir-Hakeim-2014-4-Copier.jpg\"><img loading=\"lazy\" decoding=\"async\" class=\"aligncenter size-medium wp-image-253\" src=\"http:\/\/www.lesouvenirfrancais-saintchinian.fr\/wp-content\/uploads\/2014\/09\/Bir-Hakeim-2014-4-Copier-300x168.jpg\" alt=\"Bir Hakeim 2014 (4) (Copier)\" width=\"300\" height=\"168\" srcset=\"https:\/\/www.lesouvenirfrancais-saintchinian.fr\/wp-content\/uploads\/2014\/09\/Bir-Hakeim-2014-4-Copier-300x168.jpg 300w, https:\/\/www.lesouvenirfrancais-saintchinian.fr\/wp-content\/uploads\/2014\/09\/Bir-Hakeim-2014-4-Copier-1024x575.jpg 1024w, https:\/\/www.lesouvenirfrancais-saintchinian.fr\/wp-content\/uploads\/2014\/09\/Bir-Hakeim-2014-4-Copier-600x337.jpg 600w, https:\/\/www.lesouvenirfrancais-saintchinian.fr\/wp-content\/uploads\/2014\/09\/Bir-Hakeim-2014-4-Copier.jpg 1181w\" sizes=\"auto, (max-width: 300px) 100vw, 300px\" \/><\/a><\/p>\n<p>&nbsp;<\/p>\n","protected":false},"excerpt":{"rendered":"<p>Par devoir de m\u00e9moire et suite \u00e0 la projection que nous avons organis\u00e9 \u00e0 l\u2019Abbatiale le 17 mai 2014 du court m\u00e9trage \u00ab\u3000Bir Hakeim\u3000\u00bb voir l\u2019article s\u2019y r\u00e9f\u00e9rant, le bureau s\u2019est d\u00e9plac\u00e9 afin de participer aux diverses c\u00e9r\u00e9monies (cimeti\u00e8res et &#8230; <a class=\"more-link\" href=\"https:\/\/www.lesouvenirfrancais-saintchinian.fr\/?p=256\">Read More &raquo;<\/a><\/p>\n","protected":false},"author":321,"featured_media":0,"comment_status":"open","ping_status":"open","sticky":false,"template":"","format":"standard","meta":{"footnotes":""},"categories":[1],"tags":[],"class_list":["post-256","post","type-post","status-publish","format-standard","hentry","category-non-classe"],"_links":{"self":[{"href":"https:\/\/www.lesouvenirfrancais-saintchinian.fr\/index.php?rest_route=\/wp\/v2\/posts\/256","targetHints":{"allow":["GET"]}}],"collection":[{"href":"https:\/\/www.lesouvenirfrancais-saintchinian.fr\/index.php?rest_route=\/wp\/v2\/posts"}],"about":[{"href":"https:\/\/www.lesouvenirfrancais-saintchinian.fr\/index.php?rest_route=\/wp\/v2\/types\/post"}],"author":[{"embeddable":true,"href":"https:\/\/www.lesouvenirfrancais-saintchinian.fr\/index.php?rest_route=\/wp\/v2\/users\/321"}],"replies":[{"embeddable":true,"href":"https:\/\/www.lesouvenirfrancais-saintchinian.fr\/index.php?rest_route=%2Fwp%2Fv2%2Fcomments&post=256"}],"version-history":[{"count":3,"href":"https:\/\/www.lesouvenirfrancais-saintchinian.fr\/index.php?rest_route=\/wp\/v2\/posts\/256\/revisions"}],"predecessor-version":[{"id":261,"href":"https:\/\/www.lesouvenirfrancais-saintchinian.fr\/index.php?rest_route=\/wp\/v2\/posts\/256\/revisions\/261"}],"wp:attachment":[{"href":"https:\/\/www.lesouvenirfrancais-saintchinian.fr\/index.php?rest_route=%2Fwp%2Fv2%2Fmedia&parent=256"}],"wp:term":[{"taxonomy":"category","embeddable":true,"href":"https:\/\/www.lesouvenirfrancais-saintchinian.fr\/index.php?rest_route=%2Fwp%2Fv2%2Fcategories&post=256"},{"taxonomy":"post_tag","embeddable":true,"href":"https:\/\/www.lesouvenirfrancais-saintchinian.fr\/index.php?rest_route=%2Fwp%2Fv2%2Ftags&post=256"}],"curies":[{"name":"wp","href":"https:\/\/api.w.org\/{rel}","templated":true}]}}