{"id":277,"date":"2014-11-03T11:12:34","date_gmt":"2014-11-03T10:12:34","guid":{"rendered":"http:\/\/www.lesouvenirfrancais-saintchinian.fr\/?p=277"},"modified":"2014-11-21T09:00:15","modified_gmt":"2014-11-21T08:00:15","slug":"inauguration-du-carre-militaire-le-18-octobre-2014-mission-accomplie","status":"publish","type":"post","link":"https:\/\/www.lesouvenirfrancais-saintchinian.fr\/?p=277","title":{"rendered":"Inauguration du carr\u00e9 militaire le 18 octobre 2014 : mission accomplie."},"content":{"rendered":"<p><a href=\"http:\/\/www.lesouvenirfrancais-saintchinian.fr\/wp-content\/uploads\/2014\/11\/IMG_20141018_115324.jpg\"><img loading=\"lazy\" decoding=\"async\" class=\"aligncenter size-full wp-image-278\" src=\"http:\/\/www.lesouvenirfrancais-saintchinian.fr\/wp-content\/uploads\/2014\/11\/IMG_20141018_115324.jpg\" alt=\"IMG_20141018_115324\" width=\"2848\" height=\"592\" srcset=\"https:\/\/www.lesouvenirfrancais-saintchinian.fr\/wp-content\/uploads\/2014\/11\/IMG_20141018_115324.jpg 2848w, https:\/\/www.lesouvenirfrancais-saintchinian.fr\/wp-content\/uploads\/2014\/11\/IMG_20141018_115324-300x62.jpg 300w, https:\/\/www.lesouvenirfrancais-saintchinian.fr\/wp-content\/uploads\/2014\/11\/IMG_20141018_115324-1024x212.jpg 1024w, https:\/\/www.lesouvenirfrancais-saintchinian.fr\/wp-content\/uploads\/2014\/11\/IMG_20141018_115324-600x124.jpg 600w\" sizes=\"auto, (max-width: 2848px) 100vw, 2848px\" \/><\/a><\/p>\n<p>&nbsp;<\/p>\n<p>La journ\u00e9e a commenc\u00e9 \u00e0 8h15\u00e0 la salle \u00ab\u00a0Fulcran\u00a0\u00bb du coll\u00e8ge de Saint-Chinian afin d\u2019accueillir les diff\u00e9rents comit\u00e9s du d\u00e9partement de l&rsquo;H\u00e9rault pour la r\u00e9union annuelle de travail. En effet, Fran\u00e7ois Colombier, notre d\u00e9l\u00e9gu\u00e9 d\u00e9partemental, en vue de soutenir l&rsquo;action de notre jeune comit\u00e9 avait d\u00e9cid\u00e9 de faire cette \u00ab\u00a0assembl\u00e9e g\u00e9n\u00e9rale\u00a0\u00bb \u00e0 Saint-Chinian le m\u00eame jour que l&rsquo;inauguration interne de notre carr\u00e9 militaire afin que le maximum de comit\u00e9s puissent participer \u00e0 cette c\u00e9r\u00e9monie et constater le travail accompli.<\/p>\n<p>A 11h15 rendez-vous \u00e9tait donn\u00e9 au monument aux morts des jardins de la mairie o\u00f9 le d\u00e9put\u00e9 Mr Kl\u00e9ber Mesquida, le conseiller g\u00e9n\u00e9ral Mr Trop\u00e9ano, les \u00e9lus de Saint-Chinian et des communes voisines nous attendaient ainsi que le repr\u00e9sentant de la gendarmerie de Saint Chinian et celui des sapeurs pompiers, les repr\u00e9sentants des associations d&rsquo;anciens combattants, la fanfare de l&rsquo;harmonie St Chinian-Capestang, les pr\u00e9sidents et bureaux des comit\u00e9s du Souvenirs Fran\u00e7ais ainsi que leurs porte-drapeaux, les adh\u00e9rents ainsi que le public.<\/p>\n<p>Mr Le Sous-pr\u00e9fet Nicolas Lerner, les s\u00e9nateurs Jean-Pierre Grand et Robert Navarro ainsi que le maire de Saint-Chinian Mr Bruno Enjalbert s&rsquo;\u00e9taient excus\u00e9s de leur absence car d&rsquo;autres rendez-vous avaient d\u00e9j\u00e0 \u00e9t\u00e9 pr\u00e9vus dans leurs agendas et ne pouvaient \u00eatre d\u00e9plac\u00e9s.<\/p>\n<p>Un discours a \u00e9t\u00e9 prononc\u00e9 par Philippe Godia, vice-pr\u00e9sident du comit\u00e9 de St Chinian qui a \u00e9voqu\u00e9 les raisons du choix de la date du 18 octobre, le rapport des 17 croix du carr\u00e9 avec tous les autres soldats morts au combat ainsi que celles qui ont amen\u00e9 d&rsquo;abord \u00e0 d\u00e9buter ces c\u00e9r\u00e9monies au monument aux morts des jardins de la mairie.<\/p>\n<p>Jean-Marc Bagnol, notre secr\u00e9taire, a d\u00e9pos\u00e9 une premi\u00e8re gerbe aux pieds du monument.<\/p>\n<p>Un cort\u00e8ge s&rsquo;est ensuite form\u00e9 pour rejoindre le cimeti\u00e8re et son carr\u00e9 militaire. En t\u00eate les 22 porte-drapeaux marchant en musique suivis par les \u00e9lus et les participants \u00e0 cette c\u00e9r\u00e9monie, environ 200 personnes.<\/p>\n<p>Au cimeti\u00e8re, notre pr\u00e9sident Eric P\u00e9r\u00e8s a demand\u00e9, devant les m\u00eame participants, au Capitaine Andr\u00e9 Gilles de proc\u00e9der \u00e0 l&rsquo;inauguration du m\u00e2t sur lequel flottera le drapeau tricolore toute l&rsquo;ann\u00e9e, lequel s&rsquo;est fait assister de Jean-Marc Bagnol et de Ga\u00eblle Calmel, jeune sapeur pompier.<\/p>\n<p>Eric P\u00e9r\u00e8s a ensuite prononc\u00e9 un discours visant \u00e0 pr\u00e9ciser le travail qui avait \u00e9t\u00e9 fait par des volontaires du comit\u00e9 durant des jours entiers depuis le printemps\u00a0: le carr\u00e9 militaire de St Chinian dispose d\u00e9sormais de 17 croix blanches identiques avec leurs plaques respectives sur lesquelles sont inscrites le nom et pr\u00e9nom du d\u00e9funt, son r\u00e9giment et la mention mort pour la France, d&rsquo;un m\u00e2t aux couleurs, de cha\u00eenes et plots d\u00e9limitant l&rsquo;ensemble, de graviers blancs et de bordures en marbre et b\u00e9ton remises en place. Les lettrages OR de la colonne ont \u00e9t\u00e9 \u00e9galement refaits, il a de plus pr\u00e9cis\u00e9 que le financement avait \u00e9t\u00e9 r\u00e9alis\u00e9 \u00e0 100% par le si\u00e8ge de Paris et par son comit\u00e9, appuy\u00e9 \u00e9nergiquement par notre d\u00e9l\u00e9gation d\u00e9partementale pour le compte de laquelle son d\u00e9l\u00e9gu\u00e9 Fran\u00e7ois Colombi\u00e9 \u00e0 prononc\u00e9 un discours de soutien et a pr\u00e9cis\u00e9 les missions g\u00e9n\u00e9rales du Souvenir Fran\u00e7ais.<\/p>\n<p>Discours suivi par celui de Pierre Tailhades, premier adjoint de la mairie de St Chinian et de Kl\u00e9ber Mesquida, d\u00e9put\u00e9 de l&rsquo;H\u00e9rault. Le soutien aux valeurs du Souvenir Fran\u00e7ais a \u00e9t\u00e9 \u00e9voqu\u00e9 \u00e0 de multiples reprises par les intervenants, nous \u00e9tions tous r\u00e9unis autour du n\u00e9cessaire devoir de m\u00e9moire, \u00e9l\u00e9ment indispensable sans lequel il est difficile de construire un avenir serein.<\/p>\n<p>H\u00e9l\u00e8ne Godia, notre tr\u00e9sori\u00e8re a proc\u00e9d\u00e9 avec \u00e9motion \u00e0 l&rsquo;appel aux morts et a d\u00e9pos\u00e9 la seconde gerbe su Souvenir Fran\u00e7ais.<\/p>\n<p>L&rsquo;harmonie St Chinian-Capestang a rythm\u00e9 cette c\u00e9r\u00e9monie par la sonnerie aux morts et par la Marseillaise, reprise en c\u0153ur.<\/p>\n<p>Cette matin\u00e9e s&rsquo;est termin\u00e9e par le traditionnel remerciement aux porte-drapeaux, venus nombreux.<\/p>\n<p>Pour ceux qui s&rsquo;\u00e9taient inscrits, les participants se sont r\u00e9unis \u00e0 la salle des f\u00eates de C\u00e9bazan, aimablement mise \u00e0 notre disposition par son maire Mr G\u00e9rard Affre et son \u00e9quipe municipale, dans laquelle avait \u00e9t\u00e9 pr\u00e9vu un ap\u00e9ritif d\u00e9jeunatoire qui s&rsquo;est d\u00e9roul\u00e9 dans un climat chaleureux et convivial.<\/p>\n<p>Merci au nom de notre comit\u00e9 \u00e0 toutes celles et ceux qui ont permis de pr\u00e9s ou de loin \u00e0 ce que cette op\u00e9ration soit un succ\u00e8s. C&rsquo;est le minimum que nous puissions faire, 100 ans apr\u00e8s, pour ceux qui ont donn\u00e9 leur vie afin que notre nation puisse sortir victorieuse avec ses alli\u00e9s de cette terrible guerre qui ne fut malheureusement pas&#8230; la der des ders.<\/p>\n<p><a href=\"http:\/\/www.lesouvenirfrancais-saintchinian.fr\/wp-content\/uploads\/2014\/11\/Avant.jpg\"><img loading=\"lazy\" decoding=\"async\" class=\"aligncenter size-medium wp-image-288\" src=\"http:\/\/www.lesouvenirfrancais-saintchinian.fr\/wp-content\/uploads\/2014\/11\/Avant-300x172.jpg\" alt=\"Avant\" width=\"300\" height=\"172\" srcset=\"https:\/\/www.lesouvenirfrancais-saintchinian.fr\/wp-content\/uploads\/2014\/11\/Avant-300x172.jpg 300w, https:\/\/www.lesouvenirfrancais-saintchinian.fr\/wp-content\/uploads\/2014\/11\/Avant-600x344.jpg 600w, https:\/\/www.lesouvenirfrancais-saintchinian.fr\/wp-content\/uploads\/2014\/11\/Avant.jpg 787w\" sizes=\"auto, (max-width: 300px) 100vw, 300px\" \/><\/a><\/p>\n<p><a href=\"http:\/\/www.lesouvenirfrancais-saintchinian.fr\/wp-content\/uploads\/2014\/11\/Apr\u00e8s.jpg\"><img loading=\"lazy\" decoding=\"async\" class=\"aligncenter size-medium wp-image-286\" src=\"http:\/\/www.lesouvenirfrancais-saintchinian.fr\/wp-content\/uploads\/2014\/11\/Apr\u00e8s-300x168.jpg\" alt=\"Apr\u00e8s\" width=\"300\" height=\"168\" srcset=\"https:\/\/www.lesouvenirfrancais-saintchinian.fr\/wp-content\/uploads\/2014\/11\/Apr\u00e8s-300x168.jpg 300w, https:\/\/www.lesouvenirfrancais-saintchinian.fr\/wp-content\/uploads\/2014\/11\/Apr\u00e8s-600x336.jpg 600w, https:\/\/www.lesouvenirfrancais-saintchinian.fr\/wp-content\/uploads\/2014\/11\/Apr\u00e8s.jpg 787w\" sizes=\"auto, (max-width: 300px) 100vw, 300px\" \/><\/a><\/p>\n<p><a href=\"http:\/\/www.lesouvenirfrancais-saintchinian.fr\/wp-content\/uploads\/2014\/11\/Avant-c\u00f4t\u00e9.jpg\"><img loading=\"lazy\" decoding=\"async\" class=\"aligncenter size-medium wp-image-287\" src=\"http:\/\/www.lesouvenirfrancais-saintchinian.fr\/wp-content\/uploads\/2014\/11\/Avant-c\u00f4t\u00e9-300x224.jpg\" alt=\"Avant c\u00f4t\u00e9\" width=\"300\" height=\"224\" srcset=\"https:\/\/www.lesouvenirfrancais-saintchinian.fr\/wp-content\/uploads\/2014\/11\/Avant-c\u00f4t\u00e9-300x224.jpg 300w, https:\/\/www.lesouvenirfrancais-saintchinian.fr\/wp-content\/uploads\/2014\/11\/Avant-c\u00f4t\u00e9-600x449.jpg 600w, https:\/\/www.lesouvenirfrancais-saintchinian.fr\/wp-content\/uploads\/2014\/11\/Avant-c\u00f4t\u00e9.jpg 787w\" sizes=\"auto, (max-width: 300px) 100vw, 300px\" \/><\/a><\/p>\n<p><a href=\"http:\/\/www.lesouvenirfrancais-saintchinian.fr\/wp-content\/uploads\/2014\/11\/Apr\u00e8s-c\u00f4t\u00e9.jpg\"><img loading=\"lazy\" decoding=\"async\" class=\"aligncenter size-medium wp-image-285\" src=\"http:\/\/www.lesouvenirfrancais-saintchinian.fr\/wp-content\/uploads\/2014\/11\/Apr\u00e8s-c\u00f4t\u00e9-300x224.jpg\" alt=\"Apr\u00e8s c\u00f4t\u00e9\" width=\"300\" height=\"224\" srcset=\"https:\/\/www.lesouvenirfrancais-saintchinian.fr\/wp-content\/uploads\/2014\/11\/Apr\u00e8s-c\u00f4t\u00e9-300x224.jpg 300w, https:\/\/www.lesouvenirfrancais-saintchinian.fr\/wp-content\/uploads\/2014\/11\/Apr\u00e8s-c\u00f4t\u00e9-600x449.jpg 600w, https:\/\/www.lesouvenirfrancais-saintchinian.fr\/wp-content\/uploads\/2014\/11\/Apr\u00e8s-c\u00f4t\u00e9.jpg 787w\" sizes=\"auto, (max-width: 300px) 100vw, 300px\" \/><\/a><\/p>\n<p>&nbsp;<\/p>\n<p style=\"text-align: center;\"><span style=\"color: #0000ff;\"><strong>Parties page sp\u00e9ciale photos\u00a0 sp\u00e9cialement d\u00e9di\u00e9e \u00e0 cette c\u00e9r\u00e9monie.<\/strong><\/span><\/p>\n<p>&nbsp;<\/p>\n<figure id=\"attachment_322\" aria-describedby=\"caption-attachment-322\" style=\"width: 300px\" class=\"wp-caption alignleft\"><a href=\"http:\/\/www.lesouvenirfrancais-saintchinian.fr\/wp-content\/uploads\/2014\/11\/Acceuil-de-lAG-devant-le-coll\u00e8ge1.jpg\"><img loading=\"lazy\" decoding=\"async\" class=\"size-medium wp-image-322\" src=\"http:\/\/www.lesouvenirfrancais-saintchinian.fr\/wp-content\/uploads\/2014\/11\/Acceuil-de-lAG-devant-le-coll\u00e8ge1-300x224.jpg\" alt=\"Accueil de l'AG devant le coll\u00e8ge\" width=\"300\" height=\"224\" srcset=\"https:\/\/www.lesouvenirfrancais-saintchinian.fr\/wp-content\/uploads\/2014\/11\/Acceuil-de-lAG-devant-le-coll\u00e8ge1-300x224.jpg 300w, https:\/\/www.lesouvenirfrancais-saintchinian.fr\/wp-content\/uploads\/2014\/11\/Acceuil-de-lAG-devant-le-coll\u00e8ge1-600x449.jpg 600w, https:\/\/www.lesouvenirfrancais-saintchinian.fr\/wp-content\/uploads\/2014\/11\/Acceuil-de-lAG-devant-le-coll\u00e8ge1.jpg 787w\" sizes=\"auto, (max-width: 300px) 100vw, 300px\" \/><\/a><figcaption id=\"caption-attachment-322\" class=\"wp-caption-text\">Accueil de l&rsquo;AG devant le coll\u00e8ge<\/figcaption><\/figure>\n<figure id=\"attachment_320\" aria-describedby=\"caption-attachment-320\" style=\"width: 300px\" class=\"wp-caption alignright\"><a href=\"http:\/\/www.lesouvenirfrancais-saintchinian.fr\/wp-content\/uploads\/2014\/11\/AG-de-la-d\u00e9l\u00e9gation.jpg\"><img loading=\"lazy\" decoding=\"async\" class=\"wp-image-320 size-medium\" src=\"http:\/\/www.lesouvenirfrancais-saintchinian.fr\/wp-content\/uploads\/2014\/11\/AG-de-la-d\u00e9l\u00e9gation-300x224.jpg\" alt=\"AG de la d\u00e9l\u00e9gation de l'H\u00e9rault\" width=\"300\" height=\"224\" srcset=\"https:\/\/www.lesouvenirfrancais-saintchinian.fr\/wp-content\/uploads\/2014\/11\/AG-de-la-d\u00e9l\u00e9gation-300x224.jpg 300w, https:\/\/www.lesouvenirfrancais-saintchinian.fr\/wp-content\/uploads\/2014\/11\/AG-de-la-d\u00e9l\u00e9gation-600x449.jpg 600w, https:\/\/www.lesouvenirfrancais-saintchinian.fr\/wp-content\/uploads\/2014\/11\/AG-de-la-d\u00e9l\u00e9gation.jpg 787w\" sizes=\"auto, (max-width: 300px) 100vw, 300px\" \/><\/a><figcaption id=\"caption-attachment-320\" class=\"wp-caption-text\">AG de la d\u00e9l\u00e9gation de l&rsquo;H\u00e9rault<\/figcaption><\/figure>\n<p>&nbsp;<\/p>\n<figure id=\"attachment_297\" aria-describedby=\"caption-attachment-297\" style=\"width: 300px\" class=\"wp-caption alignleft\"><a href=\"http:\/\/www.lesouvenirfrancais-saintchinian.fr\/wp-content\/uploads\/2014\/11\/D\u00e9part-des-c\u00e9r\u00e9monies.jpg\"><img loading=\"lazy\" decoding=\"async\" class=\"size-medium wp-image-297\" src=\"http:\/\/www.lesouvenirfrancais-saintchinian.fr\/wp-content\/uploads\/2014\/11\/D\u00e9part-des-c\u00e9r\u00e9monies-300x200.jpg\" alt=\"D\u00e9part des c\u00e9r\u00e9monies\" width=\"300\" height=\"200\" srcset=\"https:\/\/www.lesouvenirfrancais-saintchinian.fr\/wp-content\/uploads\/2014\/11\/D\u00e9part-des-c\u00e9r\u00e9monies-300x200.jpg 300w, https:\/\/www.lesouvenirfrancais-saintchinian.fr\/wp-content\/uploads\/2014\/11\/D\u00e9part-des-c\u00e9r\u00e9monies-600x400.jpg 600w, https:\/\/www.lesouvenirfrancais-saintchinian.fr\/wp-content\/uploads\/2014\/11\/D\u00e9part-des-c\u00e9r\u00e9monies.jpg 787w\" sizes=\"auto, (max-width: 300px) 100vw, 300px\" \/><\/a><figcaption id=\"caption-attachment-297\" class=\"wp-caption-text\">D\u00e9part des c\u00e9r\u00e9monies<\/figcaption><\/figure>\n<figure id=\"attachment_313\" aria-describedby=\"caption-attachment-313\" style=\"width: 300px\" class=\"wp-caption alignright\"><a href=\"http:\/\/www.lesouvenirfrancais-saintchinian.fr\/wp-content\/uploads\/2014\/11\/monument-des-jardins-de-la-mairie.jpg\"><img loading=\"lazy\" decoding=\"async\" class=\"wp-image-313 size-medium\" src=\"http:\/\/www.lesouvenirfrancais-saintchinian.fr\/wp-content\/uploads\/2014\/11\/monument-des-jardins-de-la-mairie-300x168.jpg\" alt=\"monument des jardins de la mairie\" width=\"300\" height=\"168\" srcset=\"https:\/\/www.lesouvenirfrancais-saintchinian.fr\/wp-content\/uploads\/2014\/11\/monument-des-jardins-de-la-mairie-300x168.jpg 300w, https:\/\/www.lesouvenirfrancais-saintchinian.fr\/wp-content\/uploads\/2014\/11\/monument-des-jardins-de-la-mairie-600x337.jpg 600w, https:\/\/www.lesouvenirfrancais-saintchinian.fr\/wp-content\/uploads\/2014\/11\/monument-des-jardins-de-la-mairie.jpg 787w\" sizes=\"auto, (max-width: 300px) 100vw, 300px\" \/><\/a><figcaption id=\"caption-attachment-313\" class=\"wp-caption-text\">Monument des jardins de la mairie<\/figcaption><\/figure>\n<figure id=\"attachment_302\" aria-describedby=\"caption-attachment-302\" style=\"width: 300px\" class=\"wp-caption alignleft\"><a href=\"http:\/\/www.lesouvenirfrancais-saintchinian.fr\/wp-content\/uploads\/2014\/11\/Discours-au-monument-des-jardins-de-la-mairie.jpg\"><img loading=\"lazy\" decoding=\"async\" class=\"wp-image-302 size-medium\" src=\"http:\/\/www.lesouvenirfrancais-saintchinian.fr\/wp-content\/uploads\/2014\/11\/Discours-au-monument-des-jardins-de-la-mairie-300x200.jpg\" alt=\"Discours au monument des jardins de la mairie\" width=\"300\" height=\"200\" srcset=\"https:\/\/www.lesouvenirfrancais-saintchinian.fr\/wp-content\/uploads\/2014\/11\/Discours-au-monument-des-jardins-de-la-mairie-300x200.jpg 300w, https:\/\/www.lesouvenirfrancais-saintchinian.fr\/wp-content\/uploads\/2014\/11\/Discours-au-monument-des-jardins-de-la-mairie-600x400.jpg 600w, https:\/\/www.lesouvenirfrancais-saintchinian.fr\/wp-content\/uploads\/2014\/11\/Discours-au-monument-des-jardins-de-la-mairie.jpg 787w\" sizes=\"auto, (max-width: 300px) 100vw, 300px\" \/><\/a><figcaption id=\"caption-attachment-302\" class=\"wp-caption-text\">Discours du Vice-pr\u00e9sident au monument des jardins de la mairie<\/figcaption><\/figure>\n<figure id=\"attachment_314\" aria-describedby=\"caption-attachment-314\" style=\"width: 300px\" class=\"wp-caption alignright\"><a href=\"http:\/\/www.lesouvenirfrancais-saintchinian.fr\/wp-content\/uploads\/2014\/11\/monument-des-jardins-de-la-mairie2.jpg\"><img loading=\"lazy\" decoding=\"async\" class=\"wp-image-314 size-medium\" src=\"http:\/\/www.lesouvenirfrancais-saintchinian.fr\/wp-content\/uploads\/2014\/11\/monument-des-jardins-de-la-mairie2-300x224.jpg\" alt=\"monument des jardins de la mairie2\" width=\"300\" height=\"224\" srcset=\"https:\/\/www.lesouvenirfrancais-saintchinian.fr\/wp-content\/uploads\/2014\/11\/monument-des-jardins-de-la-mairie2-300x224.jpg 300w, https:\/\/www.lesouvenirfrancais-saintchinian.fr\/wp-content\/uploads\/2014\/11\/monument-des-jardins-de-la-mairie2-600x449.jpg 600w, https:\/\/www.lesouvenirfrancais-saintchinian.fr\/wp-content\/uploads\/2014\/11\/monument-des-jardins-de-la-mairie2.jpg 787w\" sizes=\"auto, (max-width: 300px) 100vw, 300px\" \/><\/a><figcaption id=\"caption-attachment-314\" class=\"wp-caption-text\">Monument des jardins de la mairie, mise en place des 22 porte-drapeaux.<\/figcaption><\/figure>\n<figure id=\"attachment_300\" aria-describedby=\"caption-attachment-300\" style=\"width: 300px\" class=\"wp-caption alignleft\"><a href=\"http:\/\/www.lesouvenirfrancais-saintchinian.fr\/wp-content\/uploads\/2014\/11\/D\u00e9p\u00f4t-de-la-1er-gerbe-par-notre-secr\u00e9taire.jpg\"><img loading=\"lazy\" decoding=\"async\" class=\"wp-image-300 size-medium\" src=\"http:\/\/www.lesouvenirfrancais-saintchinian.fr\/wp-content\/uploads\/2014\/11\/D\u00e9p\u00f4t-de-la-1er-gerbe-par-notre-secr\u00e9taire-300x200.jpg\" alt=\"D\u00e9p\u00f4t de la 1er gerbe par notre secr\u00e9taire\" width=\"300\" height=\"200\" srcset=\"https:\/\/www.lesouvenirfrancais-saintchinian.fr\/wp-content\/uploads\/2014\/11\/D\u00e9p\u00f4t-de-la-1er-gerbe-par-notre-secr\u00e9taire-300x200.jpg 300w, https:\/\/www.lesouvenirfrancais-saintchinian.fr\/wp-content\/uploads\/2014\/11\/D\u00e9p\u00f4t-de-la-1er-gerbe-par-notre-secr\u00e9taire-600x400.jpg 600w, https:\/\/www.lesouvenirfrancais-saintchinian.fr\/wp-content\/uploads\/2014\/11\/D\u00e9p\u00f4t-de-la-1er-gerbe-par-notre-secr\u00e9taire.jpg 787w\" sizes=\"auto, (max-width: 300px) 100vw, 300px\" \/><\/a><figcaption id=\"caption-attachment-300\" class=\"wp-caption-text\">D\u00e9p\u00f4t de la 1er gerbe par notre secr\u00e9taire<\/figcaption><\/figure>\n<figure id=\"attachment_298\" aria-describedby=\"caption-attachment-298\" style=\"width: 300px\" class=\"wp-caption alignright\"><a href=\"http:\/\/www.lesouvenirfrancais-saintchinian.fr\/wp-content\/uploads\/2014\/11\/D\u00e9part-du-cort\u00e8ge.jpg\"><img loading=\"lazy\" decoding=\"async\" class=\"wp-image-298 size-medium\" src=\"http:\/\/www.lesouvenirfrancais-saintchinian.fr\/wp-content\/uploads\/2014\/11\/D\u00e9part-du-cort\u00e8ge-300x200.jpg\" alt=\"D\u00e9part du cort\u00e8ge\" width=\"300\" height=\"200\" srcset=\"https:\/\/www.lesouvenirfrancais-saintchinian.fr\/wp-content\/uploads\/2014\/11\/D\u00e9part-du-cort\u00e8ge-300x200.jpg 300w, https:\/\/www.lesouvenirfrancais-saintchinian.fr\/wp-content\/uploads\/2014\/11\/D\u00e9part-du-cort\u00e8ge-600x400.jpg 600w, https:\/\/www.lesouvenirfrancais-saintchinian.fr\/wp-content\/uploads\/2014\/11\/D\u00e9part-du-cort\u00e8ge.jpg 787w\" sizes=\"auto, (max-width: 300px) 100vw, 300px\" \/><\/a><figcaption id=\"caption-attachment-298\" class=\"wp-caption-text\">D\u00e9part du cort\u00e8ge<\/figcaption><\/figure>\n<figure id=\"attachment_319\" aria-describedby=\"caption-attachment-319\" style=\"width: 300px\" class=\"wp-caption alignleft\"><a href=\"http:\/\/www.lesouvenirfrancais-saintchinian.fr\/wp-content\/uploads\/2014\/11\/Cort\u00e8ge.jpg\"><img loading=\"lazy\" decoding=\"async\" class=\"wp-image-319 size-medium\" src=\"http:\/\/www.lesouvenirfrancais-saintchinian.fr\/wp-content\/uploads\/2014\/11\/Cort\u00e8ge-300x168.jpg\" alt=\"Cort\u00e8ge\" width=\"300\" height=\"168\" srcset=\"https:\/\/www.lesouvenirfrancais-saintchinian.fr\/wp-content\/uploads\/2014\/11\/Cort\u00e8ge-300x168.jpg 300w, https:\/\/www.lesouvenirfrancais-saintchinian.fr\/wp-content\/uploads\/2014\/11\/Cort\u00e8ge-600x337.jpg 600w, https:\/\/www.lesouvenirfrancais-saintchinian.fr\/wp-content\/uploads\/2014\/11\/Cort\u00e8ge.jpg 787w\" sizes=\"auto, (max-width: 300px) 100vw, 300px\" \/><\/a><figcaption id=\"caption-attachment-319\" class=\"wp-caption-text\">D\u00e9part du cort\u00e8ge en musique<\/figcaption><\/figure>\n<p>&nbsp;<\/p>\n<p>&nbsp;<\/p>\n<figure id=\"attachment_311\" aria-describedby=\"caption-attachment-311\" style=\"width: 300px\" class=\"wp-caption alignright\"><a href=\"http:\/\/www.lesouvenirfrancais-saintchinian.fr\/wp-content\/uploads\/2014\/11\/Le-carr\u00e9-militaire.jpg\"><img loading=\"lazy\" decoding=\"async\" class=\"wp-image-311 size-medium\" src=\"http:\/\/www.lesouvenirfrancais-saintchinian.fr\/wp-content\/uploads\/2014\/11\/Le-carr\u00e9-militaire-300x168.jpg\" alt=\"Le carr\u00e9 militaire\" width=\"300\" height=\"168\" srcset=\"https:\/\/www.lesouvenirfrancais-saintchinian.fr\/wp-content\/uploads\/2014\/11\/Le-carr\u00e9-militaire-300x168.jpg 300w, https:\/\/www.lesouvenirfrancais-saintchinian.fr\/wp-content\/uploads\/2014\/11\/Le-carr\u00e9-militaire-600x337.jpg 600w, https:\/\/www.lesouvenirfrancais-saintchinian.fr\/wp-content\/uploads\/2014\/11\/Le-carr\u00e9-militaire.jpg 787w\" sizes=\"auto, (max-width: 300px) 100vw, 300px\" \/><\/a><figcaption id=\"caption-attachment-311\" class=\"wp-caption-text\">Arriv\u00e9e au cimeti\u00e8re, mise en place des drapeaux<\/figcaption><\/figure>\n<p>&nbsp;<\/p>\n<figure id=\"attachment_324\" aria-describedby=\"caption-attachment-324\" style=\"width: 168px\" class=\"wp-caption aligncenter\"><a href=\"http:\/\/www.lesouvenirfrancais-saintchinian.fr\/wp-content\/uploads\/2014\/11\/Notre-jeune-porte-drapeau-Rolland.jpg\"><img loading=\"lazy\" decoding=\"async\" class=\"wp-image-324 size-medium\" src=\"http:\/\/www.lesouvenirfrancais-saintchinian.fr\/wp-content\/uploads\/2014\/11\/Notre-jeune-porte-drapeau-Rolland-168x300.jpg\" alt=\"Notre jeune porte-drapeau Rolland\" width=\"168\" height=\"300\" srcset=\"https:\/\/www.lesouvenirfrancais-saintchinian.fr\/wp-content\/uploads\/2014\/11\/Notre-jeune-porte-drapeau-Rolland-168x300.jpg 168w, https:\/\/www.lesouvenirfrancais-saintchinian.fr\/wp-content\/uploads\/2014\/11\/Notre-jeune-porte-drapeau-Rolland-575x1024.jpg 575w, https:\/\/www.lesouvenirfrancais-saintchinian.fr\/wp-content\/uploads\/2014\/11\/Notre-jeune-porte-drapeau-Rolland.jpg 591w\" sizes=\"auto, (max-width: 168px) 100vw, 168px\" \/><\/a><figcaption id=\"caption-attachment-324\" class=\"wp-caption-text\">Notre jeune porte-drapeau Rolland<\/figcaption><\/figure>\n<p>&nbsp;<\/p>\n<figure id=\"attachment_323\" aria-describedby=\"caption-attachment-323\" style=\"width: 168px\" class=\"wp-caption aligncenter\"><img loading=\"lazy\" decoding=\"async\" class=\"wp-image-323 size-medium\" src=\"http:\/\/www.lesouvenirfrancais-saintchinian.fr\/wp-content\/uploads\/2014\/11\/INauguration-du-m\u00e2t-2-168x300.jpg\" alt=\"INauguration du m\u00e2t 2\" width=\"168\" height=\"300\" srcset=\"https:\/\/www.lesouvenirfrancais-saintchinian.fr\/wp-content\/uploads\/2014\/11\/INauguration-du-m\u00e2t-2-168x300.jpg 168w, https:\/\/www.lesouvenirfrancais-saintchinian.fr\/wp-content\/uploads\/2014\/11\/INauguration-du-m\u00e2t-2-575x1024.jpg 575w, https:\/\/www.lesouvenirfrancais-saintchinian.fr\/wp-content\/uploads\/2014\/11\/INauguration-du-m\u00e2t-2.jpg 591w\" sizes=\"auto, (max-width: 168px) 100vw, 168px\" \/><figcaption id=\"caption-attachment-323\" class=\"wp-caption-text\">Inauguration du m\u00e2t g\u00e9r\u00e9e par le Capitaine Andr\u00e9 Gilles.<\/figcaption><\/figure>\n<p>&nbsp;<\/p>\n<figure id=\"attachment_312\" aria-describedby=\"caption-attachment-312\" style=\"width: 168px\" class=\"wp-caption aligncenter\"><a href=\"http:\/\/www.lesouvenirfrancais-saintchinian.fr\/wp-content\/uploads\/2014\/11\/Mont\u00e9e-des-couleurs.jpg\"><img loading=\"lazy\" decoding=\"async\" class=\"wp-image-312 size-medium\" src=\"http:\/\/www.lesouvenirfrancais-saintchinian.fr\/wp-content\/uploads\/2014\/11\/Mont\u00e9e-des-couleurs-168x300.jpg\" alt=\"Mont\u00e9e des couleurs\" width=\"168\" height=\"300\" srcset=\"https:\/\/www.lesouvenirfrancais-saintchinian.fr\/wp-content\/uploads\/2014\/11\/Mont\u00e9e-des-couleurs-168x300.jpg 168w, https:\/\/www.lesouvenirfrancais-saintchinian.fr\/wp-content\/uploads\/2014\/11\/Mont\u00e9e-des-couleurs-575x1024.jpg 575w, https:\/\/www.lesouvenirfrancais-saintchinian.fr\/wp-content\/uploads\/2014\/11\/Mont\u00e9e-des-couleurs.jpg 591w\" sizes=\"auto, (max-width: 168px) 100vw, 168px\" \/><\/a><figcaption id=\"caption-attachment-312\" class=\"wp-caption-text\">Lev\u00e9e des couleurs par Ga\u00eblle, jeune-sapeur-pompier et Jean-Marc, notre secr\u00e9taire.<\/figcaption><\/figure>\n<p>&nbsp;<\/p>\n<figure id=\"attachment_296\" aria-describedby=\"caption-attachment-296\" style=\"width: 300px\" class=\"wp-caption alignleft\"><a href=\"http:\/\/www.lesouvenirfrancais-saintchinian.fr\/wp-content\/uploads\/2014\/11\/D\u00e9but-de-la-c\u00e9r\u00e9monie-au-carr\u00e9.jpg\"><img loading=\"lazy\" decoding=\"async\" class=\"wp-image-296 size-medium\" src=\"http:\/\/www.lesouvenirfrancais-saintchinian.fr\/wp-content\/uploads\/2014\/11\/D\u00e9but-de-la-c\u00e9r\u00e9monie-au-carr\u00e9-300x168.jpg\" alt=\"D\u00e9but de la c\u00e9r\u00e9monie au carr\u00e9\" width=\"300\" height=\"168\" srcset=\"https:\/\/www.lesouvenirfrancais-saintchinian.fr\/wp-content\/uploads\/2014\/11\/D\u00e9but-de-la-c\u00e9r\u00e9monie-au-carr\u00e9-300x168.jpg 300w, https:\/\/www.lesouvenirfrancais-saintchinian.fr\/wp-content\/uploads\/2014\/11\/D\u00e9but-de-la-c\u00e9r\u00e9monie-au-carr\u00e9-600x337.jpg 600w, https:\/\/www.lesouvenirfrancais-saintchinian.fr\/wp-content\/uploads\/2014\/11\/D\u00e9but-de-la-c\u00e9r\u00e9monie-au-carr\u00e9.jpg 787w\" sizes=\"auto, (max-width: 300px) 100vw, 300px\" \/><\/a><figcaption id=\"caption-attachment-296\" class=\"wp-caption-text\">D\u00e9but de la c\u00e9r\u00e9monie au carr\u00e9, ouverture du carr\u00e9 par Eric P\u00e9r\u00e8s<\/figcaption><\/figure>\n<figure id=\"attachment_306\" aria-describedby=\"caption-attachment-306\" style=\"width: 300px\" class=\"wp-caption alignright\"><a href=\"http:\/\/www.lesouvenirfrancais-saintchinian.fr\/wp-content\/uploads\/2014\/11\/Elus-venus-nombreux.jpg\"><img loading=\"lazy\" decoding=\"async\" class=\"wp-image-306 size-medium\" src=\"http:\/\/www.lesouvenirfrancais-saintchinian.fr\/wp-content\/uploads\/2014\/11\/Elus-venus-nombreux-300x200.jpg\" alt=\"Elus venus nombreux\" width=\"300\" height=\"200\" srcset=\"https:\/\/www.lesouvenirfrancais-saintchinian.fr\/wp-content\/uploads\/2014\/11\/Elus-venus-nombreux-300x200.jpg 300w, https:\/\/www.lesouvenirfrancais-saintchinian.fr\/wp-content\/uploads\/2014\/11\/Elus-venus-nombreux-600x400.jpg 600w, https:\/\/www.lesouvenirfrancais-saintchinian.fr\/wp-content\/uploads\/2014\/11\/Elus-venus-nombreux.jpg 787w\" sizes=\"auto, (max-width: 300px) 100vw, 300px\" \/><\/a><figcaption id=\"caption-attachment-306\" class=\"wp-caption-text\">Les \u00e9lus, venus nombreux<\/figcaption><\/figure>\n<figure id=\"attachment_303\" aria-describedby=\"caption-attachment-303\" style=\"width: 300px\" class=\"wp-caption alignleft\"><a href=\"http:\/\/www.lesouvenirfrancais-saintchinian.fr\/wp-content\/uploads\/2014\/11\/Discours-du-pr\u00e9sident-pr\u00e8s-des-d\u00e9l\u00e9gu\u00e9s.jpg\"><img loading=\"lazy\" decoding=\"async\" class=\"wp-image-303 size-medium\" src=\"http:\/\/www.lesouvenirfrancais-saintchinian.fr\/wp-content\/uploads\/2014\/11\/Discours-du-pr\u00e9sident-pr\u00e8s-des-d\u00e9l\u00e9gu\u00e9s-300x200.jpg\" alt=\"Discours du pr\u00e9sident pr\u00e8s des d\u00e9l\u00e9gu\u00e9s\" width=\"300\" height=\"200\" srcset=\"https:\/\/www.lesouvenirfrancais-saintchinian.fr\/wp-content\/uploads\/2014\/11\/Discours-du-pr\u00e9sident-pr\u00e8s-des-d\u00e9l\u00e9gu\u00e9s-300x200.jpg 300w, https:\/\/www.lesouvenirfrancais-saintchinian.fr\/wp-content\/uploads\/2014\/11\/Discours-du-pr\u00e9sident-pr\u00e8s-des-d\u00e9l\u00e9gu\u00e9s-600x400.jpg 600w, https:\/\/www.lesouvenirfrancais-saintchinian.fr\/wp-content\/uploads\/2014\/11\/Discours-du-pr\u00e9sident-pr\u00e8s-des-d\u00e9l\u00e9gu\u00e9s.jpg 787w\" sizes=\"auto, (max-width: 300px) 100vw, 300px\" \/><\/a><figcaption id=\"caption-attachment-303\" class=\"wp-caption-text\">Discours du Pr\u00e9sident pr\u00e8s des d\u00e9l\u00e9gu\u00e9s d\u00e9partementaux de l&rsquo;H\u00e9rault (\u00e0 droite de la photo).<\/figcaption><\/figure>\n<figure id=\"attachment_307\" aria-describedby=\"caption-attachment-307\" style=\"width: 300px\" class=\"wp-caption alignright\"><a href=\"http:\/\/www.lesouvenirfrancais-saintchinian.fr\/wp-content\/uploads\/2014\/11\/Fanfare-et-corps-constitu\u00e9s.jpg\"><img loading=\"lazy\" decoding=\"async\" class=\"wp-image-307 size-medium\" src=\"http:\/\/www.lesouvenirfrancais-saintchinian.fr\/wp-content\/uploads\/2014\/11\/Fanfare-et-corps-constitu\u00e9s-300x200.jpg\" alt=\"Fanfare et corps constitu\u00e9s\" width=\"300\" height=\"200\" srcset=\"https:\/\/www.lesouvenirfrancais-saintchinian.fr\/wp-content\/uploads\/2014\/11\/Fanfare-et-corps-constitu\u00e9s-300x200.jpg 300w, https:\/\/www.lesouvenirfrancais-saintchinian.fr\/wp-content\/uploads\/2014\/11\/Fanfare-et-corps-constitu\u00e9s-600x400.jpg 600w, https:\/\/www.lesouvenirfrancais-saintchinian.fr\/wp-content\/uploads\/2014\/11\/Fanfare-et-corps-constitu\u00e9s.jpg 787w\" sizes=\"auto, (max-width: 300px) 100vw, 300px\" \/><\/a><figcaption id=\"caption-attachment-307\" class=\"wp-caption-text\">Fanfare et corps constitu\u00e9s<\/figcaption><\/figure>\n<figure id=\"attachment_301\" aria-describedby=\"caption-attachment-301\" style=\"width: 300px\" class=\"wp-caption alignleft\"><a href=\"http:\/\/www.lesouvenirfrancais-saintchinian.fr\/wp-content\/uploads\/2014\/11\/D\u00e9p\u00f4t-de-la-2eme-gerbe-par-notre-tr\u00e9sori\u00e8re.jpg\"><img loading=\"lazy\" decoding=\"async\" class=\"wp-image-301 size-medium\" src=\"http:\/\/www.lesouvenirfrancais-saintchinian.fr\/wp-content\/uploads\/2014\/11\/D\u00e9p\u00f4t-de-la-2eme-gerbe-par-notre-tr\u00e9sori\u00e8re-300x200.jpg\" alt=\"D\u00e9p\u00f4t de la 2eme gerbe par notre tr\u00e9sori\u00e8re\" width=\"300\" height=\"200\" srcset=\"https:\/\/www.lesouvenirfrancais-saintchinian.fr\/wp-content\/uploads\/2014\/11\/D\u00e9p\u00f4t-de-la-2eme-gerbe-par-notre-tr\u00e9sori\u00e8re-300x200.jpg 300w, https:\/\/www.lesouvenirfrancais-saintchinian.fr\/wp-content\/uploads\/2014\/11\/D\u00e9p\u00f4t-de-la-2eme-gerbe-par-notre-tr\u00e9sori\u00e8re-600x400.jpg 600w, https:\/\/www.lesouvenirfrancais-saintchinian.fr\/wp-content\/uploads\/2014\/11\/D\u00e9p\u00f4t-de-la-2eme-gerbe-par-notre-tr\u00e9sori\u00e8re.jpg 787w\" sizes=\"auto, (max-width: 300px) 100vw, 300px\" \/><\/a><figcaption id=\"caption-attachment-301\" class=\"wp-caption-text\">D\u00e9p\u00f4t de la 2eme gerbe par notre tr\u00e9sori\u00e8re<\/figcaption><\/figure>\n<figure id=\"attachment_295\" aria-describedby=\"caption-attachment-295\" style=\"width: 300px\" class=\"wp-caption alignright\"><a href=\"http:\/\/www.lesouvenirfrancais-saintchinian.fr\/wp-content\/uploads\/2014\/11\/Appel-au-morts.jpg\"><img loading=\"lazy\" decoding=\"async\" class=\"wp-image-295 size-medium\" src=\"http:\/\/www.lesouvenirfrancais-saintchinian.fr\/wp-content\/uploads\/2014\/11\/Appel-au-morts-300x168.jpg\" alt=\"Appel au morts\" width=\"300\" height=\"168\" srcset=\"https:\/\/www.lesouvenirfrancais-saintchinian.fr\/wp-content\/uploads\/2014\/11\/Appel-au-morts-300x168.jpg 300w, https:\/\/www.lesouvenirfrancais-saintchinian.fr\/wp-content\/uploads\/2014\/11\/Appel-au-morts-600x337.jpg 600w, https:\/\/www.lesouvenirfrancais-saintchinian.fr\/wp-content\/uploads\/2014\/11\/Appel-au-morts.jpg 787w\" sizes=\"auto, (max-width: 300px) 100vw, 300px\" \/><\/a><figcaption id=\"caption-attachment-295\" class=\"wp-caption-text\">Appel au morts fait par H\u00e9l\u00e8ne, notre tr\u00e9sori\u00e8re.<\/figcaption><\/figure>\n<figure id=\"attachment_317\" aria-describedby=\"caption-attachment-317\" style=\"width: 300px\" class=\"wp-caption alignleft\"><a href=\"http:\/\/www.lesouvenirfrancais-saintchinian.fr\/wp-content\/uploads\/2014\/11\/Rermerciements-aox-porte-drapeaux2.jpg\"><img loading=\"lazy\" decoding=\"async\" class=\"wp-image-317 size-medium\" src=\"http:\/\/www.lesouvenirfrancais-saintchinian.fr\/wp-content\/uploads\/2014\/11\/Rermerciements-aox-porte-drapeaux2-300x224.jpg\" alt=\"Rermerciements aox porte-drapeaux2\" width=\"300\" height=\"224\" srcset=\"https:\/\/www.lesouvenirfrancais-saintchinian.fr\/wp-content\/uploads\/2014\/11\/Rermerciements-aox-porte-drapeaux2-300x224.jpg 300w, https:\/\/www.lesouvenirfrancais-saintchinian.fr\/wp-content\/uploads\/2014\/11\/Rermerciements-aox-porte-drapeaux2-600x449.jpg 600w, https:\/\/www.lesouvenirfrancais-saintchinian.fr\/wp-content\/uploads\/2014\/11\/Rermerciements-aox-porte-drapeaux2.jpg 787w\" sizes=\"auto, (max-width: 300px) 100vw, 300px\" \/><\/a><figcaption id=\"caption-attachment-317\" class=\"wp-caption-text\">Remerciements aux porte-drapeaux.<\/figcaption><\/figure>\n<figure id=\"attachment_316\" aria-describedby=\"caption-attachment-316\" style=\"width: 300px\" class=\"wp-caption alignright\"><a href=\"http:\/\/www.lesouvenirfrancais-saintchinian.fr\/wp-content\/uploads\/2014\/11\/Rermerciements-aox-porte-drapeaux.jpg\"><img loading=\"lazy\" decoding=\"async\" class=\"wp-image-316 size-medium\" src=\"http:\/\/www.lesouvenirfrancais-saintchinian.fr\/wp-content\/uploads\/2014\/11\/Rermerciements-aox-porte-drapeaux-300x224.jpg\" alt=\"Rermerciements aox porte-drapeaux\" width=\"300\" height=\"224\" srcset=\"https:\/\/www.lesouvenirfrancais-saintchinian.fr\/wp-content\/uploads\/2014\/11\/Rermerciements-aox-porte-drapeaux-300x224.jpg 300w, https:\/\/www.lesouvenirfrancais-saintchinian.fr\/wp-content\/uploads\/2014\/11\/Rermerciements-aox-porte-drapeaux-600x449.jpg 600w, https:\/\/www.lesouvenirfrancais-saintchinian.fr\/wp-content\/uploads\/2014\/11\/Rermerciements-aox-porte-drapeaux.jpg 787w\" sizes=\"auto, (max-width: 300px) 100vw, 300px\" \/><\/a><figcaption id=\"caption-attachment-316\" class=\"wp-caption-text\">Remerciements aux porte-drapeaux<\/figcaption><\/figure>\n<figure id=\"attachment_309\" aria-describedby=\"caption-attachment-309\" style=\"width: 300px\" class=\"wp-caption alignleft\"><a href=\"http:\/\/www.lesouvenirfrancais-saintchinian.fr\/wp-content\/uploads\/2014\/11\/La-d\u00e9l\u00e9gation-et-notre-bureau.jpg\"><img loading=\"lazy\" decoding=\"async\" class=\"wp-image-309 size-medium\" src=\"http:\/\/www.lesouvenirfrancais-saintchinian.fr\/wp-content\/uploads\/2014\/11\/La-d\u00e9l\u00e9gation-et-notre-bureau-300x168.jpg\" alt=\"La d\u00e9l\u00e9gation et notre bureau\" width=\"300\" height=\"168\" srcset=\"https:\/\/www.lesouvenirfrancais-saintchinian.fr\/wp-content\/uploads\/2014\/11\/La-d\u00e9l\u00e9gation-et-notre-bureau-300x168.jpg 300w, https:\/\/www.lesouvenirfrancais-saintchinian.fr\/wp-content\/uploads\/2014\/11\/La-d\u00e9l\u00e9gation-et-notre-bureau-600x337.jpg 600w, https:\/\/www.lesouvenirfrancais-saintchinian.fr\/wp-content\/uploads\/2014\/11\/La-d\u00e9l\u00e9gation-et-notre-bureau.jpg 787w\" sizes=\"auto, (max-width: 300px) 100vw, 300px\" \/><\/a><figcaption id=\"caption-attachment-309\" class=\"wp-caption-text\">La d\u00e9l\u00e9gation et notre bureau<\/figcaption><\/figure>\n<figure id=\"attachment_321\" aria-describedby=\"caption-attachment-321\" style=\"width: 300px\" class=\"wp-caption alignright\"><a href=\"http:\/\/www.lesouvenirfrancais-saintchinian.fr\/wp-content\/uploads\/2014\/11\/Salle-des-f\u00eates-de-c\u00e9bazan1.jpg\"><img loading=\"lazy\" decoding=\"async\" class=\"wp-image-321 size-medium\" src=\"http:\/\/www.lesouvenirfrancais-saintchinian.fr\/wp-content\/uploads\/2014\/11\/Salle-des-f\u00eates-de-c\u00e9bazan1-300x224.jpg\" alt=\"Salle des f\u00eates de c\u00e9bazan\" width=\"300\" height=\"224\" srcset=\"https:\/\/www.lesouvenirfrancais-saintchinian.fr\/wp-content\/uploads\/2014\/11\/Salle-des-f\u00eates-de-c\u00e9bazan1-300x224.jpg 300w, https:\/\/www.lesouvenirfrancais-saintchinian.fr\/wp-content\/uploads\/2014\/11\/Salle-des-f\u00eates-de-c\u00e9bazan1-600x449.jpg 600w, https:\/\/www.lesouvenirfrancais-saintchinian.fr\/wp-content\/uploads\/2014\/11\/Salle-des-f\u00eates-de-c\u00e9bazan1.jpg 787w\" sizes=\"auto, (max-width: 300px) 100vw, 300px\" \/><\/a><figcaption id=\"caption-attachment-321\" class=\"wp-caption-text\">Salle des f\u00eates de C\u00e9bazan<\/figcaption><\/figure>\n<figure id=\"attachment_327\" aria-describedby=\"caption-attachment-327\" style=\"width: 300px\" class=\"wp-caption alignleft\"><a href=\"http:\/\/www.lesouvenirfrancais-saintchinian.fr\/wp-content\/uploads\/2014\/11\/P1210671-Copier.jpg\"><img loading=\"lazy\" decoding=\"async\" class=\"wp-image-327 size-medium\" src=\"http:\/\/www.lesouvenirfrancais-saintchinian.fr\/wp-content\/uploads\/2014\/11\/P1210671-Copier-300x224.jpg\" alt=\"P1210671 (Copier)\" width=\"300\" height=\"224\" srcset=\"https:\/\/www.lesouvenirfrancais-saintchinian.fr\/wp-content\/uploads\/2014\/11\/P1210671-Copier-300x224.jpg 300w, https:\/\/www.lesouvenirfrancais-saintchinian.fr\/wp-content\/uploads\/2014\/11\/P1210671-Copier-600x449.jpg 600w, https:\/\/www.lesouvenirfrancais-saintchinian.fr\/wp-content\/uploads\/2014\/11\/P1210671-Copier.jpg 787w\" sizes=\"auto, (max-width: 300px) 100vw, 300px\" \/><\/a><figcaption id=\"caption-attachment-327\" class=\"wp-caption-text\">Panneaux explicatifs des diff\u00e9rentes \u00e9tapes de la r\u00e9novation du carr\u00e9 militaire.<\/figcaption><\/figure>\n<p>&nbsp;<\/p>\n<p>&nbsp;<\/p>\n<p>&nbsp;<\/p>\n<p>&nbsp;<\/p>\n<p>&nbsp;<\/p>\n<p>&nbsp;<\/p>\n","protected":false},"excerpt":{"rendered":"<p>&nbsp; La journ\u00e9e a commenc\u00e9 \u00e0 8h15\u00e0 la salle \u00ab\u00a0Fulcran\u00a0\u00bb du coll\u00e8ge de Saint-Chinian afin d\u2019accueillir les diff\u00e9rents comit\u00e9s du d\u00e9partement de l&rsquo;H\u00e9rault pour la r\u00e9union annuelle de travail. En effet, Fran\u00e7ois Colombier, notre d\u00e9l\u00e9gu\u00e9 d\u00e9partemental, en vue de soutenir &#8230; <a class=\"more-link\" href=\"https:\/\/www.lesouvenirfrancais-saintchinian.fr\/?p=277\">Read More &raquo;<\/a><\/p>\n","protected":false},"author":321,"featured_media":0,"comment_status":"open","ping_status":"open","sticky":false,"template":"","format":"standard","meta":{"footnotes":""},"categories":[3],"tags":[],"class_list":["post-277","post","type-post","status-publish","format-standard","hentry","category-manifestations-et-actions"],"_links":{"self":[{"href":"https:\/\/www.lesouvenirfrancais-saintchinian.fr\/index.php?rest_route=\/wp\/v2\/posts\/277","targetHints":{"allow":["GET"]}}],"collection":[{"href":"https:\/\/www.lesouvenirfrancais-saintchinian.fr\/index.php?rest_route=\/wp\/v2\/posts"}],"about":[{"href":"https:\/\/www.lesouvenirfrancais-saintchinian.fr\/index.php?rest_route=\/wp\/v2\/types\/post"}],"author":[{"embeddable":true,"href":"https:\/\/www.lesouvenirfrancais-saintchinian.fr\/index.php?rest_route=\/wp\/v2\/users\/321"}],"replies":[{"embeddable":true,"href":"https:\/\/www.lesouvenirfrancais-saintchinian.fr\/index.php?rest_route=%2Fwp%2Fv2%2Fcomments&post=277"}],"version-history":[{"count":12,"href":"https:\/\/www.lesouvenirfrancais-saintchinian.fr\/index.php?rest_route=\/wp\/v2\/posts\/277\/revisions"}],"predecessor-version":[{"id":334,"href":"https:\/\/www.lesouvenirfrancais-saintchinian.fr\/index.php?rest_route=\/wp\/v2\/posts\/277\/revisions\/334"}],"wp:attachment":[{"href":"https:\/\/www.lesouvenirfrancais-saintchinian.fr\/index.php?rest_route=%2Fwp%2Fv2%2Fmedia&parent=277"}],"wp:term":[{"taxonomy":"category","embeddable":true,"href":"https:\/\/www.lesouvenirfrancais-saintchinian.fr\/index.php?rest_route=%2Fwp%2Fv2%2Fcategories&post=277"},{"taxonomy":"post_tag","embeddable":true,"href":"https:\/\/www.lesouvenirfrancais-saintchinian.fr\/index.php?rest_route=%2Fwp%2Fv2%2Ftags&post=277"}],"curies":[{"name":"wp","href":"https:\/\/api.w.org\/{rel}","templated":true}]}}