{"id":420,"date":"2015-03-25T18:13:06","date_gmt":"2015-03-25T17:13:06","guid":{"rendered":"http:\/\/www.lesouvenirfrancais-saintchinian.fr\/?p=420"},"modified":"2015-03-25T18:13:06","modified_gmt":"2015-03-25T17:13:06","slug":"carre-militaire-de-pierrerue-presque-termine","status":"publish","type":"post","link":"https:\/\/www.lesouvenirfrancais-saintchinian.fr\/?p=420","title":{"rendered":"Carr\u00e9 militaire de Pierrerue presque termin\u00e9"},"content":{"rendered":"<p style=\"text-align: left;\" align=\"CENTER\">Ce n&rsquo;est pas sans fiert\u00e9 que nous vous annon\u00e7ons que le carr\u00e9 militaire de Pierrerue est quasiment termin\u00e9.<\/p>\n<p style=\"text-align: left;\" align=\"CENTER\">En effet, les samedi 14 et 21 mars, la restauration de la colonne a \u00e9t\u00e9 termin\u00e9e et enti\u00e8rement trait\u00e9e pour la prot\u00e9ger, les neuf croix en b\u00e9ton ont \u00e9t\u00e9 solidement scell\u00e9es, les bordures p\u00e9rif\u00e9riques pos\u00e9es sur lit de mortier, le gravier neuf \u00e9tal\u00e9 sur du g\u00e9otextile afin que l&rsquo;herbe ne repousse pas.<\/p>\n<p style=\"text-align: left;\" align=\"CENTER\">Les plaques sur lesquelles \u00e9taient grav\u00e9es les noms des solsats morts pour la France de Pierrerue ont \u00e9t\u00e9 restaur\u00e9es et refix\u00e9es.<\/p>\n<p style=\"text-align: left;\" align=\"CENTER\">Merci encore \u00a0\u00e0 nos volontaires qui se sont encore beaucoup\u00a0investis lors de ces deux derni\u00e8res s\u00e9ances et \u00e0 Pierre qui est venu avec son tracteur \u00e9quip\u00e9 d&rsquo;un chargeur\u00a0afin de\u00a0verser directement le gravier dans le carr\u00e9.<\/p>\n<p style=\"text-align: left;\" align=\"CENTER\">Il ne reste qu&rsquo;\u00e0 poser les plaques d&rsquo;identit\u00e9 sur les croix ainsi que les plaques du Souvenir Fran\u00e7ais\u00a0et \u00e0 sceller\u00a0la croix centrale m\u00e9tallique de couleur qui est en cours de restauration.<\/p>\n<p style=\"text-align: left;\" align=\"CENTER\">Suite \u00e0 la pr\u00e9sentation des travaux qui a eu lieu lors de l&rsquo;assembl\u00e9e g\u00e9n\u00e9rale du 31 janvier 2015, les\u00a0adh\u00e9rents qui le souhaitaient on pu se manifester aupr\u00e8s du bureau afin de se porter volontaires pour ces travaux, ce qui a permis\u00a0 de faire ce chantier dans d&rsquo;excellentes conditions.<\/p>\n<p style=\"text-align: left;\" align=\"CENTER\">A bient\u00f4t pour l&rsquo;inauguration&#8230;<\/p>\n<p style=\"text-align: left;\" align=\"CENTER\">Philippe Godia<br \/>\nVice-pr\u00e9sident<\/p>\n<figure id=\"attachment_411\" aria-describedby=\"caption-attachment-411\" style=\"width: 300px\" class=\"wp-caption aligncenter\"><a href=\"http:\/\/www.lesouvenirfrancais-saintchinian.fr\/wp-content\/uploads\/2015\/03\/14-et-21-mars-2015-7.jpg\"><img loading=\"lazy\" decoding=\"async\" class=\"wp-image-411 size-medium\" src=\"http:\/\/www.lesouvenirfrancais-saintchinian.fr\/wp-content\/uploads\/2015\/03\/14-et-21-mars-2015-7-300x168.jpg\" alt=\"14 et 21 mars 2015 (7)\" width=\"300\" height=\"168\" srcset=\"https:\/\/www.lesouvenirfrancais-saintchinian.fr\/wp-content\/uploads\/2015\/03\/14-et-21-mars-2015-7-300x168.jpg 300w, https:\/\/www.lesouvenirfrancais-saintchinian.fr\/wp-content\/uploads\/2015\/03\/14-et-21-mars-2015-7-600x336.jpg 600w, https:\/\/www.lesouvenirfrancais-saintchinian.fr\/wp-content\/uploads\/2015\/03\/14-et-21-mars-2015-7.jpg 787w\" sizes=\"auto, (max-width: 300px) 100vw, 300px\" \/><\/a><figcaption id=\"caption-attachment-411\" class=\"wp-caption-text\">Carr\u00e9 de Pierrerue<\/figcaption><\/figure>\n<figure id=\"attachment_407\" aria-describedby=\"caption-attachment-407\" style=\"width: 300px\" class=\"wp-caption aligncenter\"><a href=\"http:\/\/www.lesouvenirfrancais-saintchinian.fr\/wp-content\/uploads\/2015\/03\/14-et-21-mars-2015-2.jpg\"><img loading=\"lazy\" decoding=\"async\" class=\"wp-image-407 size-medium\" src=\"http:\/\/www.lesouvenirfrancais-saintchinian.fr\/wp-content\/uploads\/2015\/03\/14-et-21-mars-2015-2-300x168.jpg\" alt=\"14 et 21 mars 2015 (2)\" width=\"300\" height=\"168\" srcset=\"https:\/\/www.lesouvenirfrancais-saintchinian.fr\/wp-content\/uploads\/2015\/03\/14-et-21-mars-2015-2-300x168.jpg 300w, https:\/\/www.lesouvenirfrancais-saintchinian.fr\/wp-content\/uploads\/2015\/03\/14-et-21-mars-2015-2-600x336.jpg 600w, https:\/\/www.lesouvenirfrancais-saintchinian.fr\/wp-content\/uploads\/2015\/03\/14-et-21-mars-2015-2.jpg 787w\" sizes=\"auto, (max-width: 300px) 100vw, 300px\" \/><\/a><figcaption id=\"caption-attachment-407\" class=\"wp-caption-text\">Carr\u00e9 de Pierrerue<\/figcaption><\/figure>\n<figure id=\"attachment_408\" aria-describedby=\"caption-attachment-408\" style=\"width: 300px\" class=\"wp-caption aligncenter\"><a href=\"http:\/\/www.lesouvenirfrancais-saintchinian.fr\/wp-content\/uploads\/2015\/03\/14-et-21-mars-2015-3.jpg\"><img loading=\"lazy\" decoding=\"async\" class=\"wp-image-408 size-medium\" src=\"http:\/\/www.lesouvenirfrancais-saintchinian.fr\/wp-content\/uploads\/2015\/03\/14-et-21-mars-2015-3-300x168.jpg\" alt=\"14 et 21 mars 2015 (3)\" width=\"300\" height=\"168\" srcset=\"https:\/\/www.lesouvenirfrancais-saintchinian.fr\/wp-content\/uploads\/2015\/03\/14-et-21-mars-2015-3-300x168.jpg 300w, https:\/\/www.lesouvenirfrancais-saintchinian.fr\/wp-content\/uploads\/2015\/03\/14-et-21-mars-2015-3-600x336.jpg 600w, https:\/\/www.lesouvenirfrancais-saintchinian.fr\/wp-content\/uploads\/2015\/03\/14-et-21-mars-2015-3.jpg 787w\" sizes=\"auto, (max-width: 300px) 100vw, 300px\" \/><\/a><figcaption id=\"caption-attachment-408\" class=\"wp-caption-text\">Carr\u00e9 de Pierrerue<\/figcaption><\/figure>\n<figure id=\"attachment_406\" aria-describedby=\"caption-attachment-406\" style=\"width: 300px\" class=\"wp-caption aligncenter\"><a href=\"http:\/\/www.lesouvenirfrancais-saintchinian.fr\/wp-content\/uploads\/2015\/03\/14-et-21-mars-2015-1.jpg\"><img loading=\"lazy\" decoding=\"async\" class=\"wp-image-406 size-medium\" src=\"http:\/\/www.lesouvenirfrancais-saintchinian.fr\/wp-content\/uploads\/2015\/03\/14-et-21-mars-2015-1-300x168.jpg\" alt=\"14 et 21 mars 2015 (1)\" width=\"300\" height=\"168\" srcset=\"https:\/\/www.lesouvenirfrancais-saintchinian.fr\/wp-content\/uploads\/2015\/03\/14-et-21-mars-2015-1-300x168.jpg 300w, https:\/\/www.lesouvenirfrancais-saintchinian.fr\/wp-content\/uploads\/2015\/03\/14-et-21-mars-2015-1-600x336.jpg 600w, https:\/\/www.lesouvenirfrancais-saintchinian.fr\/wp-content\/uploads\/2015\/03\/14-et-21-mars-2015-1.jpg 787w\" sizes=\"auto, (max-width: 300px) 100vw, 300px\" \/><\/a><figcaption id=\"caption-attachment-406\" class=\"wp-caption-text\">Carr\u00e9 de Pierrerue<\/figcaption><\/figure>\n<p>&nbsp;<\/p>\n<p>&nbsp;<\/p>\n","protected":false},"excerpt":{"rendered":"<p>Ce n&rsquo;est pas sans fiert\u00e9 que nous vous annon\u00e7ons que le carr\u00e9 militaire de Pierrerue est quasiment termin\u00e9. En effet, les samedi 14 et 21 mars, la restauration de la colonne a \u00e9t\u00e9 termin\u00e9e et enti\u00e8rement trait\u00e9e pour la prot\u00e9ger, &#8230; <a class=\"more-link\" href=\"https:\/\/www.lesouvenirfrancais-saintchinian.fr\/?p=420\">Read More &raquo;<\/a><\/p>\n","protected":false},"author":321,"featured_media":0,"comment_status":"open","ping_status":"open","sticky":false,"template":"","format":"standard","meta":{"footnotes":""},"categories":[3],"tags":[],"class_list":["post-420","post","type-post","status-publish","format-standard","hentry","category-manifestations-et-actions"],"_links":{"self":[{"href":"https:\/\/www.lesouvenirfrancais-saintchinian.fr\/index.php?rest_route=\/wp\/v2\/posts\/420","targetHints":{"allow":["GET"]}}],"collection":[{"href":"https:\/\/www.lesouvenirfrancais-saintchinian.fr\/index.php?rest_route=\/wp\/v2\/posts"}],"about":[{"href":"https:\/\/www.lesouvenirfrancais-saintchinian.fr\/index.php?rest_route=\/wp\/v2\/types\/post"}],"author":[{"embeddable":true,"href":"https:\/\/www.lesouvenirfrancais-saintchinian.fr\/index.php?rest_route=\/wp\/v2\/users\/321"}],"replies":[{"embeddable":true,"href":"https:\/\/www.lesouvenirfrancais-saintchinian.fr\/index.php?rest_route=%2Fwp%2Fv2%2Fcomments&post=420"}],"version-history":[{"count":1,"href":"https:\/\/www.lesouvenirfrancais-saintchinian.fr\/index.php?rest_route=\/wp\/v2\/posts\/420\/revisions"}],"predecessor-version":[{"id":421,"href":"https:\/\/www.lesouvenirfrancais-saintchinian.fr\/index.php?rest_route=\/wp\/v2\/posts\/420\/revisions\/421"}],"wp:attachment":[{"href":"https:\/\/www.lesouvenirfrancais-saintchinian.fr\/index.php?rest_route=%2Fwp%2Fv2%2Fmedia&parent=420"}],"wp:term":[{"taxonomy":"category","embeddable":true,"href":"https:\/\/www.lesouvenirfrancais-saintchinian.fr\/index.php?rest_route=%2Fwp%2Fv2%2Fcategories&post=420"},{"taxonomy":"post_tag","embeddable":true,"href":"https:\/\/www.lesouvenirfrancais-saintchinian.fr\/index.php?rest_route=%2Fwp%2Fv2%2Ftags&post=420"}],"curies":[{"name":"wp","href":"https:\/\/api.w.org\/{rel}","templated":true}]}}