{"id":483,"date":"2015-09-10T15:11:36","date_gmt":"2015-09-10T14:11:36","guid":{"rendered":"http:\/\/www.lesouvenirfrancais-saintchinian.fr\/?p=483"},"modified":"2015-09-10T15:44:33","modified_gmt":"2015-09-10T14:44:33","slug":"la-rentree-du-comite-de-saint-chinian","status":"publish","type":"post","link":"https:\/\/www.lesouvenirfrancais-saintchinian.fr\/?p=483","title":{"rendered":"La rentr\u00e9e du comit\u00e9 de Saint-Chinian"},"content":{"rendered":"<p>En ce mois de septembre, nous vous souhaitons une excellente rentr\u00e9e et de bonnes vendanges pour ceux qui sont concern\u00e9s.<\/p>\n<p>Nous pr\u00e9voyons pour nos adh\u00e9rents une r\u00e9union de rentr\u00e9e vers la mi-octobre, la date sera communiqu\u00e9e tr\u00e8s prochainement. Les diff\u00e9rents termes abord\u00e9s seront, entre autres\u00a0:<\/p>\n<p>l&rsquo;organisation de la qu\u00eate de la Toussaint, les c\u00e9r\u00e9monies \u00e0 venir, le voyage scolaire \u00e0 l&rsquo;\u00e9tude, les futurs travaux, le march\u00e9 de No\u00ebl, les questions diverses&#8230;.<\/p>\n<p>Mais avant tout, il est utile de pr\u00e9ciser que nous participerons ce<b> dimanche 13 septembre<\/b> \u00e0 la journ\u00e9e des associations, via un stand de 10h00 \u00e0 12h00 dans les jardins de la mairie de Saint-Chinian.<\/p>\n<p>De plus, nous proposons \u00e0 nos adh\u00e9rents, sur invitation amicale de l&rsquo;association du M\u00e9morial National et Conservatoire de la Guerre d&rsquo;Alg\u00e9rie situ\u00e9 \u00e0 Montredon-Labessonni\u00e9 (81), de passer une journ\u00e9e dans le Tarn, pr\u00e9vue pour le <b>dimanche 27 septembre<\/b>, afin de vous faire d\u00e9couvrir\u00a0:<\/p>\n<figure id=\"attachment_484\" aria-describedby=\"caption-attachment-484\" style=\"width: 300px\" class=\"wp-caption aligncenter\"><a href=\"http:\/\/www.lesouvenirfrancais-saintchinian.fr\/wp-content\/uploads\/2015\/09\/M\u00e9morial-Montredon-Labessoni\u00e9.jpg\"><img loading=\"lazy\" decoding=\"async\" class=\"size-medium wp-image-484\" src=\"http:\/\/www.lesouvenirfrancais-saintchinian.fr\/wp-content\/uploads\/2015\/09\/M\u00e9morial-Montredon-Labessoni\u00e9-300x152.jpg\" alt=\"M\u00e9morial Montredon-Labessoni\u00e9\" width=\"300\" height=\"152\" srcset=\"https:\/\/www.lesouvenirfrancais-saintchinian.fr\/wp-content\/uploads\/2015\/09\/M\u00e9morial-Montredon-Labessoni\u00e9-300x152.jpg 300w, https:\/\/www.lesouvenirfrancais-saintchinian.fr\/wp-content\/uploads\/2015\/09\/M\u00e9morial-Montredon-Labessoni\u00e9-1024x522.jpg 1024w, https:\/\/www.lesouvenirfrancais-saintchinian.fr\/wp-content\/uploads\/2015\/09\/M\u00e9morial-Montredon-Labessoni\u00e9-600x305.jpg 600w, https:\/\/www.lesouvenirfrancais-saintchinian.fr\/wp-content\/uploads\/2015\/09\/M\u00e9morial-Montredon-Labessoni\u00e9.jpg 1410w\" sizes=\"auto, (max-width: 300px) 100vw, 300px\" \/><\/a><figcaption id=\"caption-attachment-484\" class=\"wp-caption-text\">M\u00e9morial Montredon-Labessoni\u00e9<\/figcaption><\/figure>\n<p style=\"text-align: left;\">\n<p style=\"text-align: left;\"><b>le matin\u00a0<\/b>: le M\u00e9morial National, d\u00e9tails sur son \u00e9dification, visite des lieux, d\u00e9p\u00f4t de gerbe par notre comit\u00e9.<\/p>\n<p>\u00ab\u00a0Le m\u00e9morial est constitu\u00e9 d&rsquo;une pyramide tronqu\u00e9e de cent m\u00e8tres carr\u00e9 \u00e0 la base, l&rsquo;urne centrale contenant trente mille pierres venant de tous les d\u00e9partements Fran\u00e7ais, rendant ainsi hommage aux trente mille soldats morts en AFN. Un escalier de dix marches repr\u00e9sente les dix ann\u00e9es de guerre. Les dates de 1952 \u00e0 1962 y sont appos\u00e9es. Une st\u00e8le naturelle de granit du Sidobre haute de 5,20 mt et pesant 31,7 tonnes symbolise la flamme d&rsquo;une jeune vie disparue.\u00a0\u00bb<\/p>\n<p>Puis, toujours dans le m\u00eame village, visite guid\u00e9e du mus\u00e9e\/conservatoire d\u00e9di\u00e9 \u00e0 la guerre d&rsquo;Alg\u00e9rie.<\/p>\n<p>Nous serons re\u00e7us par les membres de l&rsquo;association du M\u00e9morial, qui nous guideront tout au long de cette matin\u00e9e. Il est \u00e0 noter que le meilleur accueil a \u00e9t\u00e9 r\u00e9serv\u00e9 \u00e0 des membres de notre comit\u00e9 fin juillet, venus en simple d\u00e9couverte. Nous remercions les membres de cette association pour la pr\u00e9paration de cette journ\u00e9e.<\/p>\n<p><b>A midi\u00a0:<\/b> repas tir\u00e9 du sac, dans une salle aimablement mise \u00e0 notre disposition par la commune de Montredon-Labessoni\u00e9.<\/p>\n<p><b>Apr\u00e8s-midi\u00a0:<\/b> visite du Militarial, mus\u00e9e m\u00e9morial pour la paix, situ\u00e9 \u00e0 Boissezon (81)<\/p>\n<p>Les heures de d\u00e9part et de retour serons communiqu\u00e9es tr\u00e8s bient\u00f4t.<\/p>\n<p>Chacun se v\u00e9hicule par ses propres moyens, mais pour celles et ceux qui ne le peuvent pas, il sera possible de les mettre en relation avec d&rsquo;autres membres afin de se grouper et de proc\u00e9der \u00e0 du covoiturage.<\/p>\n<p><strong>Ceux qui souhaitent venir sont pri\u00e9s de se faire conna\u00eetre afin que nous puissions communiquer rapidement un nombre de participants, \u00a0afin de faciliter l&rsquo;organisation.<\/strong><\/p>\n<p>Pour terminer, le bureau n&rsquo;est pas rest\u00e9 inactif durant l&rsquo;\u00e9t\u00e9, il a particip\u00e9 aux comm\u00e9morations suivantes\u00a0:<\/p>\n<p>A Saint-Chinian, le 8 juin : journ\u00e9e nationale d&rsquo;hommage aux morts pour la France en Indochine,<\/p>\n<p>A Saint-Chinian, le 18 juin : journ\u00e9e nationale comm\u00e9morative de l&rsquo;appel historique du g\u00e9n\u00e9ral de Gaulle \u00e0 refuser la d\u00e9faite et \u00e0 poursuivre le combat contre l&rsquo;ennemi.<\/p>\n<p>A Saint-Chinian et C\u00e9bazan\u00a0 le 14 juillet: c\u00e9r\u00e9monie, f\u00eate nationale.<\/p>\n<p>A B\u00e9ziers le 22 ao\u00fbt\u00a0: 71eme anniversaire de la lib\u00e9ration de B\u00e9ziers.<\/p>\n<p>A Saint-Pons le 23 ao\u00fbt\u00a0: 71 eme anniversaire de la lib\u00e9ration de Saint-Pons.<\/p>\n<p>A Clermont l&rsquo;H\u00e9rault et Mour\u00e8ze le 6 septembre\u00a0: c\u00e9r\u00e9monies, hommage au maquis Bir Hakeim.<\/p>\n<p>A tr\u00e8s bient\u00f4t. Amicalement<\/p>\n<p>Philippe Godia, Vice-pr\u00e9sident<\/p>\n","protected":false},"excerpt":{"rendered":"<p>En ce mois de septembre, nous vous souhaitons une excellente rentr\u00e9e et de bonnes vendanges pour ceux qui sont concern\u00e9s. Nous pr\u00e9voyons pour nos adh\u00e9rents une r\u00e9union de rentr\u00e9e vers la mi-octobre, la date sera communiqu\u00e9e tr\u00e8s prochainement. Les diff\u00e9rents &#8230; <a class=\"more-link\" href=\"https:\/\/www.lesouvenirfrancais-saintchinian.fr\/?p=483\">Read More &raquo;<\/a><\/p>\n","protected":false},"author":321,"featured_media":0,"comment_status":"open","ping_status":"open","sticky":false,"template":"","format":"standard","meta":{"footnotes":""},"categories":[3],"tags":[],"class_list":["post-483","post","type-post","status-publish","format-standard","hentry","category-manifestations-et-actions"],"_links":{"self":[{"href":"https:\/\/www.lesouvenirfrancais-saintchinian.fr\/index.php?rest_route=\/wp\/v2\/posts\/483","targetHints":{"allow":["GET"]}}],"collection":[{"href":"https:\/\/www.lesouvenirfrancais-saintchinian.fr\/index.php?rest_route=\/wp\/v2\/posts"}],"about":[{"href":"https:\/\/www.lesouvenirfrancais-saintchinian.fr\/index.php?rest_route=\/wp\/v2\/types\/post"}],"author":[{"embeddable":true,"href":"https:\/\/www.lesouvenirfrancais-saintchinian.fr\/index.php?rest_route=\/wp\/v2\/users\/321"}],"replies":[{"embeddable":true,"href":"https:\/\/www.lesouvenirfrancais-saintchinian.fr\/index.php?rest_route=%2Fwp%2Fv2%2Fcomments&post=483"}],"version-history":[{"count":2,"href":"https:\/\/www.lesouvenirfrancais-saintchinian.fr\/index.php?rest_route=\/wp\/v2\/posts\/483\/revisions"}],"predecessor-version":[{"id":486,"href":"https:\/\/www.lesouvenirfrancais-saintchinian.fr\/index.php?rest_route=\/wp\/v2\/posts\/483\/revisions\/486"}],"wp:attachment":[{"href":"https:\/\/www.lesouvenirfrancais-saintchinian.fr\/index.php?rest_route=%2Fwp%2Fv2%2Fmedia&parent=483"}],"wp:term":[{"taxonomy":"category","embeddable":true,"href":"https:\/\/www.lesouvenirfrancais-saintchinian.fr\/index.php?rest_route=%2Fwp%2Fv2%2Fcategories&post=483"},{"taxonomy":"post_tag","embeddable":true,"href":"https:\/\/www.lesouvenirfrancais-saintchinian.fr\/index.php?rest_route=%2Fwp%2Fv2%2Ftags&post=483"}],"curies":[{"name":"wp","href":"https:\/\/api.w.org\/{rel}","templated":true}]}}