{"id":592,"date":"2016-02-03T17:17:32","date_gmt":"2016-02-03T16:17:32","guid":{"rendered":"http:\/\/www.lesouvenirfrancais-saintchinian.fr\/?p=592"},"modified":"2016-02-03T17:17:32","modified_gmt":"2016-02-03T16:17:32","slug":"bon-bilan-pour-la-reunion-de-travail-annuelle-du-comite-du-souvenir-francais-de-saint-chinian","status":"publish","type":"post","link":"https:\/\/www.lesouvenirfrancais-saintchinian.fr\/?p=592","title":{"rendered":"Bon bilan pour la r\u00e9union de travail annuelle du comit\u00e9 du Souvenir Fran\u00e7ais de Saint-Chinian."},"content":{"rendered":"<figure id=\"attachment_580\" aria-describedby=\"caption-attachment-580\" style=\"width: 300px\" class=\"wp-caption aligncenter\"><a href=\"http:\/\/www.lesouvenirfrancais-saintchinian.fr\/wp-content\/uploads\/2016\/02\/R\u00e9union-de-travail-SF-2016-1.jpg\"><img loading=\"lazy\" decoding=\"async\" class=\"wp-image-580 size-medium\" src=\"http:\/\/www.lesouvenirfrancais-saintchinian.fr\/wp-content\/uploads\/2016\/02\/R\u00e9union-de-travail-SF-2016-1-300x163.jpg\" alt=\"R\u00e9union annuelle(ex.AG) de travail du comit\u00e9 du Souvenir Fran\u00e7ais de St Chinian\" width=\"300\" height=\"163\" srcset=\"https:\/\/www.lesouvenirfrancais-saintchinian.fr\/wp-content\/uploads\/2016\/02\/R\u00e9union-de-travail-SF-2016-1-300x163.jpg 300w, https:\/\/www.lesouvenirfrancais-saintchinian.fr\/wp-content\/uploads\/2016\/02\/R\u00e9union-de-travail-SF-2016-1-1024x558.jpg 1024w, https:\/\/www.lesouvenirfrancais-saintchinian.fr\/wp-content\/uploads\/2016\/02\/R\u00e9union-de-travail-SF-2016-1-600x327.jpg 600w, https:\/\/www.lesouvenirfrancais-saintchinian.fr\/wp-content\/uploads\/2016\/02\/R\u00e9union-de-travail-SF-2016-1.jpg 1575w\" sizes=\"auto, (max-width: 300px) 100vw, 300px\" \/><\/a><figcaption id=\"caption-attachment-580\" class=\"wp-caption-text\">R\u00e9union annuelle(ex.AG) de travail du comit\u00e9 du Souvenir Fran\u00e7ais de St Chinian<\/figcaption><\/figure>\n<p>&nbsp;<\/p>\n<p>La r\u00e9union de travail annuelle (ex. assembl\u00e9e g\u00e9n\u00e9rale) du comit\u00e9 du Souvenir Fran\u00e7ais de Saint-Chinian et de ses environs s&rsquo;est d\u00e9roul\u00e9e le samedi 30 janvier 2016, salle de l&rsquo;Abbatiale avec environ 70 personnes. Saluons \u00e9galement la pr\u00e9sence \u00e0 nos c\u00f4t\u00e9 des comit\u00e9s de Lod\u00e8ve, Bessan, Clermont l&rsquo;H\u00e9rault, B\u00e9ziers, Cruzy, P\u00e9z\u00e9nas, Caux, Saint-Pons et Marseilhan.<\/p>\n<p>A la table des intervenants\u00a0: outre le bureau de Saint-Chinian repr\u00e9sent\u00e9 par Eric P\u00e9r\u00e8s Pr\u00e9sident, Philippe Godia vice-pr\u00e9sident, Jean-Marc Bagnol secr\u00e9taire et H\u00e9l\u00e8ne Godia tr\u00e9sori\u00e8re, \u00e9taient pr\u00e9sents Mme Marie-Pierre Pons, Vice-pr\u00e9sidente du Conseil D\u00e9partemental de l&rsquo;H\u00e9rault et Conseill\u00e8re D\u00e9partementale du Canton de Saint-Pons, Mr Bruno Enjalbert Maire de St Chinian, Messieurs Jean-Pierre Martinez et Emmanuel Garcia D\u00e9l\u00e9gu\u00e9s G\u00e9n\u00e9raux du Souvenir Fran\u00e7ais pour l&rsquo;H\u00e9rault.<\/p>\n<p>Les sujets abord\u00e9s \u00e9taient la repr\u00e9sentation du comit\u00e9 \u00e0 l&rsquo;ext\u00e9rieur de Saint-Chinian, soit 23 sorties dans le d\u00e9partement tant pour des c\u00e9r\u00e9monies que pour des d\u00e9placements comme celui fait dans le Tarn \u00e0 Montredon-Labessoni\u00e9 au Monument m\u00e9morial des 30 000 pierres d\u00e9di\u00e9s \u00e0 nos morts en Alg\u00e9rie, Tunisie et Maroc.<\/p>\n<p>Puis la repr\u00e9sentation du comit\u00e9 dans le village a \u00e9t\u00e9 \u00e9voqu\u00e9e avec les participations aux comm\u00e9morations officielles, les conf\u00e9rences, vide-greniers, et expositions&#8230;<\/p>\n<p>Le bilan financier a \u00e9t\u00e9 expos\u00e9 en d\u00e9tail et a d\u00e9gag\u00e9 un solde positif, \u00e0 la grande satisfaction de tous. Le bureau a remerci\u00e9 les adh\u00e9rents et les communes qui le soutiennent, \u00e0 savoir Saint-Chinian, C\u00e9bazan, Pierrerue, Prades, Babeau-Bouldoux et Villespassans<\/p>\n<p><span style=\"text-decoration: underline;\">Les projets pour 2016 sont\u00a0:<\/span><\/p>\n<p>l&rsquo;organisation d&rsquo;un voyage scolaire pour les classes de 3\u00e8me du coll\u00e8ge de Saint-Chinian les 5 et 6 mai \u00e0 Oradour-sur-Glane, village martyr qui f\u00fbt atrocement d\u00e9vast\u00e9 avec sa population par les nazis le 10 juin 1944.<\/p>\n<p>La r\u00e9novation du monument aux morts de Babeau-Bouldoux.<\/p>\n<p>La participation au Carnaval des enfants organis\u00e9 par la FCPE le 12 mars.<\/p>\n<p>Deux vide-greniers pr\u00e9vus les 14 mai et 20 ao\u00fbt.<\/p>\n<p>Une exposition bilingue occitan\/fran\u00e7ais pr\u00eat\u00e9e par le CIRDOC intitul\u00e9e \u00ab\u00a0Lenga de Gu\u00e8rra\u00a0\u00bb qui fera voyager via les langues r\u00e9gionales les visiteurs dans la grande guerre.<\/p>\n<p>A noter que le bureau a \u00e9t\u00e9 renouvel\u00e9 \u00e0 l\u2019unanimit\u00e9.<\/p>\n<p>Quatre dipl\u00f4mes ont \u00e9t\u00e9 attribu\u00e9s et la m\u00e9daille de bronze a \u00e9t\u00e9 remise \u00e0 Eric P\u00e9r\u00e8s.<\/p>\n<p>La Marseillaise a cl\u00f4tur\u00e9 avec \u00e9motion cette matin\u00e9e. Un ap\u00e9ritif a prolong\u00e9 cette r\u00e9union, et un d\u00e9jeun\u00e9 \u00e9tait pr\u00e9vu pour ceux qui s&rsquo;y \u00e9taient inscrits.<\/p>\n<p>Nous remercions les adh\u00e9rents qui ont renouvel\u00e9 leurs cartes et les communes qui par leurs subventions nous permette de porter nos projets.<\/p>\n<figure id=\"attachment_585\" aria-describedby=\"caption-attachment-585\" style=\"width: 300px\" class=\"wp-caption aligncenter\"><a href=\"http:\/\/www.lesouvenirfrancais-saintchinian.fr\/wp-content\/uploads\/2016\/02\/R\u00e9union-de-travail-SF-2016-6.jpg\"><img loading=\"lazy\" decoding=\"async\" class=\"wp-image-585 size-medium\" src=\"http:\/\/www.lesouvenirfrancais-saintchinian.fr\/wp-content\/uploads\/2016\/02\/R\u00e9union-de-travail-SF-2016-6-300x200.jpg\" alt=\"R\u00e9union de travail SF 2016 (6)\" width=\"300\" height=\"200\" srcset=\"https:\/\/www.lesouvenirfrancais-saintchinian.fr\/wp-content\/uploads\/2016\/02\/R\u00e9union-de-travail-SF-2016-6-300x200.jpg 300w, https:\/\/www.lesouvenirfrancais-saintchinian.fr\/wp-content\/uploads\/2016\/02\/R\u00e9union-de-travail-SF-2016-6-1024x682.jpg 1024w, https:\/\/www.lesouvenirfrancais-saintchinian.fr\/wp-content\/uploads\/2016\/02\/R\u00e9union-de-travail-SF-2016-6-600x400.jpg 600w, https:\/\/www.lesouvenirfrancais-saintchinian.fr\/wp-content\/uploads\/2016\/02\/R\u00e9union-de-travail-SF-2016-6.jpg 1575w\" sizes=\"auto, (max-width: 300px) 100vw, 300px\" \/><\/a><figcaption id=\"caption-attachment-585\" class=\"wp-caption-text\">De gauche \u00e0 droite: Mr Enjalbert, Mme Godia, Mme Pons, Mr Godia, Mr P\u00e9r\u00e8s, Mr Bagnol, Mr Martinez, Mr Garcia.<\/figcaption><\/figure>\n<figure id=\"attachment_586\" aria-describedby=\"caption-attachment-586\" style=\"width: 300px\" class=\"wp-caption aligncenter\"><a href=\"http:\/\/www.lesouvenirfrancais-saintchinian.fr\/wp-content\/uploads\/2016\/02\/R\u00e9union-de-travail-SF-2016-7.jpg\"><img loading=\"lazy\" decoding=\"async\" class=\"wp-image-586 size-medium\" src=\"http:\/\/www.lesouvenirfrancais-saintchinian.fr\/wp-content\/uploads\/2016\/02\/R\u00e9union-de-travail-SF-2016-7-300x200.jpg\" alt=\"R\u00e9union de travail SF 2016 (7)\" width=\"300\" height=\"200\" srcset=\"https:\/\/www.lesouvenirfrancais-saintchinian.fr\/wp-content\/uploads\/2016\/02\/R\u00e9union-de-travail-SF-2016-7-300x200.jpg 300w, https:\/\/www.lesouvenirfrancais-saintchinian.fr\/wp-content\/uploads\/2016\/02\/R\u00e9union-de-travail-SF-2016-7-1024x682.jpg 1024w, https:\/\/www.lesouvenirfrancais-saintchinian.fr\/wp-content\/uploads\/2016\/02\/R\u00e9union-de-travail-SF-2016-7-600x400.jpg 600w, https:\/\/www.lesouvenirfrancais-saintchinian.fr\/wp-content\/uploads\/2016\/02\/R\u00e9union-de-travail-SF-2016-7.jpg 1575w\" sizes=\"auto, (max-width: 300px) 100vw, 300px\" \/><\/a><figcaption id=\"caption-attachment-586\" class=\"wp-caption-text\">De gauche \u00e0 droite: Mr Enjalbert, Mme Godia, Mme Pons, Mr Godia, Mr P\u00e9r\u00e8s, Mr Bagnol, Mr Martinez, Mr Garcia.<\/figcaption><\/figure>\n<figure id=\"attachment_581\" aria-describedby=\"caption-attachment-581\" style=\"width: 300px\" class=\"wp-caption aligncenter\"><a href=\"http:\/\/www.lesouvenirfrancais-saintchinian.fr\/wp-content\/uploads\/2016\/02\/R\u00e9union-de-travail-SF-2016-2.jpg\"><img loading=\"lazy\" decoding=\"async\" class=\"wp-image-581 size-medium\" src=\"http:\/\/www.lesouvenirfrancais-saintchinian.fr\/wp-content\/uploads\/2016\/02\/R\u00e9union-de-travail-SF-2016-2-300x168.jpg\" alt=\"R\u00e9union de travail SF 2016 (2)\" width=\"300\" height=\"168\" srcset=\"https:\/\/www.lesouvenirfrancais-saintchinian.fr\/wp-content\/uploads\/2016\/02\/R\u00e9union-de-travail-SF-2016-2-300x168.jpg 300w, https:\/\/www.lesouvenirfrancais-saintchinian.fr\/wp-content\/uploads\/2016\/02\/R\u00e9union-de-travail-SF-2016-2-1024x575.jpg 1024w, https:\/\/www.lesouvenirfrancais-saintchinian.fr\/wp-content\/uploads\/2016\/02\/R\u00e9union-de-travail-SF-2016-2-600x337.jpg 600w, https:\/\/www.lesouvenirfrancais-saintchinian.fr\/wp-content\/uploads\/2016\/02\/R\u00e9union-de-travail-SF-2016-2.jpg 1575w\" sizes=\"auto, (max-width: 300px) 100vw, 300px\" \/><\/a><figcaption id=\"caption-attachment-581\" class=\"wp-caption-text\">Belle participation, salle de l&rsquo;abbatiale.<\/figcaption><\/figure>\n<figure id=\"attachment_588\" aria-describedby=\"caption-attachment-588\" style=\"width: 300px\" class=\"wp-caption aligncenter\"><a href=\"http:\/\/www.lesouvenirfrancais-saintchinian.fr\/wp-content\/uploads\/2016\/02\/R\u00e9union-de-travail-SF-2016-9.jpg\"><img loading=\"lazy\" decoding=\"async\" class=\"wp-image-588 size-medium\" src=\"http:\/\/www.lesouvenirfrancais-saintchinian.fr\/wp-content\/uploads\/2016\/02\/R\u00e9union-de-travail-SF-2016-9-300x200.jpg\" alt=\"R\u00e9union de travail SF 2016 (9)\" width=\"300\" height=\"200\" srcset=\"https:\/\/www.lesouvenirfrancais-saintchinian.fr\/wp-content\/uploads\/2016\/02\/R\u00e9union-de-travail-SF-2016-9-300x200.jpg 300w, https:\/\/www.lesouvenirfrancais-saintchinian.fr\/wp-content\/uploads\/2016\/02\/R\u00e9union-de-travail-SF-2016-9-1024x682.jpg 1024w, https:\/\/www.lesouvenirfrancais-saintchinian.fr\/wp-content\/uploads\/2016\/02\/R\u00e9union-de-travail-SF-2016-9-600x400.jpg 600w, https:\/\/www.lesouvenirfrancais-saintchinian.fr\/wp-content\/uploads\/2016\/02\/R\u00e9union-de-travail-SF-2016-9.jpg 1575w\" sizes=\"auto, (max-width: 300px) 100vw, 300px\" \/><\/a><figcaption id=\"caption-attachment-588\" class=\"wp-caption-text\">Remise de la m\u00e9daille de bronze au Pr\u00e9sident Eric P\u00e9r\u00e8s par Emmanuel Garcia, d\u00e9l\u00e9gu\u00e9 d\u00e9partemental.<\/figcaption><\/figure>\n<figure id=\"attachment_584\" aria-describedby=\"caption-attachment-584\" style=\"width: 300px\" class=\"wp-caption aligncenter\"><a href=\"http:\/\/www.lesouvenirfrancais-saintchinian.fr\/wp-content\/uploads\/2016\/02\/R\u00e9union-de-travail-SF-2016-5.jpg\"><img loading=\"lazy\" decoding=\"async\" class=\"wp-image-584 size-medium\" src=\"http:\/\/www.lesouvenirfrancais-saintchinian.fr\/wp-content\/uploads\/2016\/02\/R\u00e9union-de-travail-SF-2016-5-300x168.jpg\" alt=\"R\u00e9union de travail SF 2016 (5)\" width=\"300\" height=\"168\" srcset=\"https:\/\/www.lesouvenirfrancais-saintchinian.fr\/wp-content\/uploads\/2016\/02\/R\u00e9union-de-travail-SF-2016-5-300x168.jpg 300w, https:\/\/www.lesouvenirfrancais-saintchinian.fr\/wp-content\/uploads\/2016\/02\/R\u00e9union-de-travail-SF-2016-5-1024x575.jpg 1024w, https:\/\/www.lesouvenirfrancais-saintchinian.fr\/wp-content\/uploads\/2016\/02\/R\u00e9union-de-travail-SF-2016-5-600x337.jpg 600w, https:\/\/www.lesouvenirfrancais-saintchinian.fr\/wp-content\/uploads\/2016\/02\/R\u00e9union-de-travail-SF-2016-5.jpg 1575w\" sizes=\"auto, (max-width: 300px) 100vw, 300px\" \/><\/a><figcaption id=\"caption-attachment-584\" class=\"wp-caption-text\">Un copieux d\u00e9jeuner&#8230;bien convivial.<\/figcaption><\/figure>\n<p>&nbsp;<\/p>\n<p>Philippe Godia<\/p>\n<p>Vice-pr\u00e9sident<\/p>\n<p>&nbsp;<\/p>\n","protected":false},"excerpt":{"rendered":"<p>&nbsp; La r\u00e9union de travail annuelle (ex. assembl\u00e9e g\u00e9n\u00e9rale) du comit\u00e9 du Souvenir Fran\u00e7ais de Saint-Chinian et de ses environs s&rsquo;est d\u00e9roul\u00e9e le samedi 30 janvier 2016, salle de l&rsquo;Abbatiale avec environ 70 personnes. Saluons \u00e9galement la pr\u00e9sence \u00e0 nos &#8230; <a class=\"more-link\" href=\"https:\/\/www.lesouvenirfrancais-saintchinian.fr\/?p=592\">Read More &raquo;<\/a><\/p>\n","protected":false},"author":321,"featured_media":0,"comment_status":"open","ping_status":"open","sticky":false,"template":"","format":"standard","meta":{"footnotes":""},"categories":[1],"tags":[],"class_list":["post-592","post","type-post","status-publish","format-standard","hentry","category-non-classe"],"_links":{"self":[{"href":"https:\/\/www.lesouvenirfrancais-saintchinian.fr\/index.php?rest_route=\/wp\/v2\/posts\/592","targetHints":{"allow":["GET"]}}],"collection":[{"href":"https:\/\/www.lesouvenirfrancais-saintchinian.fr\/index.php?rest_route=\/wp\/v2\/posts"}],"about":[{"href":"https:\/\/www.lesouvenirfrancais-saintchinian.fr\/index.php?rest_route=\/wp\/v2\/types\/post"}],"author":[{"embeddable":true,"href":"https:\/\/www.lesouvenirfrancais-saintchinian.fr\/index.php?rest_route=\/wp\/v2\/users\/321"}],"replies":[{"embeddable":true,"href":"https:\/\/www.lesouvenirfrancais-saintchinian.fr\/index.php?rest_route=%2Fwp%2Fv2%2Fcomments&post=592"}],"version-history":[{"count":4,"href":"https:\/\/www.lesouvenirfrancais-saintchinian.fr\/index.php?rest_route=\/wp\/v2\/posts\/592\/revisions"}],"predecessor-version":[{"id":596,"href":"https:\/\/www.lesouvenirfrancais-saintchinian.fr\/index.php?rest_route=\/wp\/v2\/posts\/592\/revisions\/596"}],"wp:attachment":[{"href":"https:\/\/www.lesouvenirfrancais-saintchinian.fr\/index.php?rest_route=%2Fwp%2Fv2%2Fmedia&parent=592"}],"wp:term":[{"taxonomy":"category","embeddable":true,"href":"https:\/\/www.lesouvenirfrancais-saintchinian.fr\/index.php?rest_route=%2Fwp%2Fv2%2Fcategories&post=592"},{"taxonomy":"post_tag","embeddable":true,"href":"https:\/\/www.lesouvenirfrancais-saintchinian.fr\/index.php?rest_route=%2Fwp%2Fv2%2Ftags&post=592"}],"curies":[{"name":"wp","href":"https:\/\/api.w.org\/{rel}","templated":true}]}}