{"id":611,"date":"2016-03-23T11:47:04","date_gmt":"2016-03-23T10:47:04","guid":{"rendered":"http:\/\/www.lesouvenirfrancais-saintchinian.fr\/?p=611"},"modified":"2016-04-18T09:20:48","modified_gmt":"2016-04-18T08:20:48","slug":"monument-aux-morts-de-babeau-bouldoux","status":"publish","type":"post","link":"https:\/\/www.lesouvenirfrancais-saintchinian.fr\/?p=611","title":{"rendered":"Monument aux morts de Babeau-Bouldoux"},"content":{"rendered":"<p>Une journ\u00e9e de travail a eu lieu le samedi 19 mars.<\/p>\n<p>Le monument a \u00e9t\u00e9 \u00e9chafaud\u00e9 et la colonne enti\u00e8rement nettoy\u00e9e.<br \/>\nMerci \u00e0 Michel, Andr\u00e9, Didier, Eric et Philippe pour ce travail qui a redonn\u00e9 de l&rsquo;\u00e9clat \u00e0 ce monument.<\/p>\n<p>Un premier pilier en forme d&rsquo;obus est en cours de fabrication chez Michel&#8230;..nul doute que le r\u00e9sultat sera parfait. Cette r\u00e9alisation a \u00e9t\u00e9 possible gr\u00e2ce au\u00a0moule fabriqu\u00e9 par Alex\u00a0 avec un grand r\u00e9alisme.<\/p>\n<p>Une prochaine journ\u00e9e sera pr\u00e9vue pour poser les piliers\/plots destin\u00e9s \u00e0 recevoir les chaines qui serviront \u00e0 d\u00e9limiter le monument.<\/p>\n<p>A bient\u00f4t<\/p>\n<p>Philippe Godia<br \/>\nVice-pr\u00e9sident<\/p>\n<figure id=\"attachment_612\" aria-describedby=\"caption-attachment-612\" style=\"width: 168px\" class=\"wp-caption alignnone\"><a href=\"http:\/\/www.lesouvenirfrancais-saintchinian.fr\/wp-content\/uploads\/2016\/03\/Babeau-19-mars-1.jpg\"><img loading=\"lazy\" decoding=\"async\" class=\"wp-image-612 size-medium\" src=\"http:\/\/www.lesouvenirfrancais-saintchinian.fr\/wp-content\/uploads\/2016\/03\/Babeau-19-mars-1-168x300.jpg\" alt=\"Babeau 19 mars (1)\" width=\"168\" height=\"300\" srcset=\"https:\/\/www.lesouvenirfrancais-saintchinian.fr\/wp-content\/uploads\/2016\/03\/Babeau-19-mars-1-168x300.jpg 168w, https:\/\/www.lesouvenirfrancais-saintchinian.fr\/wp-content\/uploads\/2016\/03\/Babeau-19-mars-1-575x1024.jpg 575w, https:\/\/www.lesouvenirfrancais-saintchinian.fr\/wp-content\/uploads\/2016\/03\/Babeau-19-mars-1-600x1068.jpg 600w, https:\/\/www.lesouvenirfrancais-saintchinian.fr\/wp-content\/uploads\/2016\/03\/Babeau-19-mars-1.jpg 1575w\" sizes=\"auto, (max-width: 168px) 100vw, 168px\" \/><\/a><figcaption id=\"caption-attachment-612\" class=\"wp-caption-text\">Le club des cinq<\/figcaption><\/figure>\n<figure id=\"attachment_613\" aria-describedby=\"caption-attachment-613\" style=\"width: 168px\" class=\"wp-caption alignnone\"><a href=\"http:\/\/www.lesouvenirfrancais-saintchinian.fr\/wp-content\/uploads\/2016\/03\/Babeau-19-mars-2.jpg\"><img loading=\"lazy\" decoding=\"async\" class=\"wp-image-613 size-medium\" src=\"http:\/\/www.lesouvenirfrancais-saintchinian.fr\/wp-content\/uploads\/2016\/03\/Babeau-19-mars-2-168x300.jpg\" alt=\"Babeau 19 mars (2)\" width=\"168\" height=\"300\" srcset=\"https:\/\/www.lesouvenirfrancais-saintchinian.fr\/wp-content\/uploads\/2016\/03\/Babeau-19-mars-2-168x300.jpg 168w, https:\/\/www.lesouvenirfrancais-saintchinian.fr\/wp-content\/uploads\/2016\/03\/Babeau-19-mars-2-575x1024.jpg 575w, https:\/\/www.lesouvenirfrancais-saintchinian.fr\/wp-content\/uploads\/2016\/03\/Babeau-19-mars-2-600x1068.jpg 600w, https:\/\/www.lesouvenirfrancais-saintchinian.fr\/wp-content\/uploads\/2016\/03\/Babeau-19-mars-2.jpg 1575w\" sizes=\"auto, (max-width: 168px) 100vw, 168px\" \/><\/a><figcaption id=\"caption-attachment-613\" class=\"wp-caption-text\">Echafaudage du monument<\/figcaption><\/figure>\n<figure id=\"attachment_614\" aria-describedby=\"caption-attachment-614\" style=\"width: 168px\" class=\"wp-caption alignnone\"><a href=\"http:\/\/www.lesouvenirfrancais-saintchinian.fr\/wp-content\/uploads\/2016\/03\/Babeau-19-mars-3.jpg\"><img loading=\"lazy\" decoding=\"async\" class=\"wp-image-614 size-medium\" src=\"http:\/\/www.lesouvenirfrancais-saintchinian.fr\/wp-content\/uploads\/2016\/03\/Babeau-19-mars-3-168x300.jpg\" alt=\"Babeau 19 mars (3)\" width=\"168\" height=\"300\" srcset=\"https:\/\/www.lesouvenirfrancais-saintchinian.fr\/wp-content\/uploads\/2016\/03\/Babeau-19-mars-3-168x300.jpg 168w, https:\/\/www.lesouvenirfrancais-saintchinian.fr\/wp-content\/uploads\/2016\/03\/Babeau-19-mars-3-575x1024.jpg 575w, https:\/\/www.lesouvenirfrancais-saintchinian.fr\/wp-content\/uploads\/2016\/03\/Babeau-19-mars-3-600x1068.jpg 600w, https:\/\/www.lesouvenirfrancais-saintchinian.fr\/wp-content\/uploads\/2016\/03\/Babeau-19-mars-3.jpg 1575w\" sizes=\"auto, (max-width: 168px) 100vw, 168px\" \/><\/a><figcaption id=\"caption-attachment-614\" class=\"wp-caption-text\">N\u0153ud de tuyaux<\/figcaption><\/figure>\n<figure id=\"attachment_616\" aria-describedby=\"caption-attachment-616\" style=\"width: 300px\" class=\"wp-caption alignnone\"><a href=\"http:\/\/www.lesouvenirfrancais-saintchinian.fr\/wp-content\/uploads\/2016\/03\/Babeau-19-mars-5.jpg\"><img loading=\"lazy\" decoding=\"async\" class=\"wp-image-616 size-medium\" src=\"http:\/\/www.lesouvenirfrancais-saintchinian.fr\/wp-content\/uploads\/2016\/03\/Babeau-19-mars-5-300x168.jpg\" alt=\"Babeau 19 mars (5)\" width=\"300\" height=\"168\" srcset=\"https:\/\/www.lesouvenirfrancais-saintchinian.fr\/wp-content\/uploads\/2016\/03\/Babeau-19-mars-5-300x168.jpg 300w, https:\/\/www.lesouvenirfrancais-saintchinian.fr\/wp-content\/uploads\/2016\/03\/Babeau-19-mars-5-1024x575.jpg 1024w, https:\/\/www.lesouvenirfrancais-saintchinian.fr\/wp-content\/uploads\/2016\/03\/Babeau-19-mars-5-600x337.jpg 600w, https:\/\/www.lesouvenirfrancais-saintchinian.fr\/wp-content\/uploads\/2016\/03\/Babeau-19-mars-5.jpg 1575w\" sizes=\"auto, (max-width: 300px) 100vw, 300px\" \/><\/a><figcaption id=\"caption-attachment-616\" class=\"wp-caption-text\">Mise en s\u00e9curit\u00e9<\/figcaption><\/figure>\n<figure id=\"attachment_615\" aria-describedby=\"caption-attachment-615\" style=\"width: 168px\" class=\"wp-caption alignnone\"><a href=\"http:\/\/www.lesouvenirfrancais-saintchinian.fr\/wp-content\/uploads\/2016\/03\/Babeau-19-mars-4.jpg\"><img loading=\"lazy\" decoding=\"async\" class=\"wp-image-615 size-medium\" src=\"http:\/\/www.lesouvenirfrancais-saintchinian.fr\/wp-content\/uploads\/2016\/03\/Babeau-19-mars-4-168x300.jpg\" alt=\"Babeau 19 mars (4)\" width=\"168\" height=\"300\" srcset=\"https:\/\/www.lesouvenirfrancais-saintchinian.fr\/wp-content\/uploads\/2016\/03\/Babeau-19-mars-4-168x300.jpg 168w, https:\/\/www.lesouvenirfrancais-saintchinian.fr\/wp-content\/uploads\/2016\/03\/Babeau-19-mars-4-575x1024.jpg 575w, https:\/\/www.lesouvenirfrancais-saintchinian.fr\/wp-content\/uploads\/2016\/03\/Babeau-19-mars-4-600x1068.jpg 600w, https:\/\/www.lesouvenirfrancais-saintchinian.fr\/wp-content\/uploads\/2016\/03\/Babeau-19-mars-4.jpg 1575w\" sizes=\"auto, (max-width: 168px) 100vw, 168px\" \/><\/a><figcaption id=\"caption-attachment-615\" class=\"wp-caption-text\">Pulv\u00e9risation<\/figcaption><\/figure>\n<figure id=\"attachment_617\" aria-describedby=\"caption-attachment-617\" style=\"width: 300px\" class=\"wp-caption alignnone\"><a href=\"http:\/\/www.lesouvenirfrancais-saintchinian.fr\/wp-content\/uploads\/2016\/03\/Babeau-19-mars-6.jpg\"><img loading=\"lazy\" decoding=\"async\" class=\"size-medium wp-image-617\" src=\"http:\/\/www.lesouvenirfrancais-saintchinian.fr\/wp-content\/uploads\/2016\/03\/Babeau-19-mars-6-300x168.jpg\" alt=\"Le monument aux morts de Babeau-Bouldoux\" width=\"300\" height=\"168\" srcset=\"https:\/\/www.lesouvenirfrancais-saintchinian.fr\/wp-content\/uploads\/2016\/03\/Babeau-19-mars-6-300x168.jpg 300w, https:\/\/www.lesouvenirfrancais-saintchinian.fr\/wp-content\/uploads\/2016\/03\/Babeau-19-mars-6-1024x575.jpg 1024w, https:\/\/www.lesouvenirfrancais-saintchinian.fr\/wp-content\/uploads\/2016\/03\/Babeau-19-mars-6-600x337.jpg 600w, https:\/\/www.lesouvenirfrancais-saintchinian.fr\/wp-content\/uploads\/2016\/03\/Babeau-19-mars-6.jpg 1575w\" sizes=\"auto, (max-width: 300px) 100vw, 300px\" \/><\/a><figcaption id=\"caption-attachment-617\" class=\"wp-caption-text\">Le monument aux morts de Babeau-Bouldoux<\/figcaption><\/figure>\n","protected":false},"excerpt":{"rendered":"<p>Une journ\u00e9e de travail a eu lieu le samedi 19 mars. Le monument a \u00e9t\u00e9 \u00e9chafaud\u00e9 et la colonne enti\u00e8rement nettoy\u00e9e. Merci \u00e0 Michel, Andr\u00e9, Didier, Eric et Philippe pour ce travail qui a redonn\u00e9 de l&rsquo;\u00e9clat \u00e0 ce monument. &#8230; <a class=\"more-link\" href=\"https:\/\/www.lesouvenirfrancais-saintchinian.fr\/?p=611\">Read More &raquo;<\/a><\/p>\n","protected":false},"author":321,"featured_media":0,"comment_status":"open","ping_status":"open","sticky":false,"template":"","format":"standard","meta":{"footnotes":""},"categories":[3],"tags":[],"class_list":["post-611","post","type-post","status-publish","format-standard","hentry","category-manifestations-et-actions"],"_links":{"self":[{"href":"https:\/\/www.lesouvenirfrancais-saintchinian.fr\/index.php?rest_route=\/wp\/v2\/posts\/611","targetHints":{"allow":["GET"]}}],"collection":[{"href":"https:\/\/www.lesouvenirfrancais-saintchinian.fr\/index.php?rest_route=\/wp\/v2\/posts"}],"about":[{"href":"https:\/\/www.lesouvenirfrancais-saintchinian.fr\/index.php?rest_route=\/wp\/v2\/types\/post"}],"author":[{"embeddable":true,"href":"https:\/\/www.lesouvenirfrancais-saintchinian.fr\/index.php?rest_route=\/wp\/v2\/users\/321"}],"replies":[{"embeddable":true,"href":"https:\/\/www.lesouvenirfrancais-saintchinian.fr\/index.php?rest_route=%2Fwp%2Fv2%2Fcomments&post=611"}],"version-history":[{"count":2,"href":"https:\/\/www.lesouvenirfrancais-saintchinian.fr\/index.php?rest_route=\/wp\/v2\/posts\/611\/revisions"}],"predecessor-version":[{"id":629,"href":"https:\/\/www.lesouvenirfrancais-saintchinian.fr\/index.php?rest_route=\/wp\/v2\/posts\/611\/revisions\/629"}],"wp:attachment":[{"href":"https:\/\/www.lesouvenirfrancais-saintchinian.fr\/index.php?rest_route=%2Fwp%2Fv2%2Fmedia&parent=611"}],"wp:term":[{"taxonomy":"category","embeddable":true,"href":"https:\/\/www.lesouvenirfrancais-saintchinian.fr\/index.php?rest_route=%2Fwp%2Fv2%2Fcategories&post=611"},{"taxonomy":"post_tag","embeddable":true,"href":"https:\/\/www.lesouvenirfrancais-saintchinian.fr\/index.php?rest_route=%2Fwp%2Fv2%2Ftags&post=611"}],"curies":[{"name":"wp","href":"https:\/\/api.w.org\/{rel}","templated":true}]}}