{"id":620,"date":"2016-04-14T17:55:57","date_gmt":"2016-04-14T16:55:57","guid":{"rendered":"http:\/\/www.lesouvenirfrancais-saintchinian.fr\/?p=620"},"modified":"2016-04-18T09:21:20","modified_gmt":"2016-04-18T08:21:20","slug":"nouvelle-journee-de-travail-samedi-9-avril-a-babeau-bouldoux","status":"publish","type":"post","link":"https:\/\/www.lesouvenirfrancais-saintchinian.fr\/?p=620","title":{"rendered":"Nouvelle journ\u00e9e de travail samedi 9 avril \u00e0 Babeau-Bouldoux"},"content":{"rendered":"<p align=\"LEFT\"><span style=\"font-family: Comic Sans MS, cursive;\"><span style=\"font-size: medium;\">Les volontaires du comit\u00e9 s&rsquo;\u00e9taient donn\u00e9s rendez-vous samedi 9 avril \u00e0 8h00 devant le monument.<br \/>\nNous avons \u00e9lagu\u00e9 certaines branches qui \u00e9taient mortes ou g\u00eanantes pour le monument. Le gros de la journ\u00e9e a \u00e9t\u00e9 de poser et de b\u00e9tonner les quatre plots en forme d&rsquo;obus coul\u00e9s par Michel durant les deux semaines pr\u00e9c\u00e9dentes gr\u00e2ce au moule en acier pr\u00e9par\u00e9 sp\u00e9cialement par Alex, un grand merci.<\/span><\/span><\/p>\n<p align=\"LEFT\"><span style=\"font-family: Comic Sans MS, cursive;\"><span style=\"font-size: medium;\">Une croix en b\u00e9ton fournie par le Souvenir Fran\u00e7ais a \u00e9t\u00e9 offerte \u00e0 la commune de Babeau-Bouldoux, il y sera inscrit \u00ab\u00a0 Babeau-Bouldoux \u00e0 ses enfants morts pour la France\u00a0\u00bb<\/span><\/span><\/p>\n<p align=\"LEFT\"><span style=\"font-family: Comic Sans MS, cursive;\"><span style=\"font-size: medium;\">Le trou destin\u00e9 \u00e0 recevoir la m\u00e2t a \u00e9t\u00e9 en partie creus\u00e9, mais il devra \u00eatre plus profond, nous nous y attellerons samedi prochain.<\/span><\/span><\/p>\n<p align=\"LEFT\"><span style=\"font-family: Comic Sans MS, cursive;\"><span style=\"font-size: medium;\">Les quatre \u00ab\u00a0conques\u00a0\u00bb en terre du monument ont \u00e9t\u00e9 d\u00e9caiss\u00e9es afin qu&rsquo;elles puissent recevoir du gravier blanc. Henri a reconstruit l&rsquo;abri en pierre destin\u00e9 \u00e0 prot\u00e9ger le robinet d&rsquo;eau qui a \u00e9t\u00e9 repositionn\u00e9 par Didier entre deux autres travaux.<\/span><\/span><\/p>\n<p align=\"LEFT\"><span style=\"font-family: Comic Sans MS, cursive;\"><span style=\"font-size: medium;\">Jacky, Maurice, Eric, Andr\u00e9 et Philippe ont aussi navigu\u00e9 sur tous les postes.<\/span><\/span><\/p>\n<p align=\"LEFT\"><span style=\"font-family: Comic Sans MS, cursive;\"><span style=\"font-size: medium;\">Merci \u00e0 Andr\u00e9 et \u00e0 Michel qui durant deux jeudis apr\u00e8s-midi ont \u00e9t\u00e9 sur place afin de r\u00e9aliser des finitions, tout comme encore Michel notre chef de chantier qui encore ce jeudi a r\u00e9agr\u00e9\u00e9 les plots\/obus, tout cela nous fait gagner du temps, nous serons pr\u00eats pour le 8 mai. Une grosse journ\u00e9e de travail s&rsquo;annonce encore pour samedi 16 avril.<\/span><\/span><\/p>\n<p align=\"LEFT\"><span style=\"font-family: Comic Sans MS, cursive;\"><span style=\"font-size: medium;\">Monsieur le Maire nous a rendu visite afin de se rendre compte de l&rsquo;avancement des travaux et c&rsquo;est dans un climat de camaraderie que nous avons tous d\u00e9jeun\u00e9 ensemble dans l&rsquo;ancienne salle des f\u00eates.<br \/>\nUn grand merci \u00e0 Marie-Th\u00e9r\u00e8se, l&rsquo;\u00e9pouse de Didier, de nous avoir pr\u00e9par\u00e9 un bon repas&#8230;tr\u00e8s complet.<\/span><\/span><\/p>\n<p align=\"LEFT\"><span style=\"font-family: Comic Sans MS, cursive;\"><span style=\"font-size: medium;\">A bient\u00f4t.<\/span><\/span><\/p>\n<p align=\"LEFT\"><span style=\"font-family: Comic Sans MS, cursive;\"><span style=\"font-size: medium;\">Philippe Godia<\/span><\/span><\/p>\n<p align=\"LEFT\"><span style=\"font-family: Comic Sans MS, cursive;\"><span style=\"font-size: medium;\">Vice-pr\u00e9sident<\/span><\/span><\/p>\n<figure id=\"attachment_621\" aria-describedby=\"caption-attachment-621\" style=\"width: 168px\" class=\"wp-caption alignnone\"><a href=\"http:\/\/www.lesouvenirfrancais-saintchinian.fr\/wp-content\/uploads\/2016\/04\/Babeau-9-avril-2016-1.jpg\"><img loading=\"lazy\" decoding=\"async\" class=\"size-medium wp-image-621\" src=\"http:\/\/www.lesouvenirfrancais-saintchinian.fr\/wp-content\/uploads\/2016\/04\/Babeau-9-avril-2016-1-168x300.jpg\" alt=\"Babeau-Bouldoux 9 avril 2016\" width=\"168\" height=\"300\" srcset=\"https:\/\/www.lesouvenirfrancais-saintchinian.fr\/wp-content\/uploads\/2016\/04\/Babeau-9-avril-2016-1-168x300.jpg 168w, https:\/\/www.lesouvenirfrancais-saintchinian.fr\/wp-content\/uploads\/2016\/04\/Babeau-9-avril-2016-1-575x1024.jpg 575w, https:\/\/www.lesouvenirfrancais-saintchinian.fr\/wp-content\/uploads\/2016\/04\/Babeau-9-avril-2016-1-600x1068.jpg 600w, https:\/\/www.lesouvenirfrancais-saintchinian.fr\/wp-content\/uploads\/2016\/04\/Babeau-9-avril-2016-1.jpg 1575w\" sizes=\"auto, (max-width: 168px) 100vw, 168px\" \/><\/a><figcaption id=\"caption-attachment-621\" class=\"wp-caption-text\">Babeau-Bouldoux 9 avril 2016<\/figcaption><\/figure>\n<figure id=\"attachment_622\" aria-describedby=\"caption-attachment-622\" style=\"width: 300px\" class=\"wp-caption alignnone\"><a href=\"http:\/\/www.lesouvenirfrancais-saintchinian.fr\/wp-content\/uploads\/2016\/04\/Babeau-9-avril-2016-2.jpg\"><img loading=\"lazy\" decoding=\"async\" class=\"wp-image-622 size-medium\" src=\"http:\/\/www.lesouvenirfrancais-saintchinian.fr\/wp-content\/uploads\/2016\/04\/Babeau-9-avril-2016-2-300x168.jpg\" alt=\"Babeau 9 avril 2016 (2)\" width=\"300\" height=\"168\" srcset=\"https:\/\/www.lesouvenirfrancais-saintchinian.fr\/wp-content\/uploads\/2016\/04\/Babeau-9-avril-2016-2-300x168.jpg 300w, https:\/\/www.lesouvenirfrancais-saintchinian.fr\/wp-content\/uploads\/2016\/04\/Babeau-9-avril-2016-2-1024x575.jpg 1024w, https:\/\/www.lesouvenirfrancais-saintchinian.fr\/wp-content\/uploads\/2016\/04\/Babeau-9-avril-2016-2-600x337.jpg 600w, https:\/\/www.lesouvenirfrancais-saintchinian.fr\/wp-content\/uploads\/2016\/04\/Babeau-9-avril-2016-2.jpg 1575w\" sizes=\"auto, (max-width: 300px) 100vw, 300px\" \/><\/a><figcaption id=\"caption-attachment-622\" class=\"wp-caption-text\">Babeau-Bouldoux 9 avril 2016<\/figcaption><\/figure>\n<figure id=\"attachment_623\" aria-describedby=\"caption-attachment-623\" style=\"width: 300px\" class=\"wp-caption alignnone\"><a href=\"http:\/\/www.lesouvenirfrancais-saintchinian.fr\/wp-content\/uploads\/2016\/04\/Babeau-9-avril-2016-3.jpg\"><img loading=\"lazy\" decoding=\"async\" class=\"wp-image-623 size-medium\" src=\"http:\/\/www.lesouvenirfrancais-saintchinian.fr\/wp-content\/uploads\/2016\/04\/Babeau-9-avril-2016-3-300x168.jpg\" alt=\"Babeau 9 avril 2016 (3)\" width=\"300\" height=\"168\" srcset=\"https:\/\/www.lesouvenirfrancais-saintchinian.fr\/wp-content\/uploads\/2016\/04\/Babeau-9-avril-2016-3-300x168.jpg 300w, https:\/\/www.lesouvenirfrancais-saintchinian.fr\/wp-content\/uploads\/2016\/04\/Babeau-9-avril-2016-3-1024x575.jpg 1024w, https:\/\/www.lesouvenirfrancais-saintchinian.fr\/wp-content\/uploads\/2016\/04\/Babeau-9-avril-2016-3-600x337.jpg 600w, https:\/\/www.lesouvenirfrancais-saintchinian.fr\/wp-content\/uploads\/2016\/04\/Babeau-9-avril-2016-3.jpg 1575w\" sizes=\"auto, (max-width: 300px) 100vw, 300px\" \/><\/a><figcaption id=\"caption-attachment-623\" class=\"wp-caption-text\">Babeau-Bouldoux 9 avril 2016<\/figcaption><\/figure>\n<figure id=\"attachment_624\" aria-describedby=\"caption-attachment-624\" style=\"width: 300px\" class=\"wp-caption alignnone\"><a href=\"http:\/\/www.lesouvenirfrancais-saintchinian.fr\/wp-content\/uploads\/2016\/04\/Babeau-9-avril-2016-4.jpg\"><img loading=\"lazy\" decoding=\"async\" class=\"wp-image-624 size-medium\" src=\"http:\/\/www.lesouvenirfrancais-saintchinian.fr\/wp-content\/uploads\/2016\/04\/Babeau-9-avril-2016-4-300x224.jpg\" alt=\"Babeau 9 avril 2016 (4)\" width=\"300\" height=\"224\" srcset=\"https:\/\/www.lesouvenirfrancais-saintchinian.fr\/wp-content\/uploads\/2016\/04\/Babeau-9-avril-2016-4-300x224.jpg 300w, https:\/\/www.lesouvenirfrancais-saintchinian.fr\/wp-content\/uploads\/2016\/04\/Babeau-9-avril-2016-4-1024x767.jpg 1024w, https:\/\/www.lesouvenirfrancais-saintchinian.fr\/wp-content\/uploads\/2016\/04\/Babeau-9-avril-2016-4-600x449.jpg 600w, https:\/\/www.lesouvenirfrancais-saintchinian.fr\/wp-content\/uploads\/2016\/04\/Babeau-9-avril-2016-4.jpg 1575w\" sizes=\"auto, (max-width: 300px) 100vw, 300px\" \/><\/a><figcaption id=\"caption-attachment-624\" class=\"wp-caption-text\">Babeau-Bouldoux 9 avril 2016<\/figcaption><\/figure>\n<figure id=\"attachment_625\" aria-describedby=\"caption-attachment-625\" style=\"width: 300px\" class=\"wp-caption alignnone\"><a href=\"http:\/\/www.lesouvenirfrancais-saintchinian.fr\/wp-content\/uploads\/2016\/04\/Babeau-9-avril-2016-5.jpg\"><img loading=\"lazy\" decoding=\"async\" class=\"wp-image-625 size-medium\" src=\"http:\/\/www.lesouvenirfrancais-saintchinian.fr\/wp-content\/uploads\/2016\/04\/Babeau-9-avril-2016-5-300x224.jpg\" alt=\"Babeau 9 avril 2016 (5)\" width=\"300\" height=\"224\" srcset=\"https:\/\/www.lesouvenirfrancais-saintchinian.fr\/wp-content\/uploads\/2016\/04\/Babeau-9-avril-2016-5-300x224.jpg 300w, https:\/\/www.lesouvenirfrancais-saintchinian.fr\/wp-content\/uploads\/2016\/04\/Babeau-9-avril-2016-5-1024x767.jpg 1024w, https:\/\/www.lesouvenirfrancais-saintchinian.fr\/wp-content\/uploads\/2016\/04\/Babeau-9-avril-2016-5-600x449.jpg 600w, https:\/\/www.lesouvenirfrancais-saintchinian.fr\/wp-content\/uploads\/2016\/04\/Babeau-9-avril-2016-5.jpg 1575w\" sizes=\"auto, (max-width: 300px) 100vw, 300px\" \/><\/a><figcaption id=\"caption-attachment-625\" class=\"wp-caption-text\">Babeau-Bouldoux 9 avril 2016<\/figcaption><\/figure>\n<figure id=\"attachment_626\" aria-describedby=\"caption-attachment-626\" style=\"width: 300px\" class=\"wp-caption alignnone\"><a href=\"http:\/\/www.lesouvenirfrancais-saintchinian.fr\/wp-content\/uploads\/2016\/04\/Babeau-9-avril-2016-6.jpg\"><img loading=\"lazy\" decoding=\"async\" class=\"wp-image-626 size-medium\" src=\"http:\/\/www.lesouvenirfrancais-saintchinian.fr\/wp-content\/uploads\/2016\/04\/Babeau-9-avril-2016-6-300x224.jpg\" alt=\"Babeau 9 avril 2016 (6)\" width=\"300\" height=\"224\" srcset=\"https:\/\/www.lesouvenirfrancais-saintchinian.fr\/wp-content\/uploads\/2016\/04\/Babeau-9-avril-2016-6-300x224.jpg 300w, https:\/\/www.lesouvenirfrancais-saintchinian.fr\/wp-content\/uploads\/2016\/04\/Babeau-9-avril-2016-6-1024x767.jpg 1024w, https:\/\/www.lesouvenirfrancais-saintchinian.fr\/wp-content\/uploads\/2016\/04\/Babeau-9-avril-2016-6-600x449.jpg 600w, https:\/\/www.lesouvenirfrancais-saintchinian.fr\/wp-content\/uploads\/2016\/04\/Babeau-9-avril-2016-6.jpg 1575w\" sizes=\"auto, (max-width: 300px) 100vw, 300px\" \/><\/a><figcaption id=\"caption-attachment-626\" class=\"wp-caption-text\">Babeau-Bouldoux 9 avril 2016<\/figcaption><\/figure>\n<figure id=\"attachment_627\" aria-describedby=\"caption-attachment-627\" style=\"width: 300px\" class=\"wp-caption alignnone\"><a href=\"http:\/\/www.lesouvenirfrancais-saintchinian.fr\/wp-content\/uploads\/2016\/04\/Babeau-9-avril-2016-7.jpg\"><img loading=\"lazy\" decoding=\"async\" class=\"wp-image-627 size-medium\" src=\"http:\/\/www.lesouvenirfrancais-saintchinian.fr\/wp-content\/uploads\/2016\/04\/Babeau-9-avril-2016-7-300x224.jpg\" alt=\"Babeau 9 avril 2016 (7)\" width=\"300\" height=\"224\" srcset=\"https:\/\/www.lesouvenirfrancais-saintchinian.fr\/wp-content\/uploads\/2016\/04\/Babeau-9-avril-2016-7-300x224.jpg 300w, https:\/\/www.lesouvenirfrancais-saintchinian.fr\/wp-content\/uploads\/2016\/04\/Babeau-9-avril-2016-7-1024x767.jpg 1024w, https:\/\/www.lesouvenirfrancais-saintchinian.fr\/wp-content\/uploads\/2016\/04\/Babeau-9-avril-2016-7-600x449.jpg 600w, https:\/\/www.lesouvenirfrancais-saintchinian.fr\/wp-content\/uploads\/2016\/04\/Babeau-9-avril-2016-7.jpg 1575w\" sizes=\"auto, (max-width: 300px) 100vw, 300px\" \/><\/a><figcaption id=\"caption-attachment-627\" class=\"wp-caption-text\">Babeau-Bouldoux 9 avril 2016<\/figcaption><\/figure>\n","protected":false},"excerpt":{"rendered":"<p>Les volontaires du comit\u00e9 s&rsquo;\u00e9taient donn\u00e9s rendez-vous samedi 9 avril \u00e0 8h00 devant le monument. Nous avons \u00e9lagu\u00e9 certaines branches qui \u00e9taient mortes ou g\u00eanantes pour le monument. Le gros de la journ\u00e9e a \u00e9t\u00e9 de poser et de b\u00e9tonner &#8230; <a class=\"more-link\" href=\"https:\/\/www.lesouvenirfrancais-saintchinian.fr\/?p=620\">Read More &raquo;<\/a><\/p>\n","protected":false},"author":321,"featured_media":0,"comment_status":"open","ping_status":"open","sticky":false,"template":"","format":"standard","meta":{"footnotes":""},"categories":[3],"tags":[],"class_list":["post-620","post","type-post","status-publish","format-standard","hentry","category-manifestations-et-actions"],"_links":{"self":[{"href":"https:\/\/www.lesouvenirfrancais-saintchinian.fr\/index.php?rest_route=\/wp\/v2\/posts\/620","targetHints":{"allow":["GET"]}}],"collection":[{"href":"https:\/\/www.lesouvenirfrancais-saintchinian.fr\/index.php?rest_route=\/wp\/v2\/posts"}],"about":[{"href":"https:\/\/www.lesouvenirfrancais-saintchinian.fr\/index.php?rest_route=\/wp\/v2\/types\/post"}],"author":[{"embeddable":true,"href":"https:\/\/www.lesouvenirfrancais-saintchinian.fr\/index.php?rest_route=\/wp\/v2\/users\/321"}],"replies":[{"embeddable":true,"href":"https:\/\/www.lesouvenirfrancais-saintchinian.fr\/index.php?rest_route=%2Fwp%2Fv2%2Fcomments&post=620"}],"version-history":[{"count":2,"href":"https:\/\/www.lesouvenirfrancais-saintchinian.fr\/index.php?rest_route=\/wp\/v2\/posts\/620\/revisions"}],"predecessor-version":[{"id":630,"href":"https:\/\/www.lesouvenirfrancais-saintchinian.fr\/index.php?rest_route=\/wp\/v2\/posts\/620\/revisions\/630"}],"wp:attachment":[{"href":"https:\/\/www.lesouvenirfrancais-saintchinian.fr\/index.php?rest_route=%2Fwp%2Fv2%2Fmedia&parent=620"}],"wp:term":[{"taxonomy":"category","embeddable":true,"href":"https:\/\/www.lesouvenirfrancais-saintchinian.fr\/index.php?rest_route=%2Fwp%2Fv2%2Fcategories&post=620"},{"taxonomy":"post_tag","embeddable":true,"href":"https:\/\/www.lesouvenirfrancais-saintchinian.fr\/index.php?rest_route=%2Fwp%2Fv2%2Ftags&post=620"}],"curies":[{"name":"wp","href":"https:\/\/api.w.org\/{rel}","templated":true}]}}