{"id":641,"date":"2016-05-02T10:20:27","date_gmt":"2016-05-02T09:20:27","guid":{"rendered":"http:\/\/www.lesouvenirfrancais-saintchinian.fr\/?p=641"},"modified":"2016-05-02T10:31:52","modified_gmt":"2016-05-02T09:31:52","slug":"mois-de-mai-riche-en-evenement-pour-notre-comite","status":"publish","type":"post","link":"https:\/\/www.lesouvenirfrancais-saintchinian.fr\/?p=641","title":{"rendered":"Mois de mai, riche en \u00e9v\u00e8nements pour notre comit\u00e9"},"content":{"rendered":"<p style=\"text-align: center;\"><a href=\"http:\/\/www.lesouvenirfrancais-saintchinian.fr\/wp-content\/uploads\/2014\/08\/Logo-SF.jpg\"><img loading=\"lazy\" decoding=\"async\" class=\"alignnone  wp-image-5\" src=\"http:\/\/www.lesouvenirfrancais-saintchinian.fr\/wp-content\/uploads\/2014\/08\/Logo-SF-300x264.jpg\" alt=\"Logo SF St Chinian\" width=\"157\" height=\"138\" srcset=\"https:\/\/www.lesouvenirfrancais-saintchinian.fr\/wp-content\/uploads\/2014\/08\/Logo-SF-300x264.jpg 300w, https:\/\/www.lesouvenirfrancais-saintchinian.fr\/wp-content\/uploads\/2014\/08\/Logo-SF-340x300.jpg 340w, https:\/\/www.lesouvenirfrancais-saintchinian.fr\/wp-content\/uploads\/2014\/08\/Logo-SF.jpg 678w\" sizes=\"auto, (max-width: 157px) 100vw, 157px\" \/><\/a><br \/>\net de ses environs&#8230;..<\/p>\n<p>&nbsp;<\/p>\n<p align=\"CENTER\"><b>Les trois rendez-vous du mois de mai 2016<\/b><\/p>\n<p align=\"CENTER\"><b>Jour J &#8211; 3 pour le voyage scolaire \u00e0 Oradour sur Glane.<\/b><\/p>\n<p>Pr\u00e9par\u00e9 par le comit\u00e9 du Souvenir Fran\u00e7ais de Saint-Chinian depuis juillet dernier, le voyage scolaire qui emm\u00e8ne les deux classes de 3eme du coll\u00e8ge Jean Jaur\u00e8s de St Chinian approche \u00e0 grands pas.<\/p>\n<p>Nous vous rappelons le d\u00e9roul\u00e9 de ces deux journ\u00e9es, les 5 et 6 mai 2016\u00a0:<\/p>\n<p>Visite du mus\u00e9e de la r\u00e9sistance de Limoges avec une exposition temporaire consacr\u00e9e \u00e0 l&rsquo;imprimerie secr\u00e8te.<\/p>\n<p>Oradour, le m\u00e9morial ainsi que le village martyr en compagnie de Robert H\u00e9bras, fort de ses 91 ans, l&rsquo;un des rares survivants de la trag\u00e9die du 10 juin 1944, organis\u00e9e et perp\u00e9tr\u00e9e par la barbarie nazie qui fit 642 morts, hommes, femmes et enfants.<\/p>\n<p>Apr\u00e8s ces moments qui seront tr\u00e8s charg\u00e9s en \u00e9motion, nous avons pr\u00e9vu la visite de Limoges en petit train touristique et une pause shopping toujours appr\u00e9ci\u00e9e des \u00e9l\u00e8ves.<\/p>\n<p>Nous ne manquerons pas apr\u00e8s notre retour de r\u00e9diger un nouvel article relatant ces deux journ\u00e9es.<\/p>\n<p align=\"CENTER\"><b>Inauguration du monument aux morts de Babeau Bouldoux<\/b><\/p>\n<p>Le comit\u00e9 \u00e0 termin\u00e9 la r\u00e9novation du monument aux morts de Babeau Bouldoux, il sera inaugur\u00e9 et remis \u00e0 la commune le dimanche 8 mai \u00e0 11h45.<\/p>\n<p>A l&rsquo;issue de cette c\u00e9r\u00e9monie, la commune de Babeau Bouldoux offrira un ap\u00e9ritif.<\/p>\n<p>N&rsquo;h\u00e9sitez pas \u00e0 contacter vos communes pour conna\u00eetre les heures de c\u00e9r\u00e9monies comm\u00e9moratives.<\/p>\n<p>Une seconde inauguration est pr\u00e9vue, tout comme celle de St Chinian en octobre 2014 et celle de Pierrerue en avril 2015, le samedi 11 juin 2016 matin, un repas sera organis\u00e9.<\/p>\n<p>Cette journ\u00e9e rassemblera les comit\u00e9s de l&rsquo;H\u00e9rault, un cort\u00e8ge est pr\u00e9vu avec les portes drapeaux, la fanfare, la population de Babeau Bouldoux, les adh\u00e9rents et les \u00e9lus.<\/p>\n<p>Vous serez inform\u00e9s tr\u00e8s bient\u00f4t des d\u00e9tails.<\/p>\n<p align=\"CENTER\"><b>Vide-grenier organis\u00e9 par notre comit\u00e9 le 14 mai 2016<\/b><\/p>\n<p align=\"LEFT\">A St Chinian, sur les All\u00e9es, de 7h \u00e0 17h00.<\/p>\n<p align=\"LEFT\">\u00c9galement pr\u00e9sentation de v\u00e9hicules militaires anciens<br \/>\navec possibilit\u00e9 de bapt\u00eame en Jeep et P4<\/p>\n<p align=\"CENTER\"><b>Nous sommes heureux de pouvoir\u00a0mener \u00e0 bien les missions<br \/>\nqui sont les n\u00f4tres, \u00e0 savoir\u00a0:<\/b><\/p>\n<p><b>entretenir<\/b> les monuments et carr\u00e9s militaire<\/p>\n<p><b>se souvenir<\/b>\u00a0: d\u00e9placements, comm\u00e9morations&#8230;..<\/p>\n<p><b>transmettre\u00a0:<\/b> volet \u00e9ducatif, voyage, exposition&#8230;.<\/p>\n<p>Tout cela est rendu possible par vos adh\u00e9sions, votre mobilisation, vos efforts chacun \u00e0 votre mani\u00e8re, et l&rsquo;aide apport\u00e9es par les communes.<\/p>\n<p>Bien cordialement<\/p>\n<p>Philippe Godia<br \/>\nVice-pr\u00e9sident<\/p>\n","protected":false},"excerpt":{"rendered":"<p>et de ses environs&#8230;.. &nbsp; Les trois rendez-vous du mois de mai 2016 Jour J &#8211; 3 pour le voyage scolaire \u00e0 Oradour sur Glane. Pr\u00e9par\u00e9 par le comit\u00e9 du Souvenir Fran\u00e7ais de Saint-Chinian depuis juillet dernier, le voyage scolaire &#8230; <a class=\"more-link\" href=\"https:\/\/www.lesouvenirfrancais-saintchinian.fr\/?p=641\">Read More &raquo;<\/a><\/p>\n","protected":false},"author":321,"featured_media":0,"comment_status":"open","ping_status":"open","sticky":false,"template":"","format":"standard","meta":{"footnotes":""},"categories":[3],"tags":[],"class_list":["post-641","post","type-post","status-publish","format-standard","hentry","category-manifestations-et-actions"],"_links":{"self":[{"href":"https:\/\/www.lesouvenirfrancais-saintchinian.fr\/index.php?rest_route=\/wp\/v2\/posts\/641","targetHints":{"allow":["GET"]}}],"collection":[{"href":"https:\/\/www.lesouvenirfrancais-saintchinian.fr\/index.php?rest_route=\/wp\/v2\/posts"}],"about":[{"href":"https:\/\/www.lesouvenirfrancais-saintchinian.fr\/index.php?rest_route=\/wp\/v2\/types\/post"}],"author":[{"embeddable":true,"href":"https:\/\/www.lesouvenirfrancais-saintchinian.fr\/index.php?rest_route=\/wp\/v2\/users\/321"}],"replies":[{"embeddable":true,"href":"https:\/\/www.lesouvenirfrancais-saintchinian.fr\/index.php?rest_route=%2Fwp%2Fv2%2Fcomments&post=641"}],"version-history":[{"count":2,"href":"https:\/\/www.lesouvenirfrancais-saintchinian.fr\/index.php?rest_route=\/wp\/v2\/posts\/641\/revisions"}],"predecessor-version":[{"id":643,"href":"https:\/\/www.lesouvenirfrancais-saintchinian.fr\/index.php?rest_route=\/wp\/v2\/posts\/641\/revisions\/643"}],"wp:attachment":[{"href":"https:\/\/www.lesouvenirfrancais-saintchinian.fr\/index.php?rest_route=%2Fwp%2Fv2%2Fmedia&parent=641"}],"wp:term":[{"taxonomy":"category","embeddable":true,"href":"https:\/\/www.lesouvenirfrancais-saintchinian.fr\/index.php?rest_route=%2Fwp%2Fv2%2Fcategories&post=641"},{"taxonomy":"post_tag","embeddable":true,"href":"https:\/\/www.lesouvenirfrancais-saintchinian.fr\/index.php?rest_route=%2Fwp%2Fv2%2Ftags&post=641"}],"curies":[{"name":"wp","href":"https:\/\/api.w.org\/{rel}","templated":true}]}}