{"id":739,"date":"2016-06-14T15:27:05","date_gmt":"2016-06-14T14:27:05","guid":{"rendered":"http:\/\/www.lesouvenirfrancais-saintchinian.fr\/?p=739"},"modified":"2016-06-14T15:27:05","modified_gmt":"2016-06-14T14:27:05","slug":"babeau-boudoux-journee-exceptionnelle-du-11-juin-2016","status":"publish","type":"post","link":"https:\/\/www.lesouvenirfrancais-saintchinian.fr\/?p=739","title":{"rendered":"Babeau-Boudoux: journ\u00e9e exceptionnelle du 11 juin 2016"},"content":{"rendered":"<figure id=\"attachment_740\" aria-describedby=\"caption-attachment-740\" style=\"width: 300px\" class=\"wp-caption aligncenter\"><a href=\"http:\/\/www.lesouvenirfrancais-saintchinian.fr\/wp-content\/uploads\/2016\/06\/SAM_6730.jpg\"><img loading=\"lazy\" decoding=\"async\" class=\"size-medium wp-image-740\" src=\"http:\/\/www.lesouvenirfrancais-saintchinian.fr\/wp-content\/uploads\/2016\/06\/SAM_6730-300x225.jpg\" alt=\"Inauguration du monument aux morts de Babeau-Bouldoux le 11 juin 2016\" width=\"300\" height=\"225\" srcset=\"https:\/\/www.lesouvenirfrancais-saintchinian.fr\/wp-content\/uploads\/2016\/06\/SAM_6730-300x225.jpg 300w, https:\/\/www.lesouvenirfrancais-saintchinian.fr\/wp-content\/uploads\/2016\/06\/SAM_6730-1024x768.jpg 1024w, https:\/\/www.lesouvenirfrancais-saintchinian.fr\/wp-content\/uploads\/2016\/06\/SAM_6730-600x450.jpg 600w\" sizes=\"auto, (max-width: 300px) 100vw, 300px\" \/><\/a><figcaption id=\"caption-attachment-740\" class=\"wp-caption-text\">Inauguration du monument aux morts de Babeau-Bouldoux le 11 juin 2016<\/figcaption><\/figure>\n<p><span style=\"font-family: Arial, sans-serif;\"><span style=\"font-size: medium;\">pas moins de 200 personnes s&rsquo;\u00e9taient r\u00e9unies \u00e0 Babeau-Bouldoux afin d&rsquo;inaugurer le monument aux morts, r\u00e9nov\u00e9 par Le Souvenir Fran\u00e7ais de Saint-Chinian et de ses environs.<\/span><\/span><\/p>\n<figure id=\"attachment_727\" aria-describedby=\"caption-attachment-727\" style=\"width: 300px\" class=\"wp-caption aligncenter\"><a href=\"http:\/\/www.lesouvenirfrancais-saintchinian.fr\/wp-content\/uploads\/2016\/06\/Babeau-inauguration-11-juin-2016-blog2-2.jpg\"><img loading=\"lazy\" decoding=\"async\" class=\"size-medium wp-image-727\" src=\"http:\/\/www.lesouvenirfrancais-saintchinian.fr\/wp-content\/uploads\/2016\/06\/Babeau-inauguration-11-juin-2016-blog2-2-300x180.jpg\" alt=\"En attendant le d\u00e9part du cort\u00e8ge\" width=\"300\" height=\"180\" srcset=\"https:\/\/www.lesouvenirfrancais-saintchinian.fr\/wp-content\/uploads\/2016\/06\/Babeau-inauguration-11-juin-2016-blog2-2-300x180.jpg 300w, https:\/\/www.lesouvenirfrancais-saintchinian.fr\/wp-content\/uploads\/2016\/06\/Babeau-inauguration-11-juin-2016-blog2-2-1024x617.jpg 1024w, https:\/\/www.lesouvenirfrancais-saintchinian.fr\/wp-content\/uploads\/2016\/06\/Babeau-inauguration-11-juin-2016-blog2-2-600x361.jpg 600w, https:\/\/www.lesouvenirfrancais-saintchinian.fr\/wp-content\/uploads\/2016\/06\/Babeau-inauguration-11-juin-2016-blog2-2.jpg 1575w\" sizes=\"auto, (max-width: 300px) 100vw, 300px\" \/><\/a><figcaption id=\"caption-attachment-727\" class=\"wp-caption-text\">En attendant le d\u00e9part du cort\u00e8ge<\/figcaption><\/figure>\n<p><span style=\"font-family: Arial, sans-serif;\"><span style=\"font-size: medium;\">Etaient pr\u00e9sents, de nombreux \u00e9lus, comit\u00e9s du Souvenir Fran\u00e7ais de l&rsquo;H\u00e9rault, avec leur d\u00e9l\u00e9gation d\u00e9partementale, un comit\u00e9 du Tarn, associations d&rsquo;anciens combattants, repr\u00e9sentante de la brigade de gendarmerie de St Chinian et repr\u00e9sentant du corps des sapeur pompiers de St Chinian, fanfare de St Chinian\/Capestang, adh\u00e9rents venus en force et population nombreuse et impliqu\u00e9e de Babeau-Bouldoux.<\/span><\/span><\/p>\n<p><span style=\"font-family: Arial, sans-serif;\"><span style=\"font-size: medium;\">Nous avions rendez-vous \u00e0 10h00 au niveau de l\u2019\u00c9glise afin de nous regrouper, faire connaissance pour certains et boire une collation en attendant le d\u00e9part.<\/span><\/span><\/p>\n<figure id=\"attachment_728\" aria-describedby=\"caption-attachment-728\" style=\"width: 300px\" class=\"wp-caption aligncenter\"><a href=\"http:\/\/www.lesouvenirfrancais-saintchinian.fr\/wp-content\/uploads\/2016\/06\/Babeau-inauguration-11-juin-2016-blog2-3.jpg\"><img loading=\"lazy\" decoding=\"async\" class=\"size-medium wp-image-728\" src=\"http:\/\/www.lesouvenirfrancais-saintchinian.fr\/wp-content\/uploads\/2016\/06\/Babeau-inauguration-11-juin-2016-blog2-3-300x188.jpg\" alt=\"Le cort\u00e8ge avec ses 16 porte-drapeaux ainsi que de tr\u00e8s nombreux participants\" width=\"300\" height=\"188\" srcset=\"https:\/\/www.lesouvenirfrancais-saintchinian.fr\/wp-content\/uploads\/2016\/06\/Babeau-inauguration-11-juin-2016-blog2-3-300x188.jpg 300w, https:\/\/www.lesouvenirfrancais-saintchinian.fr\/wp-content\/uploads\/2016\/06\/Babeau-inauguration-11-juin-2016-blog2-3-1024x643.jpg 1024w, https:\/\/www.lesouvenirfrancais-saintchinian.fr\/wp-content\/uploads\/2016\/06\/Babeau-inauguration-11-juin-2016-blog2-3-600x376.jpg 600w, https:\/\/www.lesouvenirfrancais-saintchinian.fr\/wp-content\/uploads\/2016\/06\/Babeau-inauguration-11-juin-2016-blog2-3.jpg 1575w\" sizes=\"auto, (max-width: 300px) 100vw, 300px\" \/><\/a><figcaption id=\"caption-attachment-728\" class=\"wp-caption-text\">Le cort\u00e8ge avec ses 16 porte-drapeaux ainsi que de tr\u00e8s nombreux participants<\/figcaption><\/figure>\n<p><span style=\"font-family: Arial, sans-serif;\"><span style=\"font-size: medium;\">Un long cort\u00e8ge s&rsquo;est form\u00e9 en musique avec en t\u00eate 16 porte-drapeaux suivi de la population, une image tr\u00e8s rare dans nos petits village.<\/span><\/span><\/p>\n<figure id=\"attachment_716\" aria-describedby=\"caption-attachment-716\" style=\"width: 300px\" class=\"wp-caption aligncenter\"><a href=\"http:\/\/www.lesouvenirfrancais-saintchinian.fr\/wp-content\/uploads\/2016\/06\/Babeau-inauguration-11-juin-2016-blog-10.jpg\"><img loading=\"lazy\" decoding=\"async\" class=\"size-medium wp-image-716\" src=\"http:\/\/www.lesouvenirfrancais-saintchinian.fr\/wp-content\/uploads\/2016\/06\/Babeau-inauguration-11-juin-2016-blog-10-300x224.jpg\" alt=\"Le cort\u00e8ge\" width=\"300\" height=\"224\" srcset=\"https:\/\/www.lesouvenirfrancais-saintchinian.fr\/wp-content\/uploads\/2016\/06\/Babeau-inauguration-11-juin-2016-blog-10-300x224.jpg 300w, https:\/\/www.lesouvenirfrancais-saintchinian.fr\/wp-content\/uploads\/2016\/06\/Babeau-inauguration-11-juin-2016-blog-10-1024x767.jpg 1024w, https:\/\/www.lesouvenirfrancais-saintchinian.fr\/wp-content\/uploads\/2016\/06\/Babeau-inauguration-11-juin-2016-blog-10-600x449.jpg 600w, https:\/\/www.lesouvenirfrancais-saintchinian.fr\/wp-content\/uploads\/2016\/06\/Babeau-inauguration-11-juin-2016-blog-10.jpg 1575w\" sizes=\"auto, (max-width: 300px) 100vw, 300px\" \/><\/a><figcaption id=\"caption-attachment-716\" class=\"wp-caption-text\">Le cort\u00e8ge<\/figcaption><\/figure>\n<figure id=\"attachment_725\" aria-describedby=\"caption-attachment-725\" style=\"width: 300px\" class=\"wp-caption aligncenter\"><a href=\"http:\/\/www.lesouvenirfrancais-saintchinian.fr\/wp-content\/uploads\/2016\/06\/Babeau-inauguration-11-juin-2016-blog-19.jpg\"><img loading=\"lazy\" decoding=\"async\" class=\"size-medium wp-image-725\" src=\"http:\/\/www.lesouvenirfrancais-saintchinian.fr\/wp-content\/uploads\/2016\/06\/Babeau-inauguration-11-juin-2016-blog-19-300x224.jpg\" alt=\"Mise en place\" width=\"300\" height=\"224\" srcset=\"https:\/\/www.lesouvenirfrancais-saintchinian.fr\/wp-content\/uploads\/2016\/06\/Babeau-inauguration-11-juin-2016-blog-19-300x224.jpg 300w, https:\/\/www.lesouvenirfrancais-saintchinian.fr\/wp-content\/uploads\/2016\/06\/Babeau-inauguration-11-juin-2016-blog-19-1024x767.jpg 1024w, https:\/\/www.lesouvenirfrancais-saintchinian.fr\/wp-content\/uploads\/2016\/06\/Babeau-inauguration-11-juin-2016-blog-19-600x449.jpg 600w, https:\/\/www.lesouvenirfrancais-saintchinian.fr\/wp-content\/uploads\/2016\/06\/Babeau-inauguration-11-juin-2016-blog-19.jpg 1575w\" sizes=\"auto, (max-width: 300px) 100vw, 300px\" \/><\/a><figcaption id=\"caption-attachment-725\" class=\"wp-caption-text\">Mise en place<\/figcaption><\/figure>\n<p style=\"text-align: center;\">\n<p style=\"text-align: left;\"><span style=\"font-family: Arial, sans-serif;\"><span style=\"font-size: medium;\">Arriv\u00e9s au monument et apr\u00e8s mise en place des participants, le m\u00e2t recevant le drapeau tricolore a \u00e9t\u00e9 inaugur\u00e9 par Tanguy, sapeur-pompier sous les ordres du Capitaine Andr\u00e9 Gilles.<\/span><\/span><\/p>\n<figure id=\"attachment_741\" aria-describedby=\"caption-attachment-741\" style=\"width: 300px\" class=\"wp-caption aligncenter\"><a href=\"http:\/\/www.lesouvenirfrancais-saintchinian.fr\/wp-content\/uploads\/2016\/06\/3941.jpg\"><img loading=\"lazy\" decoding=\"async\" class=\"size-medium wp-image-741\" src=\"http:\/\/www.lesouvenirfrancais-saintchinian.fr\/wp-content\/uploads\/2016\/06\/3941-300x192.jpg\" alt=\"Mont\u00e9e des couleurs\" width=\"300\" height=\"192\" srcset=\"https:\/\/www.lesouvenirfrancais-saintchinian.fr\/wp-content\/uploads\/2016\/06\/3941-300x192.jpg 300w, https:\/\/www.lesouvenirfrancais-saintchinian.fr\/wp-content\/uploads\/2016\/06\/3941-1024x655.jpg 1024w, https:\/\/www.lesouvenirfrancais-saintchinian.fr\/wp-content\/uploads\/2016\/06\/3941-600x384.jpg 600w, https:\/\/www.lesouvenirfrancais-saintchinian.fr\/wp-content\/uploads\/2016\/06\/3941.jpg 1612w\" sizes=\"auto, (max-width: 300px) 100vw, 300px\" \/><\/a><figcaption id=\"caption-attachment-741\" class=\"wp-caption-text\">Mont\u00e9e des couleurs<\/figcaption><\/figure>\n<p><span style=\"font-family: Arial, sans-serif;\"><span style=\"font-size: medium;\">Le ruban tricolore a \u00e9t\u00e9 coup\u00e9 par Mr le Maire J\u00e9r\u00f4me Roger, accompagn\u00e9 de Chlo\u00e9 et de Valentine, jeunes du village.<\/span><\/span><\/p>\n<figure id=\"attachment_730\" aria-describedby=\"caption-attachment-730\" style=\"width: 300px\" class=\"wp-caption aligncenter\"><a href=\"http:\/\/www.lesouvenirfrancais-saintchinian.fr\/wp-content\/uploads\/2016\/06\/Babeau-inauguration-11-juin-2016-blog2-5.jpg\"><img loading=\"lazy\" decoding=\"async\" class=\"size-medium wp-image-730\" src=\"http:\/\/www.lesouvenirfrancais-saintchinian.fr\/wp-content\/uploads\/2016\/06\/Babeau-inauguration-11-juin-2016-blog2-5-300x216.jpg\" alt=\"Coupage du ruban\" width=\"300\" height=\"216\" srcset=\"https:\/\/www.lesouvenirfrancais-saintchinian.fr\/wp-content\/uploads\/2016\/06\/Babeau-inauguration-11-juin-2016-blog2-5-300x216.jpg 300w, https:\/\/www.lesouvenirfrancais-saintchinian.fr\/wp-content\/uploads\/2016\/06\/Babeau-inauguration-11-juin-2016-blog2-5-1024x737.jpg 1024w, https:\/\/www.lesouvenirfrancais-saintchinian.fr\/wp-content\/uploads\/2016\/06\/Babeau-inauguration-11-juin-2016-blog2-5-600x432.jpg 600w, https:\/\/www.lesouvenirfrancais-saintchinian.fr\/wp-content\/uploads\/2016\/06\/Babeau-inauguration-11-juin-2016-blog2-5.jpg 1575w\" sizes=\"auto, (max-width: 300px) 100vw, 300px\" \/><\/a><figcaption id=\"caption-attachment-730\" class=\"wp-caption-text\">Coupage du ruban<\/figcaption><\/figure>\n<p><span style=\"font-family: Arial, sans-serif;\"><span style=\"font-size: medium;\">Trois gerbes ont \u00e9t\u00e9 d\u00e9pos\u00e9es au pied du monument, celle du comit\u00e9 de St Chinian, celle du Comit\u00e9 de Montredon Labessoni\u00e9 ainsi que celle de la mairie.<\/span><\/span><\/p>\n<figure id=\"attachment_742\" aria-describedby=\"caption-attachment-742\" style=\"width: 300px\" class=\"wp-caption aligncenter\"><a href=\"http:\/\/www.lesouvenirfrancais-saintchinian.fr\/wp-content\/uploads\/2016\/06\/3949.jpg\"><img loading=\"lazy\" decoding=\"async\" class=\"size-medium wp-image-742\" src=\"http:\/\/www.lesouvenirfrancais-saintchinian.fr\/wp-content\/uploads\/2016\/06\/3949-300x184.jpg\" alt=\"D\u00e9p\u00f4t de la gerbe du Souvenir Fran\u00e7ais de Saint-Chinian et de ses environs.\" width=\"300\" height=\"184\" srcset=\"https:\/\/www.lesouvenirfrancais-saintchinian.fr\/wp-content\/uploads\/2016\/06\/3949-300x184.jpg 300w, https:\/\/www.lesouvenirfrancais-saintchinian.fr\/wp-content\/uploads\/2016\/06\/3949-1024x630.jpg 1024w, https:\/\/www.lesouvenirfrancais-saintchinian.fr\/wp-content\/uploads\/2016\/06\/3949-600x369.jpg 600w, https:\/\/www.lesouvenirfrancais-saintchinian.fr\/wp-content\/uploads\/2016\/06\/3949.jpg 1612w\" sizes=\"auto, (max-width: 300px) 100vw, 300px\" \/><\/a><figcaption id=\"caption-attachment-742\" class=\"wp-caption-text\">D\u00e9p\u00f4t de la gerbe du Souvenir Fran\u00e7ais de Saint-Chinian et de ses environs.<\/figcaption><\/figure>\n<p>&nbsp;<\/p>\n<figure id=\"attachment_743\" aria-describedby=\"caption-attachment-743\" style=\"width: 300px\" class=\"wp-caption aligncenter\"><a href=\"http:\/\/www.lesouvenirfrancais-saintchinian.fr\/wp-content\/uploads\/2016\/06\/3953.jpg\"><img loading=\"lazy\" decoding=\"async\" class=\"size-medium wp-image-743\" src=\"http:\/\/www.lesouvenirfrancais-saintchinian.fr\/wp-content\/uploads\/2016\/06\/3953-300x197.jpg\" alt=\"D\u00e9p\u00f4t de la gerbe du Souvenir Fran\u00e7ais de Montredon Labessoni\u00e9 (81)\" width=\"300\" height=\"197\" srcset=\"https:\/\/www.lesouvenirfrancais-saintchinian.fr\/wp-content\/uploads\/2016\/06\/3953-300x197.jpg 300w, https:\/\/www.lesouvenirfrancais-saintchinian.fr\/wp-content\/uploads\/2016\/06\/3953-1024x674.jpg 1024w, https:\/\/www.lesouvenirfrancais-saintchinian.fr\/wp-content\/uploads\/2016\/06\/3953-600x395.jpg 600w, https:\/\/www.lesouvenirfrancais-saintchinian.fr\/wp-content\/uploads\/2016\/06\/3953.jpg 1612w\" sizes=\"auto, (max-width: 300px) 100vw, 300px\" \/><\/a><figcaption id=\"caption-attachment-743\" class=\"wp-caption-text\">D\u00e9p\u00f4t de la gerbe du Souvenir Fran\u00e7ais de Montredon Labessoni\u00e9 (81)<\/figcaption><\/figure>\n<p>&nbsp;<\/p>\n<figure id=\"attachment_732\" aria-describedby=\"caption-attachment-732\" style=\"width: 300px\" class=\"wp-caption aligncenter\"><a href=\"http:\/\/www.lesouvenirfrancais-saintchinian.fr\/wp-content\/uploads\/2016\/06\/Babeau-inauguration-11-juin-2016-blog2-7.jpg\"><img loading=\"lazy\" decoding=\"async\" class=\"size-medium wp-image-732\" src=\"http:\/\/www.lesouvenirfrancais-saintchinian.fr\/wp-content\/uploads\/2016\/06\/Babeau-inauguration-11-juin-2016-blog2-7-300x184.jpg\" alt=\"D\u00e9p\u00f4t de la gerbe de la Mairie par Mr le Maire J\u00e9r\u00f4me Roger\" width=\"300\" height=\"184\" srcset=\"https:\/\/www.lesouvenirfrancais-saintchinian.fr\/wp-content\/uploads\/2016\/06\/Babeau-inauguration-11-juin-2016-blog2-7-300x184.jpg 300w, https:\/\/www.lesouvenirfrancais-saintchinian.fr\/wp-content\/uploads\/2016\/06\/Babeau-inauguration-11-juin-2016-blog2-7-1024x630.jpg 1024w, https:\/\/www.lesouvenirfrancais-saintchinian.fr\/wp-content\/uploads\/2016\/06\/Babeau-inauguration-11-juin-2016-blog2-7-600x369.jpg 600w, https:\/\/www.lesouvenirfrancais-saintchinian.fr\/wp-content\/uploads\/2016\/06\/Babeau-inauguration-11-juin-2016-blog2-7.jpg 1575w\" sizes=\"auto, (max-width: 300px) 100vw, 300px\" \/><\/a><figcaption id=\"caption-attachment-732\" class=\"wp-caption-text\">D\u00e9p\u00f4t de la gerbe de la Mairie par Mr le Maire J\u00e9r\u00f4me Roger<\/figcaption><\/figure>\n<p><span style=\"font-family: Arial, sans-serif;\"><span style=\"font-size: medium;\">L&rsquo;appel aux morts a \u00e9t\u00e9 impeccablement effectu\u00e9 par des coll\u00e9giennes de 3eme de St Chinian, \u00e0 savoir\u00a0: Justine, Laurie et Mathilde.<\/span><\/span><\/p>\n<figure id=\"attachment_744\" aria-describedby=\"caption-attachment-744\" style=\"width: 300px\" class=\"wp-caption aligncenter\"><a href=\"http:\/\/www.lesouvenirfrancais-saintchinian.fr\/wp-content\/uploads\/2016\/06\/3959.jpg\"><img loading=\"lazy\" decoding=\"async\" class=\"wp-image-744 size-medium\" src=\"http:\/\/www.lesouvenirfrancais-saintchinian.fr\/wp-content\/uploads\/2016\/06\/3959-300x182.jpg\" alt=\"3959\" width=\"300\" height=\"182\" srcset=\"https:\/\/www.lesouvenirfrancais-saintchinian.fr\/wp-content\/uploads\/2016\/06\/3959-300x182.jpg 300w, https:\/\/www.lesouvenirfrancais-saintchinian.fr\/wp-content\/uploads\/2016\/06\/3959-1024x623.jpg 1024w, https:\/\/www.lesouvenirfrancais-saintchinian.fr\/wp-content\/uploads\/2016\/06\/3959-600x365.jpg 600w, https:\/\/www.lesouvenirfrancais-saintchinian.fr\/wp-content\/uploads\/2016\/06\/3959.jpg 1612w\" sizes=\"auto, (max-width: 300px) 100vw, 300px\" \/><\/a><figcaption id=\"caption-attachment-744\" class=\"wp-caption-text\">Appel aux morts<\/figcaption><\/figure>\n<p><span style=\"font-family: Arial, sans-serif;\"><span style=\"font-size: medium;\">Les discours ont d\u00e9but\u00e9 par celui de Philippe Godia, Vice-pr\u00e9sident du comit\u00e9 qui a insist\u00e9 sur l&rsquo;histoire des monuments aux morts et leurs r\u00f4les f\u00e9d\u00e9rateurs, les raisons de les prot\u00e9ger ainsi que sur les d\u00e9tails de la r\u00e9novation. <\/span><\/span><\/p>\n<figure id=\"attachment_718\" aria-describedby=\"caption-attachment-718\" style=\"width: 300px\" class=\"wp-caption aligncenter\"><a href=\"http:\/\/www.lesouvenirfrancais-saintchinian.fr\/wp-content\/uploads\/2016\/06\/Babeau-inauguration-11-juin-2016-blog-12.jpg\"><img loading=\"lazy\" decoding=\"async\" class=\"wp-image-718 size-medium\" src=\"http:\/\/www.lesouvenirfrancais-saintchinian.fr\/wp-content\/uploads\/2016\/06\/Babeau-inauguration-11-juin-2016-blog-12-300x224.jpg\" alt=\"Babeau inauguration 11 juin 2016 blog (12)\" width=\"300\" height=\"224\" srcset=\"https:\/\/www.lesouvenirfrancais-saintchinian.fr\/wp-content\/uploads\/2016\/06\/Babeau-inauguration-11-juin-2016-blog-12-300x224.jpg 300w, https:\/\/www.lesouvenirfrancais-saintchinian.fr\/wp-content\/uploads\/2016\/06\/Babeau-inauguration-11-juin-2016-blog-12-1024x767.jpg 1024w, https:\/\/www.lesouvenirfrancais-saintchinian.fr\/wp-content\/uploads\/2016\/06\/Babeau-inauguration-11-juin-2016-blog-12-600x449.jpg 600w, https:\/\/www.lesouvenirfrancais-saintchinian.fr\/wp-content\/uploads\/2016\/06\/Babeau-inauguration-11-juin-2016-blog-12.jpg 1575w\" sizes=\"auto, (max-width: 300px) 100vw, 300px\" \/><\/a><figcaption id=\"caption-attachment-718\" class=\"wp-caption-text\">Discours de Philippe Godia<\/figcaption><\/figure>\n<figure id=\"attachment_717\" aria-describedby=\"caption-attachment-717\" style=\"width: 300px\" class=\"wp-caption aligncenter\"><a href=\"http:\/\/www.lesouvenirfrancais-saintchinian.fr\/wp-content\/uploads\/2016\/06\/Babeau-inauguration-11-juin-2016-blog-11.jpg\"><img loading=\"lazy\" decoding=\"async\" class=\"wp-image-717 size-medium\" src=\"http:\/\/www.lesouvenirfrancais-saintchinian.fr\/wp-content\/uploads\/2016\/06\/Babeau-inauguration-11-juin-2016-blog-11-300x224.jpg\" alt=\"Babeau inauguration 11 juin 2016 blog (11)\" width=\"300\" height=\"224\" srcset=\"https:\/\/www.lesouvenirfrancais-saintchinian.fr\/wp-content\/uploads\/2016\/06\/Babeau-inauguration-11-juin-2016-blog-11-300x224.jpg 300w, https:\/\/www.lesouvenirfrancais-saintchinian.fr\/wp-content\/uploads\/2016\/06\/Babeau-inauguration-11-juin-2016-blog-11-1024x767.jpg 1024w, https:\/\/www.lesouvenirfrancais-saintchinian.fr\/wp-content\/uploads\/2016\/06\/Babeau-inauguration-11-juin-2016-blog-11-600x449.jpg 600w, https:\/\/www.lesouvenirfrancais-saintchinian.fr\/wp-content\/uploads\/2016\/06\/Babeau-inauguration-11-juin-2016-blog-11.jpg 1575w\" sizes=\"auto, (max-width: 300px) 100vw, 300px\" \/><\/a><figcaption id=\"caption-attachment-717\" class=\"wp-caption-text\">Discours d&rsquo;Eric P\u00e9r\u00e8s<\/figcaption><\/figure>\n<p style=\"text-align: center;\"><span style=\"font-family: Arial, sans-serif;\"><span style=\"font-size: medium;\">Eric P\u00e9r\u00e8s, notre Pr\u00e9sident a quant \u00e0 fait le point sur les soldats morts pour la France de Babeau en donnant des d\u00e9tails tels que\u00a0: grade, \u00e2ge, r\u00e9giment, lieu o\u00f9 ils sont tomb\u00e9s, rapatriement ou non. Les familles peuvent demander en mairie a \u00eatre contact\u00e9es par notre comit\u00e9 afin d&rsquo;obtenir une fiche individuelle sur les soldats de leurs familles.<\/span><\/span><\/p>\n<figure id=\"attachment_719\" aria-describedby=\"caption-attachment-719\" style=\"width: 300px\" class=\"wp-caption aligncenter\"><a href=\"http:\/\/www.lesouvenirfrancais-saintchinian.fr\/wp-content\/uploads\/2016\/06\/Babeau-inauguration-11-juin-2016-blog-13.jpg\"><img loading=\"lazy\" decoding=\"async\" class=\"wp-image-719 size-medium\" src=\"http:\/\/www.lesouvenirfrancais-saintchinian.fr\/wp-content\/uploads\/2016\/06\/Babeau-inauguration-11-juin-2016-blog-13-300x224.jpg\" alt=\"Babeau inauguration 11 juin 2016 blog (13)\" width=\"300\" height=\"224\" srcset=\"https:\/\/www.lesouvenirfrancais-saintchinian.fr\/wp-content\/uploads\/2016\/06\/Babeau-inauguration-11-juin-2016-blog-13-300x224.jpg 300w, https:\/\/www.lesouvenirfrancais-saintchinian.fr\/wp-content\/uploads\/2016\/06\/Babeau-inauguration-11-juin-2016-blog-13-1024x767.jpg 1024w, https:\/\/www.lesouvenirfrancais-saintchinian.fr\/wp-content\/uploads\/2016\/06\/Babeau-inauguration-11-juin-2016-blog-13-600x449.jpg 600w, https:\/\/www.lesouvenirfrancais-saintchinian.fr\/wp-content\/uploads\/2016\/06\/Babeau-inauguration-11-juin-2016-blog-13.jpg 1575w\" sizes=\"auto, (max-width: 300px) 100vw, 300px\" \/><\/a><figcaption id=\"caption-attachment-719\" class=\"wp-caption-text\">Discours de Jean-Pierre Martinez<\/figcaption><\/figure>\n<p>&nbsp;<\/p>\n<figure id=\"attachment_745\" aria-describedby=\"caption-attachment-745\" style=\"width: 300px\" class=\"wp-caption aligncenter\"><a href=\"http:\/\/www.lesouvenirfrancais-saintchinian.fr\/wp-content\/uploads\/2016\/06\/3986.jpg\"><img loading=\"lazy\" decoding=\"async\" class=\"wp-image-745 size-medium\" src=\"http:\/\/www.lesouvenirfrancais-saintchinian.fr\/wp-content\/uploads\/2016\/06\/3986-300x197.jpg\" alt=\"3986\" width=\"300\" height=\"197\" srcset=\"https:\/\/www.lesouvenirfrancais-saintchinian.fr\/wp-content\/uploads\/2016\/06\/3986-300x197.jpg 300w, https:\/\/www.lesouvenirfrancais-saintchinian.fr\/wp-content\/uploads\/2016\/06\/3986-1024x674.jpg 1024w, https:\/\/www.lesouvenirfrancais-saintchinian.fr\/wp-content\/uploads\/2016\/06\/3986-600x395.jpg 600w, https:\/\/www.lesouvenirfrancais-saintchinian.fr\/wp-content\/uploads\/2016\/06\/3986.jpg 1612w\" sizes=\"auto, (max-width: 300px) 100vw, 300px\" \/><\/a><figcaption id=\"caption-attachment-745\" class=\"wp-caption-text\">Discours de Fran\u00e7ois Colombier<\/figcaption><\/figure>\n<p><span style=\"font-family: Arial, sans-serif;\"><span style=\"font-size: medium;\">Puis Jean-Pierre Martinez et Fran\u00e7ois Colombier, respectivement D\u00e9l\u00e9gu\u00e9 d\u00e9partemental adjoint et d\u00e9l\u00e9gu\u00e9 d\u00e9partemental g\u00e9n\u00e9ral ont insist\u00e9 sur le devoir de m\u00e9moire et ont salu\u00e9 les actions de notre comit\u00e9.<\/span><\/span><\/p>\n<figure id=\"attachment_746\" aria-describedby=\"caption-attachment-746\" style=\"width: 300px\" class=\"wp-caption aligncenter\"><a href=\"http:\/\/www.lesouvenirfrancais-saintchinian.fr\/wp-content\/uploads\/2016\/06\/3991.jpg\"><img loading=\"lazy\" decoding=\"async\" class=\"wp-image-746 size-medium\" src=\"http:\/\/www.lesouvenirfrancais-saintchinian.fr\/wp-content\/uploads\/2016\/06\/3991-300x192.jpg\" alt=\"3991\" width=\"300\" height=\"192\" srcset=\"https:\/\/www.lesouvenirfrancais-saintchinian.fr\/wp-content\/uploads\/2016\/06\/3991-300x192.jpg 300w, https:\/\/www.lesouvenirfrancais-saintchinian.fr\/wp-content\/uploads\/2016\/06\/3991-1024x655.jpg 1024w, https:\/\/www.lesouvenirfrancais-saintchinian.fr\/wp-content\/uploads\/2016\/06\/3991-600x384.jpg 600w, https:\/\/www.lesouvenirfrancais-saintchinian.fr\/wp-content\/uploads\/2016\/06\/3991.jpg 1612w\" sizes=\"auto, (max-width: 300px) 100vw, 300px\" \/><\/a><figcaption id=\"caption-attachment-746\" class=\"wp-caption-text\">Discours de Mr le Maire<\/figcaption><\/figure>\n<p><span style=\"font-family: Arial, sans-serif;\"><span style=\"font-size: medium;\">Mr le Maire a donc cl\u00f4tur\u00e9 les discours en remerciant notre comit\u00e9 et \u00e9tait visiblement fier pour son village du nombre de personnes r\u00e9unis dans un but\u00a0 commun: honorer et transmettre le devoir de m\u00e9moire qui ce samedi avait pris tout son sens. A noter l&rsquo;implication du Maire dans le suivi des travaux du monument de sa commune.<\/span><\/span><\/p>\n<figure id=\"attachment_709\" aria-describedby=\"caption-attachment-709\" style=\"width: 300px\" class=\"wp-caption aligncenter\"><a href=\"http:\/\/www.lesouvenirfrancais-saintchinian.fr\/wp-content\/uploads\/2016\/06\/Babeau-inauguration-11-juin-2016-blog-3.jpg\"><img loading=\"lazy\" decoding=\"async\" class=\"wp-image-709 size-medium\" src=\"http:\/\/www.lesouvenirfrancais-saintchinian.fr\/wp-content\/uploads\/2016\/06\/Babeau-inauguration-11-juin-2016-blog-3-300x210.jpg\" alt=\"Babeau inauguration 11 juin 2016 blog (3)\" width=\"300\" height=\"210\" srcset=\"https:\/\/www.lesouvenirfrancais-saintchinian.fr\/wp-content\/uploads\/2016\/06\/Babeau-inauguration-11-juin-2016-blog-3-300x210.jpg 300w, https:\/\/www.lesouvenirfrancais-saintchinian.fr\/wp-content\/uploads\/2016\/06\/Babeau-inauguration-11-juin-2016-blog-3-1024x719.jpg 1024w, https:\/\/www.lesouvenirfrancais-saintchinian.fr\/wp-content\/uploads\/2016\/06\/Babeau-inauguration-11-juin-2016-blog-3-600x421.jpg 600w, https:\/\/www.lesouvenirfrancais-saintchinian.fr\/wp-content\/uploads\/2016\/06\/Babeau-inauguration-11-juin-2016-blog-3.jpg 1575w\" sizes=\"auto, (max-width: 300px) 100vw, 300px\" \/><\/a><figcaption id=\"caption-attachment-709\" class=\"wp-caption-text\">Mme R\u00e9gy remet la m\u00e9daille du m\u00e9morial \u00e0 Eric P\u00e9r\u00e8s<\/figcaption><\/figure>\n<p><span style=\"font-family: Arial, sans-serif;\"><span style=\"font-size: medium;\">Le comit\u00e9 du Souvenir Fran\u00e7ais de Montredon Labessonni\u00e9 (nos amis Tarnais venu tr\u00e8s nombreux) a, via sa Pr\u00e9sident Mme R\u00e9gy, remis la m\u00e9daille de l&rsquo;inauguration du m\u00e9morial national d\u00e9di\u00e9 aux 30 000 soldats tu\u00e9s pour la France lors de la guerre d\u2019Alg\u00e9rie et des combats en Tunisie et au Maroc au comit\u00e9 de St Chinian via Eric P\u00e9r\u00e8s.<\/span><\/span><\/p>\n<figure id=\"attachment_710\" aria-describedby=\"caption-attachment-710\" style=\"width: 300px\" class=\"wp-caption aligncenter\"><a href=\"http:\/\/www.lesouvenirfrancais-saintchinian.fr\/wp-content\/uploads\/2016\/06\/Babeau-inauguration-11-juin-2016-blog-4.jpg\"><img loading=\"lazy\" decoding=\"async\" class=\"wp-image-710 size-medium\" src=\"http:\/\/www.lesouvenirfrancais-saintchinian.fr\/wp-content\/uploads\/2016\/06\/Babeau-inauguration-11-juin-2016-blog-4-300x184.jpg\" alt=\"Babeau inauguration 11 juin 2016 blog (4)\" width=\"300\" height=\"184\" srcset=\"https:\/\/www.lesouvenirfrancais-saintchinian.fr\/wp-content\/uploads\/2016\/06\/Babeau-inauguration-11-juin-2016-blog-4-300x184.jpg 300w, https:\/\/www.lesouvenirfrancais-saintchinian.fr\/wp-content\/uploads\/2016\/06\/Babeau-inauguration-11-juin-2016-blog-4-1024x630.jpg 1024w, https:\/\/www.lesouvenirfrancais-saintchinian.fr\/wp-content\/uploads\/2016\/06\/Babeau-inauguration-11-juin-2016-blog-4-600x369.jpg 600w, https:\/\/www.lesouvenirfrancais-saintchinian.fr\/wp-content\/uploads\/2016\/06\/Babeau-inauguration-11-juin-2016-blog-4.jpg 1575w\" sizes=\"auto, (max-width: 300px) 100vw, 300px\" \/><\/a><figcaption id=\"caption-attachment-710\" class=\"wp-caption-text\">Mr Pellet remet la m\u00e9daille du m\u00e9morial \u00e0 J\u00e9r\u00f4me Roger<\/figcaption><\/figure>\n<p><span style=\"font-family: Arial, sans-serif;\"><span style=\"font-size: medium;\">Le Pr\u00e9sident du M\u00e9morial Mr Pellet a remis \u00e9galement cette m\u00eame m\u00e9daille au Maire de Babeau-Bouldoux.<\/span><\/span><\/p>\n<p><span style=\"font-family: Arial, sans-serif;\"><span style=\"font-size: medium;\">Les autorit\u00e9s ont, pour terminer, remerci\u00e9 les porte-drapeaux, les jeunes filles, et l&rsquo;harmonie qui a jou\u00e9 impeccablement \u00ab\u00a0Au drapeau, la sonnerie aux morts et la Marseillaise\u00a0\u00bb<\/span><\/span><\/p>\n<figure id=\"attachment_721\" aria-describedby=\"caption-attachment-721\" style=\"width: 300px\" class=\"wp-caption aligncenter\"><a href=\"http:\/\/www.lesouvenirfrancais-saintchinian.fr\/wp-content\/uploads\/2016\/06\/Babeau-inauguration-11-juin-2016-blog-15.jpg\"><img loading=\"lazy\" decoding=\"async\" class=\"wp-image-721 size-medium\" src=\"http:\/\/www.lesouvenirfrancais-saintchinian.fr\/wp-content\/uploads\/2016\/06\/Babeau-inauguration-11-juin-2016-blog-15-300x224.jpg\" alt=\"Babeau inauguration 11 juin 2016 blog (15)\" width=\"300\" height=\"224\" srcset=\"https:\/\/www.lesouvenirfrancais-saintchinian.fr\/wp-content\/uploads\/2016\/06\/Babeau-inauguration-11-juin-2016-blog-15-300x224.jpg 300w, https:\/\/www.lesouvenirfrancais-saintchinian.fr\/wp-content\/uploads\/2016\/06\/Babeau-inauguration-11-juin-2016-blog-15-1024x767.jpg 1024w, https:\/\/www.lesouvenirfrancais-saintchinian.fr\/wp-content\/uploads\/2016\/06\/Babeau-inauguration-11-juin-2016-blog-15-600x449.jpg 600w, https:\/\/www.lesouvenirfrancais-saintchinian.fr\/wp-content\/uploads\/2016\/06\/Babeau-inauguration-11-juin-2016-blog-15.jpg 1575w\" sizes=\"auto, (max-width: 300px) 100vw, 300px\" \/><\/a><figcaption id=\"caption-attachment-721\" class=\"wp-caption-text\">Les jeunes \u00e0 l&rsquo;honneur.<\/figcaption><\/figure>\n<p style=\"text-align: center;\"><a href=\"http:\/\/www.lesouvenirfrancais-saintchinian.fr\/wp-content\/uploads\/2016\/06\/Babeau-inauguration-11-juin-2016-blog-18.jpg\">\u00a0<\/a><\/p>\n<figure id=\"attachment_713\" aria-describedby=\"caption-attachment-713\" style=\"width: 300px\" class=\"wp-caption aligncenter\"><a href=\"http:\/\/www.lesouvenirfrancais-saintchinian.fr\/wp-content\/uploads\/2016\/06\/Babeau-inauguration-11-juin-2016-blog-7.jpg\"><img loading=\"lazy\" decoding=\"async\" class=\"wp-image-713 size-medium\" src=\"http:\/\/www.lesouvenirfrancais-saintchinian.fr\/wp-content\/uploads\/2016\/06\/Babeau-inauguration-11-juin-2016-blog-7-300x203.jpg\" alt=\"Babeau inauguration 11 juin 2016 blog (7)\" width=\"300\" height=\"203\" srcset=\"https:\/\/www.lesouvenirfrancais-saintchinian.fr\/wp-content\/uploads\/2016\/06\/Babeau-inauguration-11-juin-2016-blog-7-300x203.jpg 300w, https:\/\/www.lesouvenirfrancais-saintchinian.fr\/wp-content\/uploads\/2016\/06\/Babeau-inauguration-11-juin-2016-blog-7-1024x693.jpg 1024w, https:\/\/www.lesouvenirfrancais-saintchinian.fr\/wp-content\/uploads\/2016\/06\/Babeau-inauguration-11-juin-2016-blog-7-600x406.jpg 600w, https:\/\/www.lesouvenirfrancais-saintchinian.fr\/wp-content\/uploads\/2016\/06\/Babeau-inauguration-11-juin-2016-blog-7.jpg 1575w\" sizes=\"auto, (max-width: 300px) 100vw, 300px\" \/><\/a><figcaption id=\"caption-attachment-713\" class=\"wp-caption-text\">Haie d&rsquo;honneur des porte-drapeaux<\/figcaption><\/figure>\n<figure id=\"attachment_714\" aria-describedby=\"caption-attachment-714\" style=\"width: 300px\" class=\"wp-caption aligncenter\"><a href=\"http:\/\/www.lesouvenirfrancais-saintchinian.fr\/wp-content\/uploads\/2016\/06\/Babeau-inauguration-11-juin-2016-blog-8.jpg\"><img loading=\"lazy\" decoding=\"async\" class=\"wp-image-714 size-medium\" src=\"http:\/\/www.lesouvenirfrancais-saintchinian.fr\/wp-content\/uploads\/2016\/06\/Babeau-inauguration-11-juin-2016-blog-8-300x182.jpg\" alt=\"Babeau inauguration 11 juin 2016 blog (8)\" width=\"300\" height=\"182\" srcset=\"https:\/\/www.lesouvenirfrancais-saintchinian.fr\/wp-content\/uploads\/2016\/06\/Babeau-inauguration-11-juin-2016-blog-8-300x182.jpg 300w, https:\/\/www.lesouvenirfrancais-saintchinian.fr\/wp-content\/uploads\/2016\/06\/Babeau-inauguration-11-juin-2016-blog-8-1024x623.jpg 1024w, https:\/\/www.lesouvenirfrancais-saintchinian.fr\/wp-content\/uploads\/2016\/06\/Babeau-inauguration-11-juin-2016-blog-8-600x365.jpg 600w, https:\/\/www.lesouvenirfrancais-saintchinian.fr\/wp-content\/uploads\/2016\/06\/Babeau-inauguration-11-juin-2016-blog-8.jpg 1575w\" sizes=\"auto, (max-width: 300px) 100vw, 300px\" \/><\/a><figcaption id=\"caption-attachment-714\" class=\"wp-caption-text\">Haie d&rsquo;honneur des porte-drapeaux<\/figcaption><\/figure>\n<p><span style=\"font-family: Arial, sans-serif;\"><span style=\"font-size: medium;\">La mairie a ensuite offert le verre de l&rsquo;amiti\u00e9 devant la salle des f\u00eates dans un ambiance tr\u00e8s conviviale et d\u00e9tendue.<\/span><\/span><\/p>\n<figure id=\"attachment_747\" aria-describedby=\"caption-attachment-747\" style=\"width: 300px\" class=\"wp-caption aligncenter\"><a href=\"http:\/\/www.lesouvenirfrancais-saintchinian.fr\/wp-content\/uploads\/2016\/06\/4052.jpg\"><img loading=\"lazy\" decoding=\"async\" class=\"wp-image-747 size-medium\" src=\"http:\/\/www.lesouvenirfrancais-saintchinian.fr\/wp-content\/uploads\/2016\/06\/4052-300x188.jpg\" alt=\"4052\" width=\"300\" height=\"188\" srcset=\"https:\/\/www.lesouvenirfrancais-saintchinian.fr\/wp-content\/uploads\/2016\/06\/4052-300x188.jpg 300w, https:\/\/www.lesouvenirfrancais-saintchinian.fr\/wp-content\/uploads\/2016\/06\/4052-1024x642.jpg 1024w, https:\/\/www.lesouvenirfrancais-saintchinian.fr\/wp-content\/uploads\/2016\/06\/4052-600x376.jpg 600w, https:\/\/www.lesouvenirfrancais-saintchinian.fr\/wp-content\/uploads\/2016\/06\/4052.jpg 1612w\" sizes=\"auto, (max-width: 300px) 100vw, 300px\" \/><\/a><figcaption id=\"caption-attachment-747\" class=\"wp-caption-text\">Ap\u00e9ritif offert et servi par la commune<\/figcaption><\/figure>\n<p><span style=\"font-family: Arial, sans-serif;\"><span style=\"font-size: medium;\">Pour terminer, plus de cent convives s&rsquo;\u00e9taient inscrits au repas organis\u00e9 par le comit\u00e9 qui a \u00e9t\u00e9 servi dans l&rsquo;agr\u00e9able salle des f\u00eates du village.<\/span><\/span><\/p>\n<figure id=\"attachment_715\" aria-describedby=\"caption-attachment-715\" style=\"width: 300px\" class=\"wp-caption aligncenter\"><a href=\"http:\/\/www.lesouvenirfrancais-saintchinian.fr\/wp-content\/uploads\/2016\/06\/Babeau-inauguration-11-juin-2016-blog-9.jpg\"><img loading=\"lazy\" decoding=\"async\" class=\"wp-image-715 size-medium\" src=\"http:\/\/www.lesouvenirfrancais-saintchinian.fr\/wp-content\/uploads\/2016\/06\/Babeau-inauguration-11-juin-2016-blog-9-300x168.jpg\" alt=\"Babeau inauguration 11 juin 2016 blog (9)\" width=\"300\" height=\"168\" srcset=\"https:\/\/www.lesouvenirfrancais-saintchinian.fr\/wp-content\/uploads\/2016\/06\/Babeau-inauguration-11-juin-2016-blog-9-300x168.jpg 300w, https:\/\/www.lesouvenirfrancais-saintchinian.fr\/wp-content\/uploads\/2016\/06\/Babeau-inauguration-11-juin-2016-blog-9-1024x575.jpg 1024w, https:\/\/www.lesouvenirfrancais-saintchinian.fr\/wp-content\/uploads\/2016\/06\/Babeau-inauguration-11-juin-2016-blog-9-600x337.jpg 600w, https:\/\/www.lesouvenirfrancais-saintchinian.fr\/wp-content\/uploads\/2016\/06\/Babeau-inauguration-11-juin-2016-blog-9.jpg 1575w\" sizes=\"auto, (max-width: 300px) 100vw, 300px\" \/><\/a><figcaption id=\"caption-attachment-715\" class=\"wp-caption-text\">Repas organis\u00e9 par le comit\u00e9 avec plus de 100 personnes.<\/figcaption><\/figure>\n<p><span style=\"font-family: Arial, sans-serif;\"><span style=\"font-size: medium;\">Chants, convivialit\u00e9, tombola \u00e9taient d&rsquo;actualit\u00e9.<\/span><\/span><\/p>\n<p><span style=\"font-family: Arial, sans-serif;\"><span style=\"font-size: medium;\">Une journ\u00e9e rare, \u00e0 ne pas oublier.<\/span><\/span><\/p>\n<p><span style=\"font-family: Arial, sans-serif;\"><span style=\"font-size: medium;\">Merci \u00e0 toutes et \u00e0 tous.<\/span><\/span><\/p>\n<p><span style=\"font-family: Arial, sans-serif;\"><span style=\"font-size: medium;\">Philippe Godia<\/span><\/span><\/p>\n<p><span style=\"font-family: Arial, sans-serif;\"><span style=\"font-size: medium;\">Vice-pr\u00e9sident.<\/span><\/span><\/p>\n","protected":false},"excerpt":{"rendered":"<p>pas moins de 200 personnes s&rsquo;\u00e9taient r\u00e9unies \u00e0 Babeau-Bouldoux afin d&rsquo;inaugurer le monument aux morts, r\u00e9nov\u00e9 par Le Souvenir Fran\u00e7ais de Saint-Chinian et de ses environs. Etaient pr\u00e9sents, de nombreux \u00e9lus, comit\u00e9s du Souvenir Fran\u00e7ais de l&rsquo;H\u00e9rault, avec leur d\u00e9l\u00e9gation &#8230; <a class=\"more-link\" href=\"https:\/\/www.lesouvenirfrancais-saintchinian.fr\/?p=739\">Read More &raquo;<\/a><\/p>\n","protected":false},"author":321,"featured_media":0,"comment_status":"open","ping_status":"open","sticky":false,"template":"","format":"standard","meta":{"footnotes":""},"categories":[3],"tags":[],"class_list":["post-739","post","type-post","status-publish","format-standard","hentry","category-manifestations-et-actions"],"_links":{"self":[{"href":"https:\/\/www.lesouvenirfrancais-saintchinian.fr\/index.php?rest_route=\/wp\/v2\/posts\/739","targetHints":{"allow":["GET"]}}],"collection":[{"href":"https:\/\/www.lesouvenirfrancais-saintchinian.fr\/index.php?rest_route=\/wp\/v2\/posts"}],"about":[{"href":"https:\/\/www.lesouvenirfrancais-saintchinian.fr\/index.php?rest_route=\/wp\/v2\/types\/post"}],"author":[{"embeddable":true,"href":"https:\/\/www.lesouvenirfrancais-saintchinian.fr\/index.php?rest_route=\/wp\/v2\/users\/321"}],"replies":[{"embeddable":true,"href":"https:\/\/www.lesouvenirfrancais-saintchinian.fr\/index.php?rest_route=%2Fwp%2Fv2%2Fcomments&post=739"}],"version-history":[{"count":1,"href":"https:\/\/www.lesouvenirfrancais-saintchinian.fr\/index.php?rest_route=\/wp\/v2\/posts\/739\/revisions"}],"predecessor-version":[{"id":748,"href":"https:\/\/www.lesouvenirfrancais-saintchinian.fr\/index.php?rest_route=\/wp\/v2\/posts\/739\/revisions\/748"}],"wp:attachment":[{"href":"https:\/\/www.lesouvenirfrancais-saintchinian.fr\/index.php?rest_route=%2Fwp%2Fv2%2Fmedia&parent=739"}],"wp:term":[{"taxonomy":"category","embeddable":true,"href":"https:\/\/www.lesouvenirfrancais-saintchinian.fr\/index.php?rest_route=%2Fwp%2Fv2%2Fcategories&post=739"},{"taxonomy":"post_tag","embeddable":true,"href":"https:\/\/www.lesouvenirfrancais-saintchinian.fr\/index.php?rest_route=%2Fwp%2Fv2%2Ftags&post=739"}],"curies":[{"name":"wp","href":"https:\/\/api.w.org\/{rel}","templated":true}]}}