{"id":757,"date":"2016-08-31T17:48:34","date_gmt":"2016-08-31T16:48:34","guid":{"rendered":"http:\/\/www.lesouvenirfrancais-saintchinian.fr\/?p=757"},"modified":"2016-08-31T17:48:34","modified_gmt":"2016-08-31T16:48:34","slug":"ceremonies-de-la-liberation-de-st-pons-le-dimanche-21-aout-2016","status":"publish","type":"post","link":"https:\/\/www.lesouvenirfrancais-saintchinian.fr\/?p=757","title":{"rendered":"C\u00e9r\u00e9monies de la lib\u00e9ration de St Pons le dimanche 21 ao\u00fbt 2016"},"content":{"rendered":"<p>Notre comit\u00e9 avait rendez-vous\u00a0\u00a0le dimanche 21 ao\u00fbt 2016 \u00e0 Riols et \u00e0 Saint-Pons afin de participer aux c\u00e9r\u00e9monies li\u00e9es \u00e0 la lib\u00e9ration de Saint-Pons et donc d&rsquo;honorer les r\u00e9sistants qui en ont pay\u00e9 le prix.<\/p>\n<p style=\"text-align: center;\"><strong>Il y eu 4 \u00e9tapes:<\/strong><\/p>\n<figure id=\"attachment_759\" aria-describedby=\"caption-attachment-759\" style=\"width: 300px\" class=\"wp-caption aligncenter\"><a href=\"http:\/\/www.lesouvenirfrancais-saintchinian.fr\/wp-content\/uploads\/2016\/08\/Lib\u00e9ration-de-Saint-Pons-21-ao\u00fbt-2016-2.jpg\"><img loading=\"lazy\" decoding=\"async\" class=\"size-medium wp-image-759\" src=\"http:\/\/www.lesouvenirfrancais-saintchinian.fr\/wp-content\/uploads\/2016\/08\/Lib\u00e9ration-de-Saint-Pons-21-ao\u00fbt-2016-2-300x168.jpg\" alt=\"Riols, st\u00e8le de la Crouzotte\" width=\"300\" height=\"168\" srcset=\"https:\/\/www.lesouvenirfrancais-saintchinian.fr\/wp-content\/uploads\/2016\/08\/Lib\u00e9ration-de-Saint-Pons-21-ao\u00fbt-2016-2-300x168.jpg 300w, https:\/\/www.lesouvenirfrancais-saintchinian.fr\/wp-content\/uploads\/2016\/08\/Lib\u00e9ration-de-Saint-Pons-21-ao\u00fbt-2016-2-1024x575.jpg 1024w, https:\/\/www.lesouvenirfrancais-saintchinian.fr\/wp-content\/uploads\/2016\/08\/Lib\u00e9ration-de-Saint-Pons-21-ao\u00fbt-2016-2-600x337.jpg 600w, https:\/\/www.lesouvenirfrancais-saintchinian.fr\/wp-content\/uploads\/2016\/08\/Lib\u00e9ration-de-Saint-Pons-21-ao\u00fbt-2016-2.jpg 1575w\" sizes=\"auto, (max-width: 300px) 100vw, 300px\" \/><\/a><figcaption id=\"caption-attachment-759\" class=\"wp-caption-text\">Riols, st\u00e8le de la Crouzotte<\/figcaption><\/figure>\n<p>1\/\u00e0 l&rsquo;entr\u00e9e de Riols, devant la st\u00e8le de la Crouzotte, o\u00f9 3 r\u00e9sistants furent captur\u00e9s\u00a0 puis ensuite ex\u00e9cut\u00e9s pr\u00e8s de Toulouse.<\/p>\n<p>Les d\u00e9tails de cette tragique journ\u00e9e du 10 ao\u00fbt 1944 \u00e9taient relat\u00e9s par Claude Bernadou, maire-adjoint de Cazedarnes et par le maire de Riols.<\/p>\n<figure id=\"attachment_760\" aria-describedby=\"caption-attachment-760\" style=\"width: 300px\" class=\"wp-caption aligncenter\"><a href=\"http:\/\/www.lesouvenirfrancais-saintchinian.fr\/wp-content\/uploads\/2016\/08\/Lib\u00e9ration-de-Saint-Pons-21-ao\u00fbt-2016-3.jpg\"><img loading=\"lazy\" decoding=\"async\" class=\"size-medium wp-image-760\" src=\"http:\/\/www.lesouvenirfrancais-saintchinian.fr\/wp-content\/uploads\/2016\/08\/Lib\u00e9ration-de-Saint-Pons-21-ao\u00fbt-2016-3-300x168.jpg\" alt=\"Riols, st\u00e8le de la Crouzotte\" width=\"300\" height=\"168\" srcset=\"https:\/\/www.lesouvenirfrancais-saintchinian.fr\/wp-content\/uploads\/2016\/08\/Lib\u00e9ration-de-Saint-Pons-21-ao\u00fbt-2016-3-300x168.jpg 300w, https:\/\/www.lesouvenirfrancais-saintchinian.fr\/wp-content\/uploads\/2016\/08\/Lib\u00e9ration-de-Saint-Pons-21-ao\u00fbt-2016-3-1024x575.jpg 1024w, https:\/\/www.lesouvenirfrancais-saintchinian.fr\/wp-content\/uploads\/2016\/08\/Lib\u00e9ration-de-Saint-Pons-21-ao\u00fbt-2016-3-600x337.jpg 600w, https:\/\/www.lesouvenirfrancais-saintchinian.fr\/wp-content\/uploads\/2016\/08\/Lib\u00e9ration-de-Saint-Pons-21-ao\u00fbt-2016-3.jpg 1575w\" sizes=\"auto, (max-width: 300px) 100vw, 300px\" \/><\/a><figcaption id=\"caption-attachment-760\" class=\"wp-caption-text\">Riols, st\u00e8le de la Crouzotte<\/figcaption><\/figure>\n<p>De nombreux \u00e9lus \u00e9taient pr\u00e9sents\u00a0 ainsi que Marie-Pierre Pons, vice-pr\u00e9sidente du Conseil D\u00e9partemental sans compter les nombreux repr\u00e9sentants et portes-drapeaux d&rsquo;associations patriotiques, les pompiers ainsi que la population.<\/p>\n<p>2\/ puis nous sommes rendu \u00e0 Saint-Pons rue Charles Barthes o\u00f9 Georges C\u00e8be accompagn\u00e9 de la fille de Charles Barthes, abattu par les allemands, a relat\u00e9 cette ex\u00e9cution lors de la lib\u00e9ration de St Pons.<\/p>\n<figure id=\"attachment_762\" aria-describedby=\"caption-attachment-762\" style=\"width: 300px\" class=\"wp-caption aligncenter\"><a href=\"http:\/\/www.lesouvenirfrancais-saintchinian.fr\/wp-content\/uploads\/2016\/08\/Lib\u00e9ration-de-Saint-Pons-21-ao\u00fbt-2016-5.jpg\"><img loading=\"lazy\" decoding=\"async\" class=\"size-medium wp-image-762\" src=\"http:\/\/www.lesouvenirfrancais-saintchinian.fr\/wp-content\/uploads\/2016\/08\/Lib\u00e9ration-de-Saint-Pons-21-ao\u00fbt-2016-5-300x168.jpg\" alt=\"St\u00e8le Charles Barth\u00e8s\" width=\"300\" height=\"168\" srcset=\"https:\/\/www.lesouvenirfrancais-saintchinian.fr\/wp-content\/uploads\/2016\/08\/Lib\u00e9ration-de-Saint-Pons-21-ao\u00fbt-2016-5-300x168.jpg 300w, https:\/\/www.lesouvenirfrancais-saintchinian.fr\/wp-content\/uploads\/2016\/08\/Lib\u00e9ration-de-Saint-Pons-21-ao\u00fbt-2016-5-1024x575.jpg 1024w, https:\/\/www.lesouvenirfrancais-saintchinian.fr\/wp-content\/uploads\/2016\/08\/Lib\u00e9ration-de-Saint-Pons-21-ao\u00fbt-2016-5-600x337.jpg 600w, https:\/\/www.lesouvenirfrancais-saintchinian.fr\/wp-content\/uploads\/2016\/08\/Lib\u00e9ration-de-Saint-Pons-21-ao\u00fbt-2016-5.jpg 1575w\" sizes=\"auto, (max-width: 300px) 100vw, 300px\" \/><\/a><figcaption id=\"caption-attachment-762\" class=\"wp-caption-text\">St\u00e8le Charles Barth\u00e8s<\/figcaption><\/figure>\n<p>3\/ puis nous sommes repartis\u00a0\u00a0en cort\u00e8ge route de la Salvetat, Place du Foirail, devant\u00a0la plaque comm\u00e9morative qui \u00e9gr\u00e8ne la longue liste des noms des maquisards qui ont perdu la vie durant cette triste p\u00e9riode.<\/p>\n<figure id=\"attachment_763\" aria-describedby=\"caption-attachment-763\" style=\"width: 300px\" class=\"wp-caption aligncenter\"><a href=\"http:\/\/www.lesouvenirfrancais-saintchinian.fr\/wp-content\/uploads\/2016\/08\/Lib\u00e9ration-de-Saint-Pons-21-ao\u00fbt-2016-6.jpg\"><img loading=\"lazy\" decoding=\"async\" class=\"size-medium wp-image-763\" src=\"http:\/\/www.lesouvenirfrancais-saintchinian.fr\/wp-content\/uploads\/2016\/08\/Lib\u00e9ration-de-Saint-Pons-21-ao\u00fbt-2016-6-300x168.jpg\" alt=\"Route de la Salvetat \" width=\"300\" height=\"168\" srcset=\"https:\/\/www.lesouvenirfrancais-saintchinian.fr\/wp-content\/uploads\/2016\/08\/Lib\u00e9ration-de-Saint-Pons-21-ao\u00fbt-2016-6-300x168.jpg 300w, https:\/\/www.lesouvenirfrancais-saintchinian.fr\/wp-content\/uploads\/2016\/08\/Lib\u00e9ration-de-Saint-Pons-21-ao\u00fbt-2016-6-1024x575.jpg 1024w, https:\/\/www.lesouvenirfrancais-saintchinian.fr\/wp-content\/uploads\/2016\/08\/Lib\u00e9ration-de-Saint-Pons-21-ao\u00fbt-2016-6-600x337.jpg 600w, https:\/\/www.lesouvenirfrancais-saintchinian.fr\/wp-content\/uploads\/2016\/08\/Lib\u00e9ration-de-Saint-Pons-21-ao\u00fbt-2016-6.jpg 1575w\" sizes=\"auto, (max-width: 300px) 100vw, 300px\" \/><\/a><figcaption id=\"caption-attachment-763\" class=\"wp-caption-text\">Route de la Salvetat<\/figcaption><\/figure>\n<p>Mr C\u00e8be ainsi que Jacques Belot, Pr\u00e9sident du comit\u00e9 du Souvenir Fran\u00e7ais de St Pons.<\/p>\n<p>Marie-Pierre Pons a ensuite insist\u00e9 lors de son discours sur le devoir de m\u00e9moire \u00e0 pr\u00e9server ainsi que sur l&rsquo;unit\u00e9 a adopter face aux \u00e9v\u00e8nements que traverse notre pays.<\/p>\n<figure id=\"attachment_764\" aria-describedby=\"caption-attachment-764\" style=\"width: 168px\" class=\"wp-caption aligncenter\"><a href=\"http:\/\/www.lesouvenirfrancais-saintchinian.fr\/wp-content\/uploads\/2016\/08\/DSC05452-Copier.jpg\"><img loading=\"lazy\" decoding=\"async\" class=\"size-medium wp-image-764\" src=\"http:\/\/www.lesouvenirfrancais-saintchinian.fr\/wp-content\/uploads\/2016\/08\/DSC05452-Copier-168x300.jpg\" alt=\"St\u00e8le place du Foirail\" width=\"168\" height=\"300\" srcset=\"https:\/\/www.lesouvenirfrancais-saintchinian.fr\/wp-content\/uploads\/2016\/08\/DSC05452-Copier-168x300.jpg 168w, https:\/\/www.lesouvenirfrancais-saintchinian.fr\/wp-content\/uploads\/2016\/08\/DSC05452-Copier-575x1024.jpg 575w, https:\/\/www.lesouvenirfrancais-saintchinian.fr\/wp-content\/uploads\/2016\/08\/DSC05452-Copier-600x1067.jpg 600w, https:\/\/www.lesouvenirfrancais-saintchinian.fr\/wp-content\/uploads\/2016\/08\/DSC05452-Copier.jpg 1181w\" sizes=\"auto, (max-width: 168px) 100vw, 168px\" \/><\/a><figcaption id=\"caption-attachment-764\" class=\"wp-caption-text\">St\u00e8le place du Foirail<\/figcaption><\/figure>\n<p>&nbsp;<\/p>\n<p>4\/ puis nous nous sommes r\u00e9unis au carr\u00e9 militaire devant lequel Jacques Belot a lu son discours charg\u00e9 d&rsquo;\u00e9motion et de d\u00e9tails historiques.<\/p>\n<figure id=\"attachment_758\" aria-describedby=\"caption-attachment-758\" style=\"width: 300px\" class=\"wp-caption aligncenter\"><a href=\"http:\/\/www.lesouvenirfrancais-saintchinian.fr\/wp-content\/uploads\/2016\/08\/Lib\u00e9ration-de-Saint-Pons-21-ao\u00fbt-2016-1.jpg\"><img loading=\"lazy\" decoding=\"async\" class=\"size-medium wp-image-758\" src=\"http:\/\/www.lesouvenirfrancais-saintchinian.fr\/wp-content\/uploads\/2016\/08\/Lib\u00e9ration-de-Saint-Pons-21-ao\u00fbt-2016-1-300x168.jpg\" alt=\"Carr\u00e9 militaire de St Pons\" width=\"300\" height=\"168\" srcset=\"https:\/\/www.lesouvenirfrancais-saintchinian.fr\/wp-content\/uploads\/2016\/08\/Lib\u00e9ration-de-Saint-Pons-21-ao\u00fbt-2016-1-300x168.jpg 300w, https:\/\/www.lesouvenirfrancais-saintchinian.fr\/wp-content\/uploads\/2016\/08\/Lib\u00e9ration-de-Saint-Pons-21-ao\u00fbt-2016-1-1024x575.jpg 1024w, https:\/\/www.lesouvenirfrancais-saintchinian.fr\/wp-content\/uploads\/2016\/08\/Lib\u00e9ration-de-Saint-Pons-21-ao\u00fbt-2016-1-600x337.jpg 600w, https:\/\/www.lesouvenirfrancais-saintchinian.fr\/wp-content\/uploads\/2016\/08\/Lib\u00e9ration-de-Saint-Pons-21-ao\u00fbt-2016-1.jpg 1575w\" sizes=\"auto, (max-width: 300px) 100vw, 300px\" \/><\/a><figcaption id=\"caption-attachment-758\" class=\"wp-caption-text\">Carr\u00e9 militaire de St Pons<\/figcaption><\/figure>\n<p>Une gerbe a \u00e9t\u00e9 d\u00e9pos\u00e9e ainsi\u00a0qu&rsquo;une autre d\u00e9di\u00e9 aux deux soldats russes tu\u00e9s au combat.<\/p>\n<p>Nous nous sommes retrouv\u00e9s ensuite \u00e0 la mairie de St Pons o\u00f9 Monsieur le maire avait organis\u00e9 le verre de l&rsquo;amiti\u00e9.<\/p>\n<p>Philippe Godia,<\/p>\n<p>Vice-pr\u00e9sident<\/p>\n<p>&nbsp;<\/p>\n<p style=\"text-align: center;\"><a href=\"http:\/\/www.lesouvenirfrancais-saintchinian.fr\/wp-content\/uploads\/2016\/08\/Lib\u00e9ration-de-Saint-Pons-21-ao\u00fbt-2016-6.jpg\">\u00a0<\/a><\/p>\n","protected":false},"excerpt":{"rendered":"<p>Notre comit\u00e9 avait rendez-vous\u00a0\u00a0le dimanche 21 ao\u00fbt 2016 \u00e0 Riols et \u00e0 Saint-Pons afin de participer aux c\u00e9r\u00e9monies li\u00e9es \u00e0 la lib\u00e9ration de Saint-Pons et donc d&rsquo;honorer les r\u00e9sistants qui en ont pay\u00e9 le prix. Il y eu 4 \u00e9tapes: &#8230; <a class=\"more-link\" href=\"https:\/\/www.lesouvenirfrancais-saintchinian.fr\/?p=757\">Read More &raquo;<\/a><\/p>\n","protected":false},"author":321,"featured_media":0,"comment_status":"open","ping_status":"open","sticky":false,"template":"","format":"standard","meta":{"footnotes":""},"categories":[1],"tags":[],"class_list":["post-757","post","type-post","status-publish","format-standard","hentry","category-non-classe"],"_links":{"self":[{"href":"https:\/\/www.lesouvenirfrancais-saintchinian.fr\/index.php?rest_route=\/wp\/v2\/posts\/757","targetHints":{"allow":["GET"]}}],"collection":[{"href":"https:\/\/www.lesouvenirfrancais-saintchinian.fr\/index.php?rest_route=\/wp\/v2\/posts"}],"about":[{"href":"https:\/\/www.lesouvenirfrancais-saintchinian.fr\/index.php?rest_route=\/wp\/v2\/types\/post"}],"author":[{"embeddable":true,"href":"https:\/\/www.lesouvenirfrancais-saintchinian.fr\/index.php?rest_route=\/wp\/v2\/users\/321"}],"replies":[{"embeddable":true,"href":"https:\/\/www.lesouvenirfrancais-saintchinian.fr\/index.php?rest_route=%2Fwp%2Fv2%2Fcomments&post=757"}],"version-history":[{"count":1,"href":"https:\/\/www.lesouvenirfrancais-saintchinian.fr\/index.php?rest_route=\/wp\/v2\/posts\/757\/revisions"}],"predecessor-version":[{"id":765,"href":"https:\/\/www.lesouvenirfrancais-saintchinian.fr\/index.php?rest_route=\/wp\/v2\/posts\/757\/revisions\/765"}],"wp:attachment":[{"href":"https:\/\/www.lesouvenirfrancais-saintchinian.fr\/index.php?rest_route=%2Fwp%2Fv2%2Fmedia&parent=757"}],"wp:term":[{"taxonomy":"category","embeddable":true,"href":"https:\/\/www.lesouvenirfrancais-saintchinian.fr\/index.php?rest_route=%2Fwp%2Fv2%2Fcategories&post=757"},{"taxonomy":"post_tag","embeddable":true,"href":"https:\/\/www.lesouvenirfrancais-saintchinian.fr\/index.php?rest_route=%2Fwp%2Fv2%2Ftags&post=757"}],"curies":[{"name":"wp","href":"https:\/\/api.w.org\/{rel}","templated":true}]}}