{"id":770,"date":"2016-11-07T18:09:25","date_gmt":"2016-11-07T17:09:25","guid":{"rendered":"http:\/\/www.lesouvenirfrancais-saintchinian.fr\/?p=770"},"modified":"2016-11-07T18:09:25","modified_gmt":"2016-11-07T17:09:25","slug":"entretien-avant-les-ceremonies-des-monuments-de-st-chinian-pierrerue-et-babeau-bouldoux","status":"publish","type":"post","link":"https:\/\/www.lesouvenirfrancais-saintchinian.fr\/?p=770","title":{"rendered":"Entretien avant les c\u00e9r\u00e9monies des monuments de St Chinian, Pierrerue et Babeau-Bouldoux."},"content":{"rendered":"<p>Nous avons r\u00e9nov\u00e9 les carr\u00e9s militaires et monuments aux morts de Saint-Chinian, Pierrerue et Babeau-Bouldoux respectivement en 2014, 2015 et 2016.<\/p>\n<p>Notre mission ne s\u2019arr\u00eate pas \u00e0 la r\u00e9novation mais se poursuit avec l\u2019entretient afin que ces monuments restent toujours en tr\u00e8s bon \u00e9tat.<\/p>\n<p>Comme chaque ann\u00e9e, nous avons donc organis\u00e9 une journ\u00e9e de travail avec des volontaires du comit\u00e9, \u00e0 savoir\u00a0: Jacky, Michel, Didier, Daniel, Andr\u00e9, Eric et Philippe.<\/p>\n<p>Le nombre de participants \u00e9tait suffisant et nous n&rsquo;avons pas jug\u00e9 n\u00e9cessaire d&rsquo;\u00eatre plus nombreux, mais que tout le monde se rassure, les futures missions qui nous attendent mobiliserons toutes les \u00e9nergies.<\/p>\n<p>Nous avons commenc\u00e9 par Pierrerue o\u00f9 nous nous \u00e9tions engag\u00e9 \u00e0 poser \u00e0 l&rsquo;arri\u00e8re du monument une plaque de marbre destin\u00e9e \u00e0 recevoir les anciennes plaques des soldats qui \u00e9taient fix\u00e9es sur les croix d&rsquo;origines qui ont \u00e9t\u00e9 remplac\u00e9es. Cela a \u00e9t\u00e9 financ\u00e9 par notre comit\u00e9.<\/p>\n<figure id=\"attachment_773\" aria-describedby=\"caption-attachment-773\" style=\"width: 300px\" class=\"wp-caption aligncenter\"><a href=\"http:\/\/www.lesouvenirfrancais-saintchinian.fr\/wp-content\/uploads\/2016\/11\/Pierrerue-avant-la-plaque.jpg\"><img loading=\"lazy\" decoding=\"async\" class=\"size-medium wp-image-773\" src=\"http:\/\/www.lesouvenirfrancais-saintchinian.fr\/wp-content\/uploads\/2016\/11\/Pierrerue-avant-la-plaque-300x168.jpg\" alt=\"Monument de Pierrerue avant la pose de la plaque\" width=\"300\" height=\"168\" srcset=\"https:\/\/www.lesouvenirfrancais-saintchinian.fr\/wp-content\/uploads\/2016\/11\/Pierrerue-avant-la-plaque-300x168.jpg 300w, https:\/\/www.lesouvenirfrancais-saintchinian.fr\/wp-content\/uploads\/2016\/11\/Pierrerue-avant-la-plaque-1024x575.jpg 1024w, https:\/\/www.lesouvenirfrancais-saintchinian.fr\/wp-content\/uploads\/2016\/11\/Pierrerue-avant-la-plaque-600x337.jpg 600w, https:\/\/www.lesouvenirfrancais-saintchinian.fr\/wp-content\/uploads\/2016\/11\/Pierrerue-avant-la-plaque.jpg 1575w\" sizes=\"auto, (max-width: 300px) 100vw, 300px\" \/><\/a><figcaption id=\"caption-attachment-773\" class=\"wp-caption-text\">Monument de Pierrerue avant la pose de la plaque<\/figcaption><\/figure>\n<figure id=\"attachment_772\" aria-describedby=\"caption-attachment-772\" style=\"width: 300px\" class=\"wp-caption aligncenter\"><a href=\"http:\/\/www.lesouvenirfrancais-saintchinian.fr\/wp-content\/uploads\/2016\/11\/Pierrerue-apr\u00e8s-la-plaque.jpg\"><img loading=\"lazy\" decoding=\"async\" class=\"size-medium wp-image-772\" src=\"http:\/\/www.lesouvenirfrancais-saintchinian.fr\/wp-content\/uploads\/2016\/11\/Pierrerue-apr\u00e8s-la-plaque-300x168.jpg\" alt=\"Monument de Pierrerue apr\u00e8s la pose de la plaque\" width=\"300\" height=\"168\" srcset=\"https:\/\/www.lesouvenirfrancais-saintchinian.fr\/wp-content\/uploads\/2016\/11\/Pierrerue-apr\u00e8s-la-plaque-300x168.jpg 300w, https:\/\/www.lesouvenirfrancais-saintchinian.fr\/wp-content\/uploads\/2016\/11\/Pierrerue-apr\u00e8s-la-plaque-1024x575.jpg 1024w, https:\/\/www.lesouvenirfrancais-saintchinian.fr\/wp-content\/uploads\/2016\/11\/Pierrerue-apr\u00e8s-la-plaque-600x337.jpg 600w, https:\/\/www.lesouvenirfrancais-saintchinian.fr\/wp-content\/uploads\/2016\/11\/Pierrerue-apr\u00e8s-la-plaque.jpg 1575w\" sizes=\"auto, (max-width: 300px) 100vw, 300px\" \/><\/a><figcaption id=\"caption-attachment-772\" class=\"wp-caption-text\">Monument de Pierrerue apr\u00e8s la pose de la plaque<\/figcaption><\/figure>\n<p>Quelques raccords d&rsquo;enduit on \u00e9t\u00e9 n\u00e9cessaires ainsi qu&rsquo;un nettoyage partiel de la colonne.<\/p>\n<figure id=\"attachment_774\" aria-describedby=\"caption-attachment-774\" style=\"width: 300px\" class=\"wp-caption alignnone\"><a href=\"http:\/\/www.lesouvenirfrancais-saintchinian.fr\/wp-content\/uploads\/2016\/11\/Pierrerue.jpg\"><img loading=\"lazy\" decoding=\"async\" class=\"size-medium wp-image-774\" src=\"http:\/\/www.lesouvenirfrancais-saintchinian.fr\/wp-content\/uploads\/2016\/11\/Pierrerue-300x168.jpg\" alt=\"L'\u00e9quipe devant le monument de Pierrerue\" width=\"300\" height=\"168\" srcset=\"https:\/\/www.lesouvenirfrancais-saintchinian.fr\/wp-content\/uploads\/2016\/11\/Pierrerue-300x168.jpg 300w, https:\/\/www.lesouvenirfrancais-saintchinian.fr\/wp-content\/uploads\/2016\/11\/Pierrerue-1024x575.jpg 1024w, https:\/\/www.lesouvenirfrancais-saintchinian.fr\/wp-content\/uploads\/2016\/11\/Pierrerue-600x337.jpg 600w, https:\/\/www.lesouvenirfrancais-saintchinian.fr\/wp-content\/uploads\/2016\/11\/Pierrerue.jpg 1575w\" sizes=\"auto, (max-width: 300px) 100vw, 300px\" \/><\/a><figcaption id=\"caption-attachment-774\" class=\"wp-caption-text\">L&rsquo;\u00e9quipe devant le monument de Pierrerue<\/figcaption><\/figure>\n<p>A Saint-Chinian, le monument a \u00e9t\u00e9 nettoy\u00e9 ainsi que les croix, et le maximum de petites branches de cypr\u00e8s retir\u00e9es, mais cela reste d\u00e9licat.<\/p>\n<figure id=\"attachment_775\" aria-describedby=\"caption-attachment-775\" style=\"width: 300px\" class=\"wp-caption alignnone\"><a href=\"http:\/\/www.lesouvenirfrancais-saintchinian.fr\/wp-content\/uploads\/2016\/11\/Saint-Chinian.jpg\"><img loading=\"lazy\" decoding=\"async\" class=\"size-medium wp-image-775\" src=\"http:\/\/www.lesouvenirfrancais-saintchinian.fr\/wp-content\/uploads\/2016\/11\/Saint-Chinian-300x168.jpg\" alt=\"L'\u00e9quipe devant le monument de Saint-Chinian\" width=\"300\" height=\"168\" srcset=\"https:\/\/www.lesouvenirfrancais-saintchinian.fr\/wp-content\/uploads\/2016\/11\/Saint-Chinian-300x168.jpg 300w, https:\/\/www.lesouvenirfrancais-saintchinian.fr\/wp-content\/uploads\/2016\/11\/Saint-Chinian-1024x575.jpg 1024w, https:\/\/www.lesouvenirfrancais-saintchinian.fr\/wp-content\/uploads\/2016\/11\/Saint-Chinian-600x337.jpg 600w, https:\/\/www.lesouvenirfrancais-saintchinian.fr\/wp-content\/uploads\/2016\/11\/Saint-Chinian.jpg 1575w\" sizes=\"auto, (max-width: 300px) 100vw, 300px\" \/><\/a><figcaption id=\"caption-attachment-775\" class=\"wp-caption-text\">L&rsquo;\u00e9quipe devant le monument de Saint-Chinian<\/figcaption><\/figure>\n<p>Nous avons termin\u00e9 par Babeau o\u00f9 nous avons ex\u00e9cut\u00e9 la m\u00eame mission.<\/p>\n<p style=\"text-align: center;\"><a href=\"http:\/\/www.lesouvenirfrancais-saintchinian.fr\/wp-content\/uploads\/2016\/11\/Babeau-Bouldoux.jpg\"><img loading=\"lazy\" decoding=\"async\" class=\"aligncenter size-medium wp-image-771\" src=\"http:\/\/www.lesouvenirfrancais-saintchinian.fr\/wp-content\/uploads\/2016\/11\/Babeau-Bouldoux-300x168.jpg\" alt=\"babeau-bouldoux\" width=\"300\" height=\"168\" srcset=\"https:\/\/www.lesouvenirfrancais-saintchinian.fr\/wp-content\/uploads\/2016\/11\/Babeau-Bouldoux-300x168.jpg 300w, https:\/\/www.lesouvenirfrancais-saintchinian.fr\/wp-content\/uploads\/2016\/11\/Babeau-Bouldoux-1024x575.jpg 1024w, https:\/\/www.lesouvenirfrancais-saintchinian.fr\/wp-content\/uploads\/2016\/11\/Babeau-Bouldoux-600x337.jpg 600w, https:\/\/www.lesouvenirfrancais-saintchinian.fr\/wp-content\/uploads\/2016\/11\/Babeau-Bouldoux.jpg 1575w\" sizes=\"auto, (max-width: 300px) 100vw, 300px\" \/><\/a><\/p>\n<p>Le maire, J\u00e9r\u00f4me Roger \u00e0 mis \u00e0 notre disposition l&rsquo;ancienne salle des f\u00eates afin que nous puissions y d\u00e9jeuner \u00e0 l\u2019abri.<\/p>\n<p>Merci \u00e0 tous pour cette matin\u00e9e qui pr\u00e9pare avec soin les c\u00e9r\u00e9monies du 11 novembre 2016 , \u00e0 savoir\u00a0:<\/p>\n<p>Pour St Chinian\u00a0: 9h15 au jardin de la mairie et cort\u00e8ge jusqu&rsquo;au cimeti\u00e8re<\/p>\n<p>Pour Pierrerue\u00a0: 11h00 au cimeti\u00e8re.<\/p>\n<p>Pour Babeau-Bouldoux\u00a0: 11h45 au monument aux morts<\/p>\n<p>Ne pas oublier le samedi 12 et dimanche 13 novembre l\u2019exposition de notre comit\u00e9 \u00e0 l&rsquo;Abbatiale de 9h00 \u00e0 18h00 intitul\u00e9e\u00a0: Lenga de gu\u00e8rra mise \u00e0 notre disposition par Lo Cirdoc de B\u00e9ziers avec pour le samedi \u00e0 17h00 la venue de la Burla Canta de Cessenon\u00a0: d\u00e9tails en cliquant sur le lien\u00a0 plus bas.<\/p>\n<p>Philippe Godia<\/p>\n<p>Vice-pr\u00e9sident<\/p>\n<p style=\"text-align: center;\"><a href=\"http:\/\/www.lesouvenirfrancais-saintchinian.fr\/wp-content\/uploads\/2016\/11\/EXPOSITION-SAMEDI-12-ET-DIMANCHE-13-NOVEMBRE-2016.pdf\">exposition-samedi-12-et-dimanche-13-novembre-2016<\/a><\/p>\n","protected":false},"excerpt":{"rendered":"<p>Nous avons r\u00e9nov\u00e9 les carr\u00e9s militaires et monuments aux morts de Saint-Chinian, Pierrerue et Babeau-Bouldoux respectivement en 2014, 2015 et 2016. Notre mission ne s\u2019arr\u00eate pas \u00e0 la r\u00e9novation mais se poursuit avec l\u2019entretient afin que ces monuments restent toujours &#8230; <a class=\"more-link\" href=\"https:\/\/www.lesouvenirfrancais-saintchinian.fr\/?p=770\">Read More &raquo;<\/a><\/p>\n","protected":false},"author":321,"featured_media":0,"comment_status":"open","ping_status":"open","sticky":false,"template":"","format":"standard","meta":{"footnotes":""},"categories":[3],"tags":[],"class_list":["post-770","post","type-post","status-publish","format-standard","hentry","category-manifestations-et-actions"],"_links":{"self":[{"href":"https:\/\/www.lesouvenirfrancais-saintchinian.fr\/index.php?rest_route=\/wp\/v2\/posts\/770","targetHints":{"allow":["GET"]}}],"collection":[{"href":"https:\/\/www.lesouvenirfrancais-saintchinian.fr\/index.php?rest_route=\/wp\/v2\/posts"}],"about":[{"href":"https:\/\/www.lesouvenirfrancais-saintchinian.fr\/index.php?rest_route=\/wp\/v2\/types\/post"}],"author":[{"embeddable":true,"href":"https:\/\/www.lesouvenirfrancais-saintchinian.fr\/index.php?rest_route=\/wp\/v2\/users\/321"}],"replies":[{"embeddable":true,"href":"https:\/\/www.lesouvenirfrancais-saintchinian.fr\/index.php?rest_route=%2Fwp%2Fv2%2Fcomments&post=770"}],"version-history":[{"count":3,"href":"https:\/\/www.lesouvenirfrancais-saintchinian.fr\/index.php?rest_route=\/wp\/v2\/posts\/770\/revisions"}],"predecessor-version":[{"id":779,"href":"https:\/\/www.lesouvenirfrancais-saintchinian.fr\/index.php?rest_route=\/wp\/v2\/posts\/770\/revisions\/779"}],"wp:attachment":[{"href":"https:\/\/www.lesouvenirfrancais-saintchinian.fr\/index.php?rest_route=%2Fwp%2Fv2%2Fmedia&parent=770"}],"wp:term":[{"taxonomy":"category","embeddable":true,"href":"https:\/\/www.lesouvenirfrancais-saintchinian.fr\/index.php?rest_route=%2Fwp%2Fv2%2Fcategories&post=770"},{"taxonomy":"post_tag","embeddable":true,"href":"https:\/\/www.lesouvenirfrancais-saintchinian.fr\/index.php?rest_route=%2Fwp%2Fv2%2Ftags&post=770"}],"curies":[{"name":"wp","href":"https:\/\/api.w.org\/{rel}","templated":true}]}}