{"id":781,"date":"2016-11-16T18:18:29","date_gmt":"2016-11-16T17:18:29","guid":{"rendered":"http:\/\/www.lesouvenirfrancais-saintchinian.fr\/?p=781"},"modified":"2016-11-16T18:19:03","modified_gmt":"2016-11-16T17:19:03","slug":"ceremonies-du-11-novembre-2016","status":"publish","type":"post","link":"https:\/\/www.lesouvenirfrancais-saintchinian.fr\/?p=781","title":{"rendered":"C\u00e9r\u00e9monies du 11 novembre 2016"},"content":{"rendered":"<figure id=\"attachment_785\" aria-describedby=\"caption-attachment-785\" style=\"width: 300px\" class=\"wp-caption aligncenter\"><a href=\"http:\/\/www.lesouvenirfrancais-saintchinian.fr\/wp-content\/uploads\/2016\/11\/11-novembre-2016-4.jpg\"><img loading=\"lazy\" decoding=\"async\" class=\"size-medium wp-image-785\" src=\"http:\/\/www.lesouvenirfrancais-saintchinian.fr\/wp-content\/uploads\/2016\/11\/11-novembre-2016-4-300x168.jpg\" alt=\"11 novembre St Chinian\" width=\"300\" height=\"168\" srcset=\"https:\/\/www.lesouvenirfrancais-saintchinian.fr\/wp-content\/uploads\/2016\/11\/11-novembre-2016-4-300x168.jpg 300w, https:\/\/www.lesouvenirfrancais-saintchinian.fr\/wp-content\/uploads\/2016\/11\/11-novembre-2016-4-1024x575.jpg 1024w, https:\/\/www.lesouvenirfrancais-saintchinian.fr\/wp-content\/uploads\/2016\/11\/11-novembre-2016-4-600x337.jpg 600w, https:\/\/www.lesouvenirfrancais-saintchinian.fr\/wp-content\/uploads\/2016\/11\/11-novembre-2016-4.jpg 1575w\" sizes=\"auto, (max-width: 300px) 100vw, 300px\" \/><\/a><figcaption id=\"caption-attachment-785\" class=\"wp-caption-text\">11 novembre St Chinian<\/figcaption><\/figure>\n<figure id=\"attachment_794\" aria-describedby=\"caption-attachment-794\" style=\"width: 300px\" class=\"wp-caption aligncenter\"><a href=\"http:\/\/www.lesouvenirfrancais-saintchinian.fr\/wp-content\/uploads\/2016\/11\/11-nov-bis-1.jpg\"><img loading=\"lazy\" decoding=\"async\" class=\"wp-image-794 size-medium\" src=\"http:\/\/www.lesouvenirfrancais-saintchinian.fr\/wp-content\/uploads\/2016\/11\/11-nov-bis-1-300x168.jpg\" alt=\"11-nov-bis-1\" width=\"300\" height=\"168\" srcset=\"https:\/\/www.lesouvenirfrancais-saintchinian.fr\/wp-content\/uploads\/2016\/11\/11-nov-bis-1-300x168.jpg 300w, https:\/\/www.lesouvenirfrancais-saintchinian.fr\/wp-content\/uploads\/2016\/11\/11-nov-bis-1-1024x575.jpg 1024w, https:\/\/www.lesouvenirfrancais-saintchinian.fr\/wp-content\/uploads\/2016\/11\/11-nov-bis-1-600x337.jpg 600w, https:\/\/www.lesouvenirfrancais-saintchinian.fr\/wp-content\/uploads\/2016\/11\/11-nov-bis-1.jpg 1575w\" sizes=\"auto, (max-width: 300px) 100vw, 300px\" \/><\/a><figcaption id=\"caption-attachment-794\" class=\"wp-caption-text\">11 novembre St Chinian<\/figcaption><\/figure>\n<p>Rendez-vous \u00e9tait donn\u00e9 \u00e0 9h15 \u00e0 Saint-Chinian devant le monument aux morts du jardin de la mairie. L&rsquo;assistance \u00e9tait nombreuse et l&rsquo;on a pu compter un drapeau de plus, celui de nos amis britanniques.<\/p>\n<figure id=\"attachment_784\" aria-describedby=\"caption-attachment-784\" style=\"width: 300px\" class=\"wp-caption aligncenter\"><a href=\"http:\/\/www.lesouvenirfrancais-saintchinian.fr\/wp-content\/uploads\/2016\/11\/11-novembre-2016-3.jpg\"><img loading=\"lazy\" decoding=\"async\" class=\"size-medium wp-image-784\" src=\"http:\/\/www.lesouvenirfrancais-saintchinian.fr\/wp-content\/uploads\/2016\/11\/11-novembre-2016-3-300x168.jpg\" alt=\"11 novembre St Chinian\" width=\"300\" height=\"168\" srcset=\"https:\/\/www.lesouvenirfrancais-saintchinian.fr\/wp-content\/uploads\/2016\/11\/11-novembre-2016-3-300x168.jpg 300w, https:\/\/www.lesouvenirfrancais-saintchinian.fr\/wp-content\/uploads\/2016\/11\/11-novembre-2016-3-1024x575.jpg 1024w, https:\/\/www.lesouvenirfrancais-saintchinian.fr\/wp-content\/uploads\/2016\/11\/11-novembre-2016-3-600x337.jpg 600w, https:\/\/www.lesouvenirfrancais-saintchinian.fr\/wp-content\/uploads\/2016\/11\/11-novembre-2016-3.jpg 1575w\" sizes=\"auto, (max-width: 300px) 100vw, 300px\" \/><\/a><figcaption id=\"caption-attachment-784\" class=\"wp-caption-text\">11 novembre St Chinian<\/figcaption><\/figure>\n<figure id=\"attachment_795\" aria-describedby=\"caption-attachment-795\" style=\"width: 300px\" class=\"wp-caption aligncenter\"><a href=\"http:\/\/www.lesouvenirfrancais-saintchinian.fr\/wp-content\/uploads\/2016\/11\/11-nov-bis-2.jpg\"><img loading=\"lazy\" decoding=\"async\" class=\"size-medium wp-image-795\" src=\"http:\/\/www.lesouvenirfrancais-saintchinian.fr\/wp-content\/uploads\/2016\/11\/11-nov-bis-2-300x168.jpg\" alt=\"11 novembre St Chinian\" width=\"300\" height=\"168\" srcset=\"https:\/\/www.lesouvenirfrancais-saintchinian.fr\/wp-content\/uploads\/2016\/11\/11-nov-bis-2-300x168.jpg 300w, https:\/\/www.lesouvenirfrancais-saintchinian.fr\/wp-content\/uploads\/2016\/11\/11-nov-bis-2-1024x575.jpg 1024w, https:\/\/www.lesouvenirfrancais-saintchinian.fr\/wp-content\/uploads\/2016\/11\/11-nov-bis-2-600x337.jpg 600w, https:\/\/www.lesouvenirfrancais-saintchinian.fr\/wp-content\/uploads\/2016\/11\/11-nov-bis-2.jpg 1575w\" sizes=\"auto, (max-width: 300px) 100vw, 300px\" \/><\/a><figcaption id=\"caption-attachment-795\" class=\"wp-caption-text\">11 novembre St Chinian<\/figcaption><\/figure>\n<p>&nbsp;<\/p>\n<p>Monsieur le Maire a d\u00e9pos\u00e9 une gerbe et prononc\u00e9 un discours.<\/p>\n<p>Le cort\u00e8ge s&rsquo;est form\u00e9 et s&rsquo;est d\u00e9plac\u00e9 au carr\u00e9 militaire, r\u00e9nov\u00e9 par le comit\u00e9, situ\u00e9 dans le cimeti\u00e8re de St Chinian.<\/p>\n<figure id=\"attachment_783\" aria-describedby=\"caption-attachment-783\" style=\"width: 300px\" class=\"wp-caption aligncenter\"><a href=\"http:\/\/www.lesouvenirfrancais-saintchinian.fr\/wp-content\/uploads\/2016\/11\/11-novembre-2016-2.jpg\"><img loading=\"lazy\" decoding=\"async\" class=\"size-medium wp-image-783\" src=\"http:\/\/www.lesouvenirfrancais-saintchinian.fr\/wp-content\/uploads\/2016\/11\/11-novembre-2016-2-300x168.jpg\" alt=\"11 novembre St Chinian\" width=\"300\" height=\"168\" srcset=\"https:\/\/www.lesouvenirfrancais-saintchinian.fr\/wp-content\/uploads\/2016\/11\/11-novembre-2016-2-300x168.jpg 300w, https:\/\/www.lesouvenirfrancais-saintchinian.fr\/wp-content\/uploads\/2016\/11\/11-novembre-2016-2-1024x575.jpg 1024w, https:\/\/www.lesouvenirfrancais-saintchinian.fr\/wp-content\/uploads\/2016\/11\/11-novembre-2016-2-600x337.jpg 600w, https:\/\/www.lesouvenirfrancais-saintchinian.fr\/wp-content\/uploads\/2016\/11\/11-novembre-2016-2.jpg 1575w\" sizes=\"auto, (max-width: 300px) 100vw, 300px\" \/><\/a><figcaption id=\"caption-attachment-783\" class=\"wp-caption-text\">11 novembre St Chinian<\/figcaption><\/figure>\n<p>Apr\u00e8s le discours de Philippe Godia, Vice-pr\u00e9sident du Souvenir Fran\u00e7ais de St Chinian et celui du Maire, c&rsquo;est le capitaine Gilles qui a conclu les discours.<\/p>\n<p>L&rsquo;appel aux morts a \u00e9t\u00e9 fait par deux lyc\u00e9ennes, \u00e0 savoir Laurie et Mathilde, qui ont \u00e9galement d\u00e9pos\u00e9 une gerbe pour le Souvenir Fran\u00e7ais.<\/p>\n<p>L&rsquo;harmonie St Chinian\/Capestang \u00e9tait pr\u00e9sente \u00e0 St Chinian.<\/p>\n<p>11h00 \u00e0 Pierrerue, au carr\u00e9 militaire, r\u00e9nov\u00e9 par le comit\u00e9, situ\u00e9 dans le cimeti\u00e8re.<\/p>\n<figure id=\"attachment_782\" aria-describedby=\"caption-attachment-782\" style=\"width: 300px\" class=\"wp-caption aligncenter\"><a href=\"http:\/\/www.lesouvenirfrancais-saintchinian.fr\/wp-content\/uploads\/2016\/11\/11-novembre-2016-1.jpg\"><img loading=\"lazy\" decoding=\"async\" class=\"size-medium wp-image-782\" src=\"http:\/\/www.lesouvenirfrancais-saintchinian.fr\/wp-content\/uploads\/2016\/11\/11-novembre-2016-1-300x168.jpg\" alt=\"11 novembre Pierrerue\" width=\"300\" height=\"168\" srcset=\"https:\/\/www.lesouvenirfrancais-saintchinian.fr\/wp-content\/uploads\/2016\/11\/11-novembre-2016-1-300x168.jpg 300w, https:\/\/www.lesouvenirfrancais-saintchinian.fr\/wp-content\/uploads\/2016\/11\/11-novembre-2016-1-1024x575.jpg 1024w, https:\/\/www.lesouvenirfrancais-saintchinian.fr\/wp-content\/uploads\/2016\/11\/11-novembre-2016-1-600x337.jpg 600w, https:\/\/www.lesouvenirfrancais-saintchinian.fr\/wp-content\/uploads\/2016\/11\/11-novembre-2016-1.jpg 1575w\" sizes=\"auto, (max-width: 300px) 100vw, 300px\" \/><\/a><figcaption id=\"caption-attachment-782\" class=\"wp-caption-text\">11 novembre Pierrerue<\/figcaption><\/figure>\n<p>Discours d&rsquo;Eric P\u00e9r\u00e8s, Pr\u00e9sident du Souvenir de St Chinian, puis du capitaine Andr\u00e9 Gilles, et de Pierre Bardy, Maire. Le comit\u00e9 a pr\u00e9sent\u00e9 un marbre \u00e0 l&rsquo;arri\u00e8re du monument qui sert de support aux plaques qui \u00e9taient fix\u00e9es sur les anciennes croix.<\/p>\n<figure id=\"attachment_796\" aria-describedby=\"caption-attachment-796\" style=\"width: 300px\" class=\"wp-caption aligncenter\"><a href=\"http:\/\/www.lesouvenirfrancais-saintchinian.fr\/wp-content\/uploads\/2016\/11\/11-nov-bis-3.jpg\"><img loading=\"lazy\" decoding=\"async\" class=\"size-medium wp-image-796\" src=\"http:\/\/www.lesouvenirfrancais-saintchinian.fr\/wp-content\/uploads\/2016\/11\/11-nov-bis-3-300x168.jpg\" alt=\"11 novembre Pierrerue\" width=\"300\" height=\"168\" srcset=\"https:\/\/www.lesouvenirfrancais-saintchinian.fr\/wp-content\/uploads\/2016\/11\/11-nov-bis-3-300x168.jpg 300w, https:\/\/www.lesouvenirfrancais-saintchinian.fr\/wp-content\/uploads\/2016\/11\/11-nov-bis-3-1024x575.jpg 1024w, https:\/\/www.lesouvenirfrancais-saintchinian.fr\/wp-content\/uploads\/2016\/11\/11-nov-bis-3-600x337.jpg 600w, https:\/\/www.lesouvenirfrancais-saintchinian.fr\/wp-content\/uploads\/2016\/11\/11-nov-bis-3.jpg 1575w\" sizes=\"auto, (max-width: 300px) 100vw, 300px\" \/><\/a><figcaption id=\"caption-attachment-796\" class=\"wp-caption-text\">11 novembre Pierrerue<\/figcaption><\/figure>\n<p>D\u00e9p\u00f4t de gerbe par le Maire pour la commune et par Mathilde pour le Souvenir Fran\u00e7ais qui a \u00e9galement proc\u00e9d\u00e9 \u00e0 l&rsquo;appel aux morts.<\/p>\n<p>Le verre de l&rsquo;amiti\u00e9 \u00e9tait propos\u00e9 par la commune \u00e0 la salle des f\u00eates.<\/p>\n<p>11h00 \u00e9galement \u00e0 C\u00e9bazan, pas facile de jongler, des adh\u00e9rents \u00e9taient pr\u00e9sents au monument aux morts, dont l&rsquo;espace a \u00e9t\u00e9 r\u00e9am\u00e9nag\u00e9.<\/p>\n<p>11h45\u00a0: rendez-vous devant le monument aux morts r\u00e9nov\u00e9 par le comit\u00e9 avec discours d&rsquo;Eric P\u00e9r\u00e8s et de J\u00e9r\u00f4me Roger, le Maire.<\/p>\n<p>D\u00e9p\u00f4t de gerbe par le Maire et par Laurie et Mathilde pour le Souvenir Fran\u00e7ais.<\/p>\n<p>Appel aux morts \u00e9galement par Laurie et Mathilde.<\/p>\n<p>Merci \u00e0 tous nos adh\u00e9rents pr\u00e9sents ainsi qu&rsquo;\u00e0 H\u00e9l\u00e8ne qui a g\u00e9r\u00e9 la sono du comit\u00e9 lors de ces comm\u00e9morations et \u00e0 Jacky notre porte-drapeau.<\/p>\n<p>Le verre de l&rsquo;amiti\u00e9 \u00e9tait propos\u00e9 par la commune \u00e0 la salle des f\u00eates.<\/p>\n<p>Un des points commun de ces c\u00e9r\u00e9monies est que toutes et tous, population, \u00e9lus, pompiers, gendarmes, jeunes, moins jeunes, anciens combattants, porte-drapeaux, adh\u00e9rents \u00e9taient rassembl\u00e9s ensemble afin d&rsquo;honorer le devoir de m\u00e9moire.<\/p>\n<p>Philippe Godia<\/p>\n<p>Vice-pr\u00e9sident<\/p>\n","protected":false},"excerpt":{"rendered":"<p>Rendez-vous \u00e9tait donn\u00e9 \u00e0 9h15 \u00e0 Saint-Chinian devant le monument aux morts du jardin de la mairie. L&rsquo;assistance \u00e9tait nombreuse et l&rsquo;on a pu compter un drapeau de plus, celui de nos amis britanniques. &nbsp; Monsieur le Maire a d\u00e9pos\u00e9 &#8230; <a class=\"more-link\" href=\"https:\/\/www.lesouvenirfrancais-saintchinian.fr\/?p=781\">Read More &raquo;<\/a><\/p>\n","protected":false},"author":321,"featured_media":0,"comment_status":"open","ping_status":"open","sticky":false,"template":"","format":"standard","meta":{"footnotes":""},"categories":[3,1],"tags":[],"class_list":["post-781","post","type-post","status-publish","format-standard","hentry","category-manifestations-et-actions","category-non-classe"],"_links":{"self":[{"href":"https:\/\/www.lesouvenirfrancais-saintchinian.fr\/index.php?rest_route=\/wp\/v2\/posts\/781","targetHints":{"allow":["GET"]}}],"collection":[{"href":"https:\/\/www.lesouvenirfrancais-saintchinian.fr\/index.php?rest_route=\/wp\/v2\/posts"}],"about":[{"href":"https:\/\/www.lesouvenirfrancais-saintchinian.fr\/index.php?rest_route=\/wp\/v2\/types\/post"}],"author":[{"embeddable":true,"href":"https:\/\/www.lesouvenirfrancais-saintchinian.fr\/index.php?rest_route=\/wp\/v2\/users\/321"}],"replies":[{"embeddable":true,"href":"https:\/\/www.lesouvenirfrancais-saintchinian.fr\/index.php?rest_route=%2Fwp%2Fv2%2Fcomments&post=781"}],"version-history":[{"count":1,"href":"https:\/\/www.lesouvenirfrancais-saintchinian.fr\/index.php?rest_route=\/wp\/v2\/posts\/781\/revisions"}],"predecessor-version":[{"id":797,"href":"https:\/\/www.lesouvenirfrancais-saintchinian.fr\/index.php?rest_route=\/wp\/v2\/posts\/781\/revisions\/797"}],"wp:attachment":[{"href":"https:\/\/www.lesouvenirfrancais-saintchinian.fr\/index.php?rest_route=%2Fwp%2Fv2%2Fmedia&parent=781"}],"wp:term":[{"taxonomy":"category","embeddable":true,"href":"https:\/\/www.lesouvenirfrancais-saintchinian.fr\/index.php?rest_route=%2Fwp%2Fv2%2Fcategories&post=781"},{"taxonomy":"post_tag","embeddable":true,"href":"https:\/\/www.lesouvenirfrancais-saintchinian.fr\/index.php?rest_route=%2Fwp%2Fv2%2Ftags&post=781"}],"curies":[{"name":"wp","href":"https:\/\/api.w.org\/{rel}","templated":true}]}}