{"id":799,"date":"2016-11-16T18:30:39","date_gmt":"2016-11-16T17:30:39","guid":{"rendered":"http:\/\/www.lesouvenirfrancais-saintchinian.fr\/?p=799"},"modified":"2016-11-16T18:30:39","modified_gmt":"2016-11-16T17:30:39","slug":"exposition-lenga-de-guerra-a-saint-chinian","status":"publish","type":"post","link":"https:\/\/www.lesouvenirfrancais-saintchinian.fr\/?p=799","title":{"rendered":"Exposition Lenga de Gu\u00e8rra \u00e0 Saint-Chinian"},"content":{"rendered":"<figure id=\"attachment_800\" aria-describedby=\"caption-attachment-800\" style=\"width: 300px\" class=\"wp-caption aligncenter\"><a href=\"http:\/\/www.lesouvenirfrancais-saintchinian.fr\/wp-content\/uploads\/2016\/11\/Exposition-Lenga-de-Gu\u00e8rra.jpg\"><img loading=\"lazy\" decoding=\"async\" class=\"size-medium wp-image-800\" src=\"http:\/\/www.lesouvenirfrancais-saintchinian.fr\/wp-content\/uploads\/2016\/11\/Exposition-Lenga-de-Gu\u00e8rra-300x168.jpg\" alt=\"Exposition Lenga de Gu\u00e8rra \u00e0 St Chinian les 12 et 13 novembre 2016\" width=\"300\" height=\"168\" srcset=\"https:\/\/www.lesouvenirfrancais-saintchinian.fr\/wp-content\/uploads\/2016\/11\/Exposition-Lenga-de-Gu\u00e8rra-300x168.jpg 300w, https:\/\/www.lesouvenirfrancais-saintchinian.fr\/wp-content\/uploads\/2016\/11\/Exposition-Lenga-de-Gu\u00e8rra-1024x575.jpg 1024w, https:\/\/www.lesouvenirfrancais-saintchinian.fr\/wp-content\/uploads\/2016\/11\/Exposition-Lenga-de-Gu\u00e8rra-600x337.jpg 600w, https:\/\/www.lesouvenirfrancais-saintchinian.fr\/wp-content\/uploads\/2016\/11\/Exposition-Lenga-de-Gu\u00e8rra.jpg 1575w\" sizes=\"auto, (max-width: 300px) 100vw, 300px\" \/><\/a><figcaption id=\"caption-attachment-800\" class=\"wp-caption-text\">Exposition Lenga de Gu\u00e8rra \u00e0 St Chinian les 12 et 13 novembre 2016<\/figcaption><\/figure>\n<p>&nbsp;<\/p>\n<figure id=\"attachment_786\" aria-describedby=\"caption-attachment-786\" style=\"width: 300px\" class=\"wp-caption aligncenter\"><a href=\"http:\/\/www.lesouvenirfrancais-saintchinian.fr\/wp-content\/uploads\/2016\/11\/Expo-SF-St-Chinian-Lenga-de-guerra-1-Copier.jpg\"><img loading=\"lazy\" decoding=\"async\" class=\"size-medium wp-image-786\" src=\"http:\/\/www.lesouvenirfrancais-saintchinian.fr\/wp-content\/uploads\/2016\/11\/Expo-SF-St-Chinian-Lenga-de-guerra-1-Copier-300x168.jpg\" alt=\"Exposition Lenga de Gu\u00e8rra \u00e0 St Chinian les 12 et 13 novembre 2016\" width=\"300\" height=\"168\" srcset=\"https:\/\/www.lesouvenirfrancais-saintchinian.fr\/wp-content\/uploads\/2016\/11\/Expo-SF-St-Chinian-Lenga-de-guerra-1-Copier-300x168.jpg 300w, https:\/\/www.lesouvenirfrancais-saintchinian.fr\/wp-content\/uploads\/2016\/11\/Expo-SF-St-Chinian-Lenga-de-guerra-1-Copier-1024x575.jpg 1024w, https:\/\/www.lesouvenirfrancais-saintchinian.fr\/wp-content\/uploads\/2016\/11\/Expo-SF-St-Chinian-Lenga-de-guerra-1-Copier-600x337.jpg 600w, https:\/\/www.lesouvenirfrancais-saintchinian.fr\/wp-content\/uploads\/2016\/11\/Expo-SF-St-Chinian-Lenga-de-guerra-1-Copier.jpg 1575w\" sizes=\"auto, (max-width: 300px) 100vw, 300px\" \/><\/a><figcaption id=\"caption-attachment-786\" class=\"wp-caption-text\">Exposition Lenga de Gu\u00e8rra \u00e0 St Chinian les 12 et 13 novembre 2016<\/figcaption><\/figure>\n<p>Le Cird\u00f2c-Mediat\u00e8ca occitana de B\u00e9ziers avait mis \u00e0 disposition du Souvenir Fran\u00e7ais de Saint-Chinian et de ses environs une tr\u00e8s belle exposition intitul\u00e9e \u00ab\u00a0Lenga de Gu\u00e8rra\u00a0\u00bb compos\u00e9e de 20 panneaux.Le ton \u00e9tait donn\u00e9 d\u00e9s l&rsquo;entr\u00e9e de l&rsquo;abbatiale dans laquelle des drapeaux alli\u00e9s et occitan\u00a0\u00e9taient pr\u00e9sent\u00e9s.<\/p>\n<figure id=\"attachment_788\" aria-describedby=\"caption-attachment-788\" style=\"width: 300px\" class=\"wp-caption aligncenter\"><a href=\"http:\/\/www.lesouvenirfrancais-saintchinian.fr\/wp-content\/uploads\/2016\/11\/Expo-SF-St-Chinian-Lenga-de-guerra-2-Copier.jpg\"><img loading=\"lazy\" decoding=\"async\" class=\"wp-image-788 size-medium\" src=\"http:\/\/www.lesouvenirfrancais-saintchinian.fr\/wp-content\/uploads\/2016\/11\/Expo-SF-St-Chinian-Lenga-de-guerra-2-Copier-300x168.jpg\" alt=\"expo-sf-st-chinian-lenga-de-guerra-2-copier\" width=\"300\" height=\"168\" srcset=\"https:\/\/www.lesouvenirfrancais-saintchinian.fr\/wp-content\/uploads\/2016\/11\/Expo-SF-St-Chinian-Lenga-de-guerra-2-Copier-300x168.jpg 300w, https:\/\/www.lesouvenirfrancais-saintchinian.fr\/wp-content\/uploads\/2016\/11\/Expo-SF-St-Chinian-Lenga-de-guerra-2-Copier-1024x575.jpg 1024w, https:\/\/www.lesouvenirfrancais-saintchinian.fr\/wp-content\/uploads\/2016\/11\/Expo-SF-St-Chinian-Lenga-de-guerra-2-Copier-600x337.jpg 600w, https:\/\/www.lesouvenirfrancais-saintchinian.fr\/wp-content\/uploads\/2016\/11\/Expo-SF-St-Chinian-Lenga-de-guerra-2-Copier.jpg 1575w\" sizes=\"auto, (max-width: 300px) 100vw, 300px\" \/><\/a><figcaption id=\"caption-attachment-788\" class=\"wp-caption-text\">Exposition Lenga de Gu\u00e8rra \u00e0 St Chinian les 12 et 13 novembre 2016<\/figcaption><\/figure>\n<p>Le th\u00e8me abord\u00e9 \u00e9tait les langues r\u00e9gionales et particuli\u00e8rement l&rsquo;Occitan durant la premi\u00e8re guerre mondiale. Cette exposition a attir\u00e9 beaucoup de visiteurs samedi 12 et dimanche 13 novembre qui ont pu avec beaucoup d&rsquo;int\u00e9r\u00eat et d\u00a0&lsquo;\u00e9motion se replonger dans la langue occitane, et pour les autres une traduction figurait sur les panneaux\u00a0: caricatures, litt\u00e9rature, f\u00e9libre, lettres de poilus, enseignement, propagande, tranch\u00e9es et bien d&rsquo;autres th\u00e8mes \u00e9taient abord\u00e9s.<\/p>\n<p>Derri\u00e8re l&rsquo;image officielle de l&rsquo;union sacr\u00e9e, la France qui entre en guerre en 1914 est en r\u00e9alit\u00e9 un pays plurilingue et multiculturel.<\/p>\n<p>Les visiteurs ont pu \u00e9changer entre eux et le comit\u00e9 de St Chinian des souvenirs, des anecdotes, et de futures id\u00e9es de manifestations pour conserver la m\u00e9moire de nos soldats morts pour la France. Des familles, des amis perdus de vue se sont retrouv\u00e9s sur place et ont convenu que cette manifestation \u00e9tait r\u00e9ellement bien construite et avait nul doute fait preuve d&rsquo;un long travail de recherche.<\/p>\n<p>Le point d&rsquo;orgue du week-end a \u00e9t\u00e9 le samedi \u00e0 17h00 o\u00f9 la chorale \u00ab\u00a0La Burla Canta\u00a0\u00bb de Cessenon-sur-Orb est venue r\u00e9galer de ses chants occitans les 80 personnes pr\u00e9sentes.<\/p>\n<figure id=\"attachment_790\" aria-describedby=\"caption-attachment-790\" style=\"width: 300px\" class=\"wp-caption aligncenter\"><a href=\"http:\/\/www.lesouvenirfrancais-saintchinian.fr\/wp-content\/uploads\/2016\/11\/Expo-SF-St-Chinian-Lenga-de-guerra-3-Copier.jpg\"><img loading=\"lazy\" decoding=\"async\" class=\"size-medium wp-image-790\" src=\"http:\/\/www.lesouvenirfrancais-saintchinian.fr\/wp-content\/uploads\/2016\/11\/Expo-SF-St-Chinian-Lenga-de-guerra-3-Copier-300x168.jpg\" alt=\"Exposition Lenga de Gu\u00e8rra \u00e0 St Chinian les 12 et 13 novembre 2016\" width=\"300\" height=\"168\" srcset=\"https:\/\/www.lesouvenirfrancais-saintchinian.fr\/wp-content\/uploads\/2016\/11\/Expo-SF-St-Chinian-Lenga-de-guerra-3-Copier-300x168.jpg 300w, https:\/\/www.lesouvenirfrancais-saintchinian.fr\/wp-content\/uploads\/2016\/11\/Expo-SF-St-Chinian-Lenga-de-guerra-3-Copier-1024x575.jpg 1024w, https:\/\/www.lesouvenirfrancais-saintchinian.fr\/wp-content\/uploads\/2016\/11\/Expo-SF-St-Chinian-Lenga-de-guerra-3-Copier-600x337.jpg 600w, https:\/\/www.lesouvenirfrancais-saintchinian.fr\/wp-content\/uploads\/2016\/11\/Expo-SF-St-Chinian-Lenga-de-guerra-3-Copier.jpg 1575w\" sizes=\"auto, (max-width: 300px) 100vw, 300px\" \/><\/a><figcaption id=\"caption-attachment-790\" class=\"wp-caption-text\">Exposition Lenga de Gu\u00e8rra \u00e0 St Chinian les 12 et 13 novembre 2016<\/figcaption><\/figure>\n<p>Cette repr\u00e9sentation a combl\u00e9 l&rsquo;assistance car elle s&rsquo;int\u00e9grait \u00e0 merveille dans le th\u00e8me de l&rsquo;exposition.<\/p>\n<p>Pour conclure, l&rsquo;intervention de Guy Milhet de Saint Victor, arri\u00e8re-petit-fils du G\u00e9n\u00e9ral de Castelnau, un des d\u00e9fenseurs de Verdun et commandant de la 2eme arm\u00e9e incluant le XVI\u00e8me corps compos\u00e9 de soldats Languedociens, a permis de mettre \u00e0 l\u2019honneur le r\u00f4le de ces soldats et leur bravoure au combat. Tout comme la chorale il fut chaudement applaudi.<\/p>\n<figure id=\"attachment_792\" aria-describedby=\"caption-attachment-792\" style=\"width: 300px\" class=\"wp-caption aligncenter\"><a href=\"http:\/\/www.lesouvenirfrancais-saintchinian.fr\/wp-content\/uploads\/2016\/11\/Expo-SF-St-Chinian-Lenga-de-guerra-4-Copier.jpg\"><img loading=\"lazy\" decoding=\"async\" class=\"size-medium wp-image-792\" src=\"http:\/\/www.lesouvenirfrancais-saintchinian.fr\/wp-content\/uploads\/2016\/11\/Expo-SF-St-Chinian-Lenga-de-guerra-4-Copier-300x168.jpg\" alt=\"Exposition Lenga de Gu\u00e8rra \u00e0 St Chinian les 12 et 13 novembre 2016\" width=\"300\" height=\"168\" srcset=\"https:\/\/www.lesouvenirfrancais-saintchinian.fr\/wp-content\/uploads\/2016\/11\/Expo-SF-St-Chinian-Lenga-de-guerra-4-Copier-300x168.jpg 300w, https:\/\/www.lesouvenirfrancais-saintchinian.fr\/wp-content\/uploads\/2016\/11\/Expo-SF-St-Chinian-Lenga-de-guerra-4-Copier-1024x575.jpg 1024w, https:\/\/www.lesouvenirfrancais-saintchinian.fr\/wp-content\/uploads\/2016\/11\/Expo-SF-St-Chinian-Lenga-de-guerra-4-Copier-600x337.jpg 600w, https:\/\/www.lesouvenirfrancais-saintchinian.fr\/wp-content\/uploads\/2016\/11\/Expo-SF-St-Chinian-Lenga-de-guerra-4-Copier.jpg 1575w\" sizes=\"auto, (max-width: 300px) 100vw, 300px\" \/><\/a><figcaption id=\"caption-attachment-792\" class=\"wp-caption-text\">Exposition Lenga de Gu\u00e8rra \u00e0 St Chinian les 12 et 13 novembre 2016<\/figcaption><\/figure>\n<p>La journ\u00e9e s&rsquo;est termin\u00e9e par un ap\u00e9ritif d\u00eenatoire ou chacune et chacun a pu prolonger au gr\u00e9 des conversations ces moments riches d&rsquo;enseignements.<\/p>\n<p>Merci \u00e0 toutes et \u00e0 tous pour votre engagement\u00a0lors de ces deux journ\u00e9es<\/p>\n<p>D&rsquo;autres expositions pour novembre 2017 sont d\u00e9j\u00e0 pr\u00e9vus par le comit\u00e9 du Souvenir Fran\u00e7ais et de ses environs.<\/p>\n<p>Philippe Godia<\/p>\n<p>Vice-pr\u00e9sident<\/p>\n","protected":false},"excerpt":{"rendered":"<p>&nbsp; Le Cird\u00f2c-Mediat\u00e8ca occitana de B\u00e9ziers avait mis \u00e0 disposition du Souvenir Fran\u00e7ais de Saint-Chinian et de ses environs une tr\u00e8s belle exposition intitul\u00e9e \u00ab\u00a0Lenga de Gu\u00e8rra\u00a0\u00bb compos\u00e9e de 20 panneaux.Le ton \u00e9tait donn\u00e9 d\u00e9s l&rsquo;entr\u00e9e de l&rsquo;abbatiale dans laquelle &#8230; <a class=\"more-link\" href=\"https:\/\/www.lesouvenirfrancais-saintchinian.fr\/?p=799\">Read More &raquo;<\/a><\/p>\n","protected":false},"author":321,"featured_media":0,"comment_status":"open","ping_status":"open","sticky":false,"template":"","format":"standard","meta":{"footnotes":""},"categories":[1],"tags":[],"class_list":["post-799","post","type-post","status-publish","format-standard","hentry","category-non-classe"],"_links":{"self":[{"href":"https:\/\/www.lesouvenirfrancais-saintchinian.fr\/index.php?rest_route=\/wp\/v2\/posts\/799","targetHints":{"allow":["GET"]}}],"collection":[{"href":"https:\/\/www.lesouvenirfrancais-saintchinian.fr\/index.php?rest_route=\/wp\/v2\/posts"}],"about":[{"href":"https:\/\/www.lesouvenirfrancais-saintchinian.fr\/index.php?rest_route=\/wp\/v2\/types\/post"}],"author":[{"embeddable":true,"href":"https:\/\/www.lesouvenirfrancais-saintchinian.fr\/index.php?rest_route=\/wp\/v2\/users\/321"}],"replies":[{"embeddable":true,"href":"https:\/\/www.lesouvenirfrancais-saintchinian.fr\/index.php?rest_route=%2Fwp%2Fv2%2Fcomments&post=799"}],"version-history":[{"count":1,"href":"https:\/\/www.lesouvenirfrancais-saintchinian.fr\/index.php?rest_route=\/wp\/v2\/posts\/799\/revisions"}],"predecessor-version":[{"id":801,"href":"https:\/\/www.lesouvenirfrancais-saintchinian.fr\/index.php?rest_route=\/wp\/v2\/posts\/799\/revisions\/801"}],"wp:attachment":[{"href":"https:\/\/www.lesouvenirfrancais-saintchinian.fr\/index.php?rest_route=%2Fwp%2Fv2%2Fmedia&parent=799"}],"wp:term":[{"taxonomy":"category","embeddable":true,"href":"https:\/\/www.lesouvenirfrancais-saintchinian.fr\/index.php?rest_route=%2Fwp%2Fv2%2Fcategories&post=799"},{"taxonomy":"post_tag","embeddable":true,"href":"https:\/\/www.lesouvenirfrancais-saintchinian.fr\/index.php?rest_route=%2Fwp%2Fv2%2Ftags&post=799"}],"curies":[{"name":"wp","href":"https:\/\/api.w.org\/{rel}","templated":true}]}}