{"id":803,"date":"2017-02-28T18:45:39","date_gmt":"2017-02-28T17:45:39","guid":{"rendered":"http:\/\/www.lesouvenirfrancais-saintchinian.fr\/?p=803"},"modified":"2017-02-28T18:45:39","modified_gmt":"2017-02-28T17:45:39","slug":"assemblee-generale-2017-du-comite-du-souvenir-francais-du-saint-chinianais","status":"publish","type":"post","link":"https:\/\/www.lesouvenirfrancais-saintchinian.fr\/?p=803","title":{"rendered":"Assembl\u00e9e g\u00e9n\u00e9rale 2017 du comit\u00e9 du Souvenir Fran\u00e7ais du Saint Chinianais"},"content":{"rendered":"<figure id=\"attachment_805\" aria-describedby=\"caption-attachment-805\" style=\"width: 300px\" class=\"wp-caption aligncenter\"><a href=\"http:\/\/www.lesouvenirfrancais-saintchinian.fr\/wp-content\/uploads\/2017\/02\/AG-2017-Souvenir-Fran\u00e7ais-2.jpg\"><img loading=\"lazy\" decoding=\"async\" class=\"size-medium wp-image-805\" src=\"http:\/\/www.lesouvenirfrancais-saintchinian.fr\/wp-content\/uploads\/2017\/02\/AG-2017-Souvenir-Fran\u00e7ais-2-300x225.jpg\" alt=\"Une assembl\u00e9e attentive\" width=\"300\" height=\"225\" srcset=\"https:\/\/www.lesouvenirfrancais-saintchinian.fr\/wp-content\/uploads\/2017\/02\/AG-2017-Souvenir-Fran\u00e7ais-2-300x225.jpg 300w, https:\/\/www.lesouvenirfrancais-saintchinian.fr\/wp-content\/uploads\/2017\/02\/AG-2017-Souvenir-Fran\u00e7ais-2-1024x768.jpg 1024w, https:\/\/www.lesouvenirfrancais-saintchinian.fr\/wp-content\/uploads\/2017\/02\/AG-2017-Souvenir-Fran\u00e7ais-2-600x450.jpg 600w\" sizes=\"auto, (max-width: 300px) 100vw, 300px\" \/><\/a><figcaption id=\"caption-attachment-805\" class=\"wp-caption-text\">Une assembl\u00e9e attentive<\/figcaption><\/figure>\n<p><span style=\"font-size: large;\">L&rsquo;assembl\u00e9e g\u00e9n\u00e9rale du comit\u00e9 du Souvenir Fran\u00e7ais du Saint Chinianais a eu lieu samedi 4 f\u00e9vrier \u00e0 l&rsquo;Abbatiale.<\/span><\/p>\n<p><span style=\"font-size: large;\">L&rsquo;assistance qui regroupait environ 80 personnes \u00e9tait compos\u00e9e d&rsquo;adh\u00e9rents, de 11 comit\u00e9s de l\u2019H\u00e9rault, de leur d\u00e9l\u00e9gu\u00e9 d\u00e9partemental adjoint du Souvenir Fran\u00e7ais et de nombreux maires des communes voisines. Ils ont pu relever le dynamisme du comit\u00e9 St Chinianais. D\u00e9sormais, ce sont huit communes qui nous soutiennent.<\/span><\/p>\n<figure id=\"attachment_804\" aria-describedby=\"caption-attachment-804\" style=\"width: 300px\" class=\"wp-caption aligncenter\"><a href=\"http:\/\/www.lesouvenirfrancais-saintchinian.fr\/wp-content\/uploads\/2017\/02\/AG-2017-Souvenir-Fran\u00e7ais-1.jpg\"><img loading=\"lazy\" decoding=\"async\" class=\"size-medium wp-image-804\" src=\"http:\/\/www.lesouvenirfrancais-saintchinian.fr\/wp-content\/uploads\/2017\/02\/AG-2017-Souvenir-Fran\u00e7ais-1-300x225.jpg\" alt=\"L'\u00e9nonc\u00e9  bilan du comit\u00e9\" width=\"300\" height=\"225\" srcset=\"https:\/\/www.lesouvenirfrancais-saintchinian.fr\/wp-content\/uploads\/2017\/02\/AG-2017-Souvenir-Fran\u00e7ais-1-300x225.jpg 300w, https:\/\/www.lesouvenirfrancais-saintchinian.fr\/wp-content\/uploads\/2017\/02\/AG-2017-Souvenir-Fran\u00e7ais-1-1024x768.jpg 1024w, https:\/\/www.lesouvenirfrancais-saintchinian.fr\/wp-content\/uploads\/2017\/02\/AG-2017-Souvenir-Fran\u00e7ais-1-600x450.jpg 600w, https:\/\/www.lesouvenirfrancais-saintchinian.fr\/wp-content\/uploads\/2017\/02\/AG-2017-Souvenir-Fran\u00e7ais-1.jpg 2048w\" sizes=\"auto, (max-width: 300px) 100vw, 300px\" \/><\/a><figcaption id=\"caption-attachment-804\" class=\"wp-caption-text\">L&rsquo;\u00e9nonc\u00e9 bilan du comit\u00e9<\/figcaption><\/figure>\n<p><span style=\"font-size: large;\">Au bilan des r\u00e9alisations 2016\u00a0: r\u00e9novation du monument aux morts de Babeau-Bouldoux, financement d&rsquo;un voyage scolaire pour les 3eme du coll\u00e8ge de St Chinian, exposition relative \u00e0 \u00ab\u00a0Lengua de gu\u00e8rra\u00a0\u00bb, participations aux c\u00e9r\u00e9monies patriotiques, nombreux d\u00e9placements dans l&rsquo;H\u00e9rault.<\/span><\/p>\n<figure id=\"attachment_808\" aria-describedby=\"caption-attachment-808\" style=\"width: 300px\" class=\"wp-caption aligncenter\"><a href=\"http:\/\/www.lesouvenirfrancais-saintchinian.fr\/wp-content\/uploads\/2017\/02\/AG-Souvenir-Fran\u00e7ais-2017.jpg\"><img loading=\"lazy\" decoding=\"async\" class=\"size-medium wp-image-808\" src=\"http:\/\/www.lesouvenirfrancais-saintchinian.fr\/wp-content\/uploads\/2017\/02\/AG-Souvenir-Fran\u00e7ais-2017-300x168.jpg\" alt=\"Le temps pour les projets\" width=\"300\" height=\"168\" srcset=\"https:\/\/www.lesouvenirfrancais-saintchinian.fr\/wp-content\/uploads\/2017\/02\/AG-Souvenir-Fran\u00e7ais-2017-300x168.jpg 300w, https:\/\/www.lesouvenirfrancais-saintchinian.fr\/wp-content\/uploads\/2017\/02\/AG-Souvenir-Fran\u00e7ais-2017-1024x575.jpg 1024w, https:\/\/www.lesouvenirfrancais-saintchinian.fr\/wp-content\/uploads\/2017\/02\/AG-Souvenir-Fran\u00e7ais-2017-600x337.jpg 600w\" sizes=\"auto, (max-width: 300px) 100vw, 300px\" \/><\/a><figcaption id=\"caption-attachment-808\" class=\"wp-caption-text\">Le temps pour les projets<\/figcaption><\/figure>\n<p><span style=\"font-size: large;\">Le rapport moral et financier ont r\u00e9v\u00e9l\u00e9 une gestion rigoureuse du comit\u00e9.<\/span><\/p>\n<p><span style=\"font-size: large;\">Le nombre d&rsquo;adh\u00e9rents est maintenant de 80.<\/span><\/p>\n<p><span style=\"font-size: large;\">Les projets \u00e0 venir\u00a0: le comit\u00e9 se donne comme objectif d&rsquo;\u00e9quiper les monuments aux morts et les tombes qui contiennent un mort pour la France ( des communes adh\u00e9rentes) d&rsquo;un Qr code, permettant \u00e0 chacun, \u00e9quip\u00e9 de son smartphone de se retrouver via internet sur la fiche du soldat en question avec de nombreux d\u00e9tails qui auront \u00e9t\u00e9 collect\u00e9s (et bien sur avec l&rsquo;accord des familles) par le biais, entre autres, de r\u00e9unions publiques dans les villages. Pour les communes o\u00f9 le r\u00e9seaux passe mal, il sera \u00e9dit\u00e9 un livret. Les deux premi\u00e8res collectivit\u00e9s a \u00eatre \u00e9quip\u00e9es de ce syst\u00e8me seront Prades sur Vernazobres en 2017 et C\u00e9bazan en 2018.<\/span><\/p>\n<p><span style=\"font-size: large;\">Le comit\u00e9 participera activement aux journ\u00e9es du patrimoine par une grande exposition sur la r\u00e9volte des vignerons en 1907 (110 ans d\u00e9j\u00e0) et permettra aux professeurs des \u00e9coles et coll\u00e8ges de Sud-H\u00e9rault de venir avec leurs \u00e9l\u00e8ves et de profiter des livrets p\u00e9dagogiques qui seront mis \u00e0 leurs dispositions.<\/span><\/p>\n<figure id=\"attachment_807\" aria-describedby=\"caption-attachment-807\" style=\"width: 168px\" class=\"wp-caption aligncenter\"><a href=\"http:\/\/www.lesouvenirfrancais-saintchinian.fr\/wp-content\/uploads\/2017\/02\/AG-2017-Souvenir-Fran\u00e7ais-4.jpg\"><img loading=\"lazy\" decoding=\"async\" class=\"size-medium wp-image-807\" src=\"http:\/\/www.lesouvenirfrancais-saintchinian.fr\/wp-content\/uploads\/2017\/02\/AG-2017-Souvenir-Fran\u00e7ais-4-168x300.jpg\" alt=\"La tombola et les heureux gagnants\" width=\"168\" height=\"300\" srcset=\"https:\/\/www.lesouvenirfrancais-saintchinian.fr\/wp-content\/uploads\/2017\/02\/AG-2017-Souvenir-Fran\u00e7ais-4-168x300.jpg 168w, https:\/\/www.lesouvenirfrancais-saintchinian.fr\/wp-content\/uploads\/2017\/02\/AG-2017-Souvenir-Fran\u00e7ais-4-575x1024.jpg 575w, https:\/\/www.lesouvenirfrancais-saintchinian.fr\/wp-content\/uploads\/2017\/02\/AG-2017-Souvenir-Fran\u00e7ais-4-600x1068.jpg 600w, https:\/\/www.lesouvenirfrancais-saintchinian.fr\/wp-content\/uploads\/2017\/02\/AG-2017-Souvenir-Fran\u00e7ais-4.jpg 1456w\" sizes=\"auto, (max-width: 168px) 100vw, 168px\" \/><\/a><figcaption id=\"caption-attachment-807\" class=\"wp-caption-text\">La tombola et les heureux gagnants<\/figcaption><\/figure>\n<p><span style=\"font-size: large;\">Une double exposition est \u00e9galement pr\u00e9vue du 11 au 15 novembres sur la Marseillaise et la grande guerre.<\/span><\/p>\n<p><span style=\"font-size: large;\">Un voyage \u00e0 Verdun est \u00e0 l&rsquo;\u00e9tude pour le printemps, r\u00e9serv\u00e9 aux adh\u00e9rents.<\/span><\/p>\n<p><span style=\"font-size: large;\">La matin\u00e9e s&rsquo;est termin\u00e9e par un repas assur\u00e9 par un traiteur qui a r\u00e9gal\u00e9 les convives.<\/span><\/p>\n<figure id=\"attachment_806\" aria-describedby=\"caption-attachment-806\" style=\"width: 300px\" class=\"wp-caption aligncenter\"><a href=\"http:\/\/www.lesouvenirfrancais-saintchinian.fr\/wp-content\/uploads\/2017\/02\/AG-2017-Souvenir-Fran\u00e7ais-3.jpg\"><img loading=\"lazy\" decoding=\"async\" class=\"size-medium wp-image-806\" src=\"http:\/\/www.lesouvenirfrancais-saintchinian.fr\/wp-content\/uploads\/2017\/02\/AG-2017-Souvenir-Fran\u00e7ais-3-300x168.jpg\" alt=\"L'heure du repas a sonn\u00e9.\" width=\"300\" height=\"168\" srcset=\"https:\/\/www.lesouvenirfrancais-saintchinian.fr\/wp-content\/uploads\/2017\/02\/AG-2017-Souvenir-Fran\u00e7ais-3-300x168.jpg 300w, https:\/\/www.lesouvenirfrancais-saintchinian.fr\/wp-content\/uploads\/2017\/02\/AG-2017-Souvenir-Fran\u00e7ais-3-1024x575.jpg 1024w, https:\/\/www.lesouvenirfrancais-saintchinian.fr\/wp-content\/uploads\/2017\/02\/AG-2017-Souvenir-Fran\u00e7ais-3-600x337.jpg 600w\" sizes=\"auto, (max-width: 300px) 100vw, 300px\" \/><\/a><figcaption id=\"caption-attachment-806\" class=\"wp-caption-text\">L&rsquo;heure du repas a sonn\u00e9.<\/figcaption><\/figure>\n<p>&nbsp;<\/p>\n<p>A tr\u00e8s bient\u00f4t<\/p>\n<p>Philippe Godia, Vice-pr\u00e9sident.<\/p>\n","protected":false},"excerpt":{"rendered":"<p>L&rsquo;assembl\u00e9e g\u00e9n\u00e9rale du comit\u00e9 du Souvenir Fran\u00e7ais du Saint Chinianais a eu lieu samedi 4 f\u00e9vrier \u00e0 l&rsquo;Abbatiale. L&rsquo;assistance qui regroupait environ 80 personnes \u00e9tait compos\u00e9e d&rsquo;adh\u00e9rents, de 11 comit\u00e9s de l\u2019H\u00e9rault, de leur d\u00e9l\u00e9gu\u00e9 d\u00e9partemental adjoint du Souvenir Fran\u00e7ais &#8230; <a class=\"more-link\" href=\"https:\/\/www.lesouvenirfrancais-saintchinian.fr\/?p=803\">Read More &raquo;<\/a><\/p>\n","protected":false},"author":321,"featured_media":0,"comment_status":"open","ping_status":"open","sticky":false,"template":"","format":"standard","meta":{"footnotes":""},"categories":[3],"tags":[],"class_list":["post-803","post","type-post","status-publish","format-standard","hentry","category-manifestations-et-actions"],"_links":{"self":[{"href":"https:\/\/www.lesouvenirfrancais-saintchinian.fr\/index.php?rest_route=\/wp\/v2\/posts\/803","targetHints":{"allow":["GET"]}}],"collection":[{"href":"https:\/\/www.lesouvenirfrancais-saintchinian.fr\/index.php?rest_route=\/wp\/v2\/posts"}],"about":[{"href":"https:\/\/www.lesouvenirfrancais-saintchinian.fr\/index.php?rest_route=\/wp\/v2\/types\/post"}],"author":[{"embeddable":true,"href":"https:\/\/www.lesouvenirfrancais-saintchinian.fr\/index.php?rest_route=\/wp\/v2\/users\/321"}],"replies":[{"embeddable":true,"href":"https:\/\/www.lesouvenirfrancais-saintchinian.fr\/index.php?rest_route=%2Fwp%2Fv2%2Fcomments&post=803"}],"version-history":[{"count":2,"href":"https:\/\/www.lesouvenirfrancais-saintchinian.fr\/index.php?rest_route=\/wp\/v2\/posts\/803\/revisions"}],"predecessor-version":[{"id":810,"href":"https:\/\/www.lesouvenirfrancais-saintchinian.fr\/index.php?rest_route=\/wp\/v2\/posts\/803\/revisions\/810"}],"wp:attachment":[{"href":"https:\/\/www.lesouvenirfrancais-saintchinian.fr\/index.php?rest_route=%2Fwp%2Fv2%2Fmedia&parent=803"}],"wp:term":[{"taxonomy":"category","embeddable":true,"href":"https:\/\/www.lesouvenirfrancais-saintchinian.fr\/index.php?rest_route=%2Fwp%2Fv2%2Fcategories&post=803"},{"taxonomy":"post_tag","embeddable":true,"href":"https:\/\/www.lesouvenirfrancais-saintchinian.fr\/index.php?rest_route=%2Fwp%2Fv2%2Ftags&post=803"}],"curies":[{"name":"wp","href":"https:\/\/api.w.org\/{rel}","templated":true}]}}