{"id":812,"date":"2017-04-28T17:06:41","date_gmt":"2017-04-28T16:06:41","guid":{"rendered":"http:\/\/www.lesouvenirfrancais-saintchinian.fr\/?p=812"},"modified":"2017-04-28T17:06:41","modified_gmt":"2017-04-28T16:06:41","slug":"remerciements-aux-peintres-du-souvenir-francais","status":"publish","type":"post","link":"https:\/\/www.lesouvenirfrancais-saintchinian.fr\/?p=812","title":{"rendered":"Remerciements aux peintres du Souvenir Fran\u00e7ais"},"content":{"rendered":"<figure id=\"attachment_814\" aria-describedby=\"caption-attachment-814\" style=\"width: 168px\" class=\"wp-caption aligncenter\"><a href=\"http:\/\/www.lesouvenirfrancais-saintchinian.fr\/wp-content\/uploads\/2017\/04\/Munument-C\u00e9bazan-lettrage-or-2.jpg\"><img loading=\"lazy\" decoding=\"async\" class=\"size-medium wp-image-814\" src=\"http:\/\/www.lesouvenirfrancais-saintchinian.fr\/wp-content\/uploads\/2017\/04\/Munument-C\u00e9bazan-lettrage-or-2-168x300.jpg\" alt=\"Monument aux morts de C\u00e9bazan\" width=\"168\" height=\"300\" srcset=\"https:\/\/www.lesouvenirfrancais-saintchinian.fr\/wp-content\/uploads\/2017\/04\/Munument-C\u00e9bazan-lettrage-or-2-168x300.jpg 168w, https:\/\/www.lesouvenirfrancais-saintchinian.fr\/wp-content\/uploads\/2017\/04\/Munument-C\u00e9bazan-lettrage-or-2-575x1024.jpg 575w, https:\/\/www.lesouvenirfrancais-saintchinian.fr\/wp-content\/uploads\/2017\/04\/Munument-C\u00e9bazan-lettrage-or-2.jpg 591w\" sizes=\"auto, (max-width: 168px) 100vw, 168px\" \/><\/a><figcaption id=\"caption-attachment-814\" class=\"wp-caption-text\">Monument aux morts de C\u00e9bazan<\/figcaption><\/figure>\n<p>Suite au d\u00e9placement du monument aux morts de la commune de C\u00e9bazan et du r\u00e9am\u00e9nagement (tr\u00e8s r\u00e9ussi) de la place du pourtour de l&rsquo;\u00e9glise,\u00a0 notre comit\u00e9 a \u00e9t\u00e9 sollicit\u00e9 afin de fixer le m\u00e2t au couleurs et de peindre \u00e0 la peinture \u00ab\u00a0or\u00a0\u00bb\u00a0 les lettrages qui figurent sur la monument aux morts, sur ses trois faces.<\/p>\n<figure id=\"attachment_815\" aria-describedby=\"caption-attachment-815\" style=\"width: 300px\" class=\"wp-caption aligncenter\"><a href=\"http:\/\/www.lesouvenirfrancais-saintchinian.fr\/wp-content\/uploads\/2017\/04\/Munument-C\u00e9bazan-lettrage-or-3.jpg\"><img loading=\"lazy\" decoding=\"async\" class=\"size-medium wp-image-815\" src=\"http:\/\/www.lesouvenirfrancais-saintchinian.fr\/wp-content\/uploads\/2017\/04\/Munument-C\u00e9bazan-lettrage-or-3-300x168.jpg\" alt=\"Monument aux morts de C\u00e9bazan\" width=\"300\" height=\"168\" srcset=\"https:\/\/www.lesouvenirfrancais-saintchinian.fr\/wp-content\/uploads\/2017\/04\/Munument-C\u00e9bazan-lettrage-or-3-300x168.jpg 300w, https:\/\/www.lesouvenirfrancais-saintchinian.fr\/wp-content\/uploads\/2017\/04\/Munument-C\u00e9bazan-lettrage-or-3.jpg 591w\" sizes=\"auto, (max-width: 300px) 100vw, 300px\" \/><\/a><figcaption id=\"caption-attachment-815\" class=\"wp-caption-text\">Monument aux morts de C\u00e9bazan<\/figcaption><\/figure>\n<p>Merci \u00e0 Andr\u00e9 et\u00a0au nouvel adh\u00e9rent Jacques qui ont parfaitement rempli leur mission.<\/p>\n<p>A bient\u00f4t lors des c\u00e9r\u00e9monies du 8 mai.<\/p>\n<p>Ne pas oublier que notre comit\u00e9 organise un vide-grenier avec exposition de v\u00e9hicules militaires anciens et possibilit\u00e9 de bapt\u00eames en Jeep, le samedi 6 mai sur les All\u00e9es \u00e0 Saint-Chinian.<\/p>\n<figure id=\"attachment_817\" aria-describedby=\"caption-attachment-817\" style=\"width: 168px\" class=\"wp-caption aligncenter\"><a href=\"http:\/\/www.lesouvenirfrancais-saintchinian.fr\/wp-content\/uploads\/2017\/04\/Munument-C\u00e9bazan-lettrage-or-5.jpg\"><img loading=\"lazy\" decoding=\"async\" class=\"size-medium wp-image-817\" src=\"http:\/\/www.lesouvenirfrancais-saintchinian.fr\/wp-content\/uploads\/2017\/04\/Munument-C\u00e9bazan-lettrage-or-5-168x300.jpg\" alt=\"Monument aux morts de C\u00e9bazan\" width=\"168\" height=\"300\" srcset=\"https:\/\/www.lesouvenirfrancais-saintchinian.fr\/wp-content\/uploads\/2017\/04\/Munument-C\u00e9bazan-lettrage-or-5-168x300.jpg 168w, https:\/\/www.lesouvenirfrancais-saintchinian.fr\/wp-content\/uploads\/2017\/04\/Munument-C\u00e9bazan-lettrage-or-5-575x1024.jpg 575w, https:\/\/www.lesouvenirfrancais-saintchinian.fr\/wp-content\/uploads\/2017\/04\/Munument-C\u00e9bazan-lettrage-or-5.jpg 591w\" sizes=\"auto, (max-width: 168px) 100vw, 168px\" \/><\/a><figcaption id=\"caption-attachment-817\" class=\"wp-caption-text\">Monument aux morts de C\u00e9bazan<\/figcaption><\/figure>\n<figure id=\"attachment_813\" aria-describedby=\"caption-attachment-813\" style=\"width: 168px\" class=\"wp-caption aligncenter\"><a href=\"http:\/\/www.lesouvenirfrancais-saintchinian.fr\/wp-content\/uploads\/2017\/04\/Munument-C\u00e9bazan-lettrage-or-1.jpg\"><img loading=\"lazy\" decoding=\"async\" class=\"size-medium wp-image-813\" src=\"http:\/\/www.lesouvenirfrancais-saintchinian.fr\/wp-content\/uploads\/2017\/04\/Munument-C\u00e9bazan-lettrage-or-1-168x300.jpg\" alt=\"Monument aux morts de C\u00e9bazan\" width=\"168\" height=\"300\" srcset=\"https:\/\/www.lesouvenirfrancais-saintchinian.fr\/wp-content\/uploads\/2017\/04\/Munument-C\u00e9bazan-lettrage-or-1-168x300.jpg 168w, https:\/\/www.lesouvenirfrancais-saintchinian.fr\/wp-content\/uploads\/2017\/04\/Munument-C\u00e9bazan-lettrage-or-1-575x1024.jpg 575w, https:\/\/www.lesouvenirfrancais-saintchinian.fr\/wp-content\/uploads\/2017\/04\/Munument-C\u00e9bazan-lettrage-or-1.jpg 591w\" sizes=\"auto, (max-width: 168px) 100vw, 168px\" \/><\/a><figcaption id=\"caption-attachment-813\" class=\"wp-caption-text\">Monument aux morts de C\u00e9bazan<\/figcaption><\/figure>\n<p>&nbsp;<\/p>\n<p>A bient\u00f4t lors des c\u00e9r\u00e9monies du 8 mai.<\/p>\n<p>Philippe Godia,<\/p>\n<p>Voce-pr\u00e9sident.<\/p>\n","protected":false},"excerpt":{"rendered":"<p>Suite au d\u00e9placement du monument aux morts de la commune de C\u00e9bazan et du r\u00e9am\u00e9nagement (tr\u00e8s r\u00e9ussi) de la place du pourtour de l&rsquo;\u00e9glise,\u00a0 notre comit\u00e9 a \u00e9t\u00e9 sollicit\u00e9 afin de fixer le m\u00e2t au couleurs et de peindre \u00e0 &#8230; <a class=\"more-link\" href=\"https:\/\/www.lesouvenirfrancais-saintchinian.fr\/?p=812\">Read More &raquo;<\/a><\/p>\n","protected":false},"author":321,"featured_media":0,"comment_status":"open","ping_status":"open","sticky":false,"template":"","format":"standard","meta":{"footnotes":""},"categories":[1],"tags":[],"class_list":["post-812","post","type-post","status-publish","format-standard","hentry","category-non-classe"],"_links":{"self":[{"href":"https:\/\/www.lesouvenirfrancais-saintchinian.fr\/index.php?rest_route=\/wp\/v2\/posts\/812","targetHints":{"allow":["GET"]}}],"collection":[{"href":"https:\/\/www.lesouvenirfrancais-saintchinian.fr\/index.php?rest_route=\/wp\/v2\/posts"}],"about":[{"href":"https:\/\/www.lesouvenirfrancais-saintchinian.fr\/index.php?rest_route=\/wp\/v2\/types\/post"}],"author":[{"embeddable":true,"href":"https:\/\/www.lesouvenirfrancais-saintchinian.fr\/index.php?rest_route=\/wp\/v2\/users\/321"}],"replies":[{"embeddable":true,"href":"https:\/\/www.lesouvenirfrancais-saintchinian.fr\/index.php?rest_route=%2Fwp%2Fv2%2Fcomments&post=812"}],"version-history":[{"count":1,"href":"https:\/\/www.lesouvenirfrancais-saintchinian.fr\/index.php?rest_route=\/wp\/v2\/posts\/812\/revisions"}],"predecessor-version":[{"id":818,"href":"https:\/\/www.lesouvenirfrancais-saintchinian.fr\/index.php?rest_route=\/wp\/v2\/posts\/812\/revisions\/818"}],"wp:attachment":[{"href":"https:\/\/www.lesouvenirfrancais-saintchinian.fr\/index.php?rest_route=%2Fwp%2Fv2%2Fmedia&parent=812"}],"wp:term":[{"taxonomy":"category","embeddable":true,"href":"https:\/\/www.lesouvenirfrancais-saintchinian.fr\/index.php?rest_route=%2Fwp%2Fv2%2Fcategories&post=812"},{"taxonomy":"post_tag","embeddable":true,"href":"https:\/\/www.lesouvenirfrancais-saintchinian.fr\/index.php?rest_route=%2Fwp%2Fv2%2Ftags&post=812"}],"curies":[{"name":"wp","href":"https:\/\/api.w.org\/{rel}","templated":true}]}}