{"id":861,"date":"2017-06-12T16:09:33","date_gmt":"2017-06-12T15:09:33","guid":{"rendered":"http:\/\/www.lesouvenirfrancais-saintchinian.fr\/?p=861"},"modified":"2017-06-12T16:09:33","modified_gmt":"2017-06-12T15:09:33","slug":"commemoration-du-combat-de-fontjun-des-6-et-7-juin-1944","status":"publish","type":"post","link":"https:\/\/www.lesouvenirfrancais-saintchinian.fr\/?p=861","title":{"rendered":"Comm\u00e9moration du combat de Fontjun des 6 et 7 juin 1944."},"content":{"rendered":"<figure id=\"attachment_865\" aria-describedby=\"caption-attachment-865\" style=\"width: 168px\" class=\"wp-caption aligncenter\"><a href=\"http:\/\/www.lesouvenirfrancais-saintchinian.fr\/wp-content\/uploads\/2017\/06\/Fontjun-2017-5.jpg\"><img loading=\"lazy\" decoding=\"async\" class=\"wp-image-865 size-medium\" src=\"http:\/\/www.lesouvenirfrancais-saintchinian.fr\/wp-content\/uploads\/2017\/06\/Fontjun-2017-5-168x300.jpg\" alt=\"Fontjun 2017 (5)\" width=\"168\" height=\"300\" srcset=\"https:\/\/www.lesouvenirfrancais-saintchinian.fr\/wp-content\/uploads\/2017\/06\/Fontjun-2017-5-168x300.jpg 168w, https:\/\/www.lesouvenirfrancais-saintchinian.fr\/wp-content\/uploads\/2017\/06\/Fontjun-2017-5-575x1024.jpg 575w, https:\/\/www.lesouvenirfrancais-saintchinian.fr\/wp-content\/uploads\/2017\/06\/Fontjun-2017-5-600x1067.jpg 600w, https:\/\/www.lesouvenirfrancais-saintchinian.fr\/wp-content\/uploads\/2017\/06\/Fontjun-2017-5.jpg 1575w\" sizes=\"auto, (max-width: 168px) 100vw, 168px\" \/><\/a><figcaption id=\"caption-attachment-865\" class=\"wp-caption-text\">Fontjun 2017. Le monument apr\u00e8s la c\u00e9r\u00e9monie.<\/figcaption><\/figure>\n<p style=\"text-align: center;\" align=\"CENTER\"><span style=\"font-size: large;\"><b>\u00a0\u00a0\u00a0\u00a0\u00a0\u00a0\u00a0 <\/b><\/span><\/p>\n<p style=\"text-align: left;\" align=\"CENTER\"><span style=\"font-size: large;\">En pr\u00e9sence du Sous-pr\u00e9fet, du D\u00e9put\u00e9, d\u2019\u00e9lus D\u00e9partementaux, de nombreux maires et d&rsquo;\u00e9lus, de la gendarmerie, des pompiers, du Ministre Mr Font\u00e8s, d&rsquo;anciens du maquis comme les colonels Jean-Baptiste et Robert Durand, d&rsquo;associations d&rsquo;anciens combattants, et de comit\u00e9s du Souvenir Fran\u00e7ais ainsi que d&rsquo;une assistance toujours aussi nombreuse, la c\u00e9r\u00e9monie \u00e0 d\u00e9but\u00e9 \u00e0 18h00 au pied du monument afin d&rsquo;honorer les victimes et les r\u00e9sistants de \u00ab\u00a0Fontjun\u00a0\u00bb<\/span><\/p>\n<figure id=\"attachment_867\" aria-describedby=\"caption-attachment-867\" style=\"width: 300px\" class=\"wp-caption aligncenter\"><a href=\"http:\/\/www.lesouvenirfrancais-saintchinian.fr\/wp-content\/uploads\/2017\/06\/Fontjun-2017-7.jpg\"><img loading=\"lazy\" decoding=\"async\" class=\"wp-image-867 size-medium\" src=\"http:\/\/www.lesouvenirfrancais-saintchinian.fr\/wp-content\/uploads\/2017\/06\/Fontjun-2017-7-300x168.jpg\" alt=\"Fontjun 2017 (7)\" width=\"300\" height=\"168\" srcset=\"https:\/\/www.lesouvenirfrancais-saintchinian.fr\/wp-content\/uploads\/2017\/06\/Fontjun-2017-7-300x168.jpg 300w, https:\/\/www.lesouvenirfrancais-saintchinian.fr\/wp-content\/uploads\/2017\/06\/Fontjun-2017-7-1024x575.jpg 1024w, https:\/\/www.lesouvenirfrancais-saintchinian.fr\/wp-content\/uploads\/2017\/06\/Fontjun-2017-7-600x337.jpg 600w, https:\/\/www.lesouvenirfrancais-saintchinian.fr\/wp-content\/uploads\/2017\/06\/Fontjun-2017-7.jpg 1575w\" sizes=\"auto, (max-width: 300px) 100vw, 300px\" \/><\/a><figcaption id=\"caption-attachment-867\" class=\"wp-caption-text\">Fontjun 2017. Arriv\u00e9e du cort\u00e8ge.<\/figcaption><\/figure>\n<figure id=\"attachment_868\" aria-describedby=\"caption-attachment-868\" style=\"width: 300px\" class=\"wp-caption aligncenter\"><a href=\"http:\/\/www.lesouvenirfrancais-saintchinian.fr\/wp-content\/uploads\/2017\/06\/Fontjun-2017-8.jpg\"><img loading=\"lazy\" decoding=\"async\" class=\"wp-image-868 size-medium\" src=\"http:\/\/www.lesouvenirfrancais-saintchinian.fr\/wp-content\/uploads\/2017\/06\/Fontjun-2017-8-300x168.jpg\" alt=\"Fontjun 2017 (8)\" width=\"300\" height=\"168\" srcset=\"https:\/\/www.lesouvenirfrancais-saintchinian.fr\/wp-content\/uploads\/2017\/06\/Fontjun-2017-8-300x168.jpg 300w, https:\/\/www.lesouvenirfrancais-saintchinian.fr\/wp-content\/uploads\/2017\/06\/Fontjun-2017-8-1024x575.jpg 1024w, https:\/\/www.lesouvenirfrancais-saintchinian.fr\/wp-content\/uploads\/2017\/06\/Fontjun-2017-8-600x337.jpg 600w, https:\/\/www.lesouvenirfrancais-saintchinian.fr\/wp-content\/uploads\/2017\/06\/Fontjun-2017-8.jpg 1575w\" sizes=\"auto, (max-width: 300px) 100vw, 300px\" \/><\/a><figcaption id=\"caption-attachment-868\" class=\"wp-caption-text\">Fontjun 2017. Mise en place des autorit\u00e9s par le service protocole de la ville de B\u00e9ziers.<\/figcaption><\/figure>\n<p>&nbsp;<\/p>\n<p><span style=\"font-size: large;\">La mont\u00e9e des couleurs a \u00e9t\u00e9 effectu\u00e9e par le Colonel Jean-Baptiste Durand et par Eric P\u00e9r\u00e8s, Pr\u00e9sident du Comit\u00e9 du Souvenir Fran\u00e7ais du Saint-Chinianais.<\/span><\/p>\n<figure id=\"attachment_869\" aria-describedby=\"caption-attachment-869\" style=\"width: 300px\" class=\"wp-caption aligncenter\"><a href=\"http:\/\/www.lesouvenirfrancais-saintchinian.fr\/wp-content\/uploads\/2017\/06\/Fontjun-2017-9.jpg\"><img loading=\"lazy\" decoding=\"async\" class=\"wp-image-869 size-medium\" src=\"http:\/\/www.lesouvenirfrancais-saintchinian.fr\/wp-content\/uploads\/2017\/06\/Fontjun-2017-9-300x168.jpg\" alt=\"Fontjun 2017 (9)\" width=\"300\" height=\"168\" srcset=\"https:\/\/www.lesouvenirfrancais-saintchinian.fr\/wp-content\/uploads\/2017\/06\/Fontjun-2017-9-300x168.jpg 300w, https:\/\/www.lesouvenirfrancais-saintchinian.fr\/wp-content\/uploads\/2017\/06\/Fontjun-2017-9-1024x575.jpg 1024w, https:\/\/www.lesouvenirfrancais-saintchinian.fr\/wp-content\/uploads\/2017\/06\/Fontjun-2017-9-600x337.jpg 600w, https:\/\/www.lesouvenirfrancais-saintchinian.fr\/wp-content\/uploads\/2017\/06\/Fontjun-2017-9.jpg 1575w\" sizes=\"auto, (max-width: 300px) 100vw, 300px\" \/><\/a><figcaption id=\"caption-attachment-869\" class=\"wp-caption-text\">Fontjun 2017. Discours du Colonel Jean-Baptiste Durand lu par Chantal Bernadou.<\/figcaption><\/figure>\n<p><span style=\"font-size: large;\">Un vibrant et \u00e9mouvant discours, a \u00e9t\u00e9 lu par Chantal Bernadou pour le Colonel Jean-Baptiste Durand, relatant son parcours tout au long de la r\u00e9sistance ainsi que les d\u00e9tails des pr\u00e9paratifs, et du combat de Fontjun<\/span><\/p>\n<figure id=\"attachment_863\" aria-describedby=\"caption-attachment-863\" style=\"width: 300px\" class=\"wp-caption aligncenter\"><a href=\"http:\/\/www.lesouvenirfrancais-saintchinian.fr\/wp-content\/uploads\/2017\/06\/Fontjun-2017-2.jpg\"><img loading=\"lazy\" decoding=\"async\" class=\"wp-image-863 size-medium\" src=\"http:\/\/www.lesouvenirfrancais-saintchinian.fr\/wp-content\/uploads\/2017\/06\/Fontjun-2017-2-300x168.jpg\" alt=\"Fontjun 2017 (2)\" width=\"300\" height=\"168\" srcset=\"https:\/\/www.lesouvenirfrancais-saintchinian.fr\/wp-content\/uploads\/2017\/06\/Fontjun-2017-2-300x168.jpg 300w, https:\/\/www.lesouvenirfrancais-saintchinian.fr\/wp-content\/uploads\/2017\/06\/Fontjun-2017-2-1024x575.jpg 1024w, https:\/\/www.lesouvenirfrancais-saintchinian.fr\/wp-content\/uploads\/2017\/06\/Fontjun-2017-2-600x337.jpg 600w, https:\/\/www.lesouvenirfrancais-saintchinian.fr\/wp-content\/uploads\/2017\/06\/Fontjun-2017-2.jpg 1575w\" sizes=\"auto, (max-width: 300px) 100vw, 300px\" \/><\/a><figcaption id=\"caption-attachment-863\" class=\"wp-caption-text\">Fontjun 2017. La nouvelle plaque de marbre et la palme de la l\u00e9gion d&rsquo;honneur.<\/figcaption><\/figure>\n<p><span style=\"font-size: large;\">Une nouvelle plaque de marbre portant la palme de la l\u00e9gion d&rsquo;honneur, financ\u00e9e par le comit\u00e9 de Saint-Chinian a \u00e9t\u00e9 d\u00e9voil\u00e9e par le D\u00e9put\u00e9 Kl\u00e9ber Mesquida, le Maire de Pierrerue, Pierre Bardy et Eric P\u00e9r\u00e8s.<\/span><\/p>\n<figure id=\"attachment_872\" aria-describedby=\"caption-attachment-872\" style=\"width: 300px\" class=\"wp-caption aligncenter\"><a href=\"http:\/\/www.lesouvenirfrancais-saintchinian.fr\/wp-content\/uploads\/2017\/06\/Fontjun-2017-12.jpg\"><img loading=\"lazy\" decoding=\"async\" class=\"wp-image-872 size-medium\" src=\"http:\/\/www.lesouvenirfrancais-saintchinian.fr\/wp-content\/uploads\/2017\/06\/Fontjun-2017-12-300x168.jpg\" alt=\"Fontjun 2017 (12)\" width=\"300\" height=\"168\" srcset=\"https:\/\/www.lesouvenirfrancais-saintchinian.fr\/wp-content\/uploads\/2017\/06\/Fontjun-2017-12-300x168.jpg 300w, https:\/\/www.lesouvenirfrancais-saintchinian.fr\/wp-content\/uploads\/2017\/06\/Fontjun-2017-12-1024x575.jpg 1024w, https:\/\/www.lesouvenirfrancais-saintchinian.fr\/wp-content\/uploads\/2017\/06\/Fontjun-2017-12-600x337.jpg 600w, https:\/\/www.lesouvenirfrancais-saintchinian.fr\/wp-content\/uploads\/2017\/06\/Fontjun-2017-12.jpg 1575w\" sizes=\"auto, (max-width: 300px) 100vw, 300px\" \/><\/a><figcaption id=\"caption-attachment-872\" class=\"wp-caption-text\">Fontjun 2017. Les membres du bureau du Comit\u00e9 Saint-Chinianais.<\/figcaption><\/figure>\n<p><span style=\"font-size: large;\">L&rsquo;appel des morts a \u00e9t\u00e9 effectu\u00e9 par H\u00e9l\u00e8ne Godia et Jean-Marc Bagnol, respectivement tr\u00e9sori\u00e8re et secr\u00e9taire, pendant que trois jeunes filles, Emma, Sarah et Mathilde posaient au pied du monument une rose pour chaque mort.<\/span><\/p>\n<figure id=\"attachment_870\" aria-describedby=\"caption-attachment-870\" style=\"width: 300px\" class=\"wp-caption aligncenter\"><a href=\"http:\/\/www.lesouvenirfrancais-saintchinian.fr\/wp-content\/uploads\/2017\/06\/Fontjun-2017-10.jpg\"><img loading=\"lazy\" decoding=\"async\" class=\"wp-image-870 size-medium\" src=\"http:\/\/www.lesouvenirfrancais-saintchinian.fr\/wp-content\/uploads\/2017\/06\/Fontjun-2017-10-300x168.jpg\" alt=\"Fontjun 2017 (10)\" width=\"300\" height=\"168\" srcset=\"https:\/\/www.lesouvenirfrancais-saintchinian.fr\/wp-content\/uploads\/2017\/06\/Fontjun-2017-10-300x168.jpg 300w, https:\/\/www.lesouvenirfrancais-saintchinian.fr\/wp-content\/uploads\/2017\/06\/Fontjun-2017-10-1024x575.jpg 1024w, https:\/\/www.lesouvenirfrancais-saintchinian.fr\/wp-content\/uploads\/2017\/06\/Fontjun-2017-10-600x337.jpg 600w, https:\/\/www.lesouvenirfrancais-saintchinian.fr\/wp-content\/uploads\/2017\/06\/Fontjun-2017-10.jpg 1575w\" sizes=\"auto, (max-width: 300px) 100vw, 300px\" \/><\/a><figcaption id=\"caption-attachment-870\" class=\"wp-caption-text\">Fontjun 2017. D\u00e9p\u00f4t de gerbe par le comit\u00e9 Saint-Chininanais<\/figcaption><\/figure>\n<figure id=\"attachment_871\" aria-describedby=\"caption-attachment-871\" style=\"width: 300px\" class=\"wp-caption aligncenter\"><a href=\"http:\/\/www.lesouvenirfrancais-saintchinian.fr\/wp-content\/uploads\/2017\/06\/Fontjun-2017-11.jpg\"><img loading=\"lazy\" decoding=\"async\" class=\"wp-image-871 size-medium\" src=\"http:\/\/www.lesouvenirfrancais-saintchinian.fr\/wp-content\/uploads\/2017\/06\/Fontjun-2017-11-300x168.jpg\" alt=\"Fontjun 2017 (11)\" width=\"300\" height=\"168\" srcset=\"https:\/\/www.lesouvenirfrancais-saintchinian.fr\/wp-content\/uploads\/2017\/06\/Fontjun-2017-11-300x168.jpg 300w, https:\/\/www.lesouvenirfrancais-saintchinian.fr\/wp-content\/uploads\/2017\/06\/Fontjun-2017-11-1024x575.jpg 1024w, https:\/\/www.lesouvenirfrancais-saintchinian.fr\/wp-content\/uploads\/2017\/06\/Fontjun-2017-11-600x337.jpg 600w, https:\/\/www.lesouvenirfrancais-saintchinian.fr\/wp-content\/uploads\/2017\/06\/Fontjun-2017-11.jpg 1575w\" sizes=\"auto, (max-width: 300px) 100vw, 300px\" \/><\/a><figcaption id=\"caption-attachment-871\" class=\"wp-caption-text\">Fontjun 2017. La fanfare des sapeurs-pompiers de l&rsquo;H\u00e9rault.<\/figcaption><\/figure>\n<p>&nbsp;<\/p>\n<figure id=\"attachment_873\" aria-describedby=\"caption-attachment-873\" style=\"width: 300px\" class=\"wp-caption aligncenter\"><a href=\"http:\/\/www.lesouvenirfrancais-saintchinian.fr\/wp-content\/uploads\/2017\/06\/Fontjun-2017-13.jpg\"><img loading=\"lazy\" decoding=\"async\" class=\"wp-image-873 size-medium\" src=\"http:\/\/www.lesouvenirfrancais-saintchinian.fr\/wp-content\/uploads\/2017\/06\/Fontjun-2017-13-300x168.jpg\" alt=\"Fontjun 2017 (13)\" width=\"300\" height=\"168\" srcset=\"https:\/\/www.lesouvenirfrancais-saintchinian.fr\/wp-content\/uploads\/2017\/06\/Fontjun-2017-13-300x168.jpg 300w, https:\/\/www.lesouvenirfrancais-saintchinian.fr\/wp-content\/uploads\/2017\/06\/Fontjun-2017-13-1024x575.jpg 1024w, https:\/\/www.lesouvenirfrancais-saintchinian.fr\/wp-content\/uploads\/2017\/06\/Fontjun-2017-13-600x337.jpg 600w, https:\/\/www.lesouvenirfrancais-saintchinian.fr\/wp-content\/uploads\/2017\/06\/Fontjun-2017-13.jpg 1575w\" sizes=\"auto, (max-width: 300px) 100vw, 300px\" \/><\/a><figcaption id=\"caption-attachment-873\" class=\"wp-caption-text\">Fontjun 2017. Les remerciements du Colonel Durand.<\/figcaption><\/figure>\n<p>&nbsp;<\/p>\n<p><span style=\"font-size: large;\">Apr\u00e8s les d\u00e9p\u00f4ts de gerbes, la minutes de silence, la Marseillaise et les remerciements aux portes-drapeaux, un Qr code a \u00e9t\u00e9 \u00e9galement d\u00e9voil\u00e9.<\/span><\/p>\n<figure id=\"attachment_866\" aria-describedby=\"caption-attachment-866\" style=\"width: 300px\" class=\"wp-caption aligncenter\"><a href=\"http:\/\/www.lesouvenirfrancais-saintchinian.fr\/wp-content\/uploads\/2017\/06\/Fontjun-2017-6.jpg\"><img loading=\"lazy\" decoding=\"async\" class=\"wp-image-866 size-medium\" src=\"http:\/\/www.lesouvenirfrancais-saintchinian.fr\/wp-content\/uploads\/2017\/06\/Fontjun-2017-6-300x168.jpg\" alt=\"Fontjun 2017 (6)\" width=\"300\" height=\"168\" srcset=\"https:\/\/www.lesouvenirfrancais-saintchinian.fr\/wp-content\/uploads\/2017\/06\/Fontjun-2017-6-300x168.jpg 300w, https:\/\/www.lesouvenirfrancais-saintchinian.fr\/wp-content\/uploads\/2017\/06\/Fontjun-2017-6-1024x575.jpg 1024w, https:\/\/www.lesouvenirfrancais-saintchinian.fr\/wp-content\/uploads\/2017\/06\/Fontjun-2017-6-600x337.jpg 600w, https:\/\/www.lesouvenirfrancais-saintchinian.fr\/wp-content\/uploads\/2017\/06\/Fontjun-2017-6.jpg 1575w\" sizes=\"auto, (max-width: 300px) 100vw, 300px\" \/><\/a><figcaption id=\"caption-attachment-866\" class=\"wp-caption-text\">Fontjun 2017. Pr\u00e9sentation du Qr code et du site internet par Philippe Godia.<\/figcaption><\/figure>\n<p><span style=\"font-size: large;\">Philippe Godia, Vice-pr\u00e9sident du comit\u00e9 a pr\u00e9sent\u00e9 le fonctionnement de cet outil num\u00e9rique qui permet \u00e0 l&rsquo;aide d&rsquo;un smartphone de scanner le code pr\u00e9sent sur le monument et de se diriger automatiquement sur le site internet d\u00e9di\u00e9 d\u00e9sormais \u00e0 l&rsquo;histoire de Fontjun\u00a0. On peut \u00e9galement y acc\u00e9der de son ordinateur en se rendant sur le site internet du Souvenir Fran\u00e7ais Saint-Chinian\u00a0: <\/span><\/p>\n<p><span style=\"color: #000080;\"><span lang=\"zxx\"><span style=\"text-decoration: underline;\"><a href=\"http:\/\/www.lesouvenirfrancais-saintchinian.fr\/avait\"><span style=\"font-size: large;\">http:\/\/www.lesouvenirfrancais-saintchinian.fr\/<\/span><\/a><\/span><\/span><\/span><\/p>\n<p><span style=\"font-size: large;\">Merci \u00e0 notre porte-drapeau du jour, \u00e0 savoir Christian.<\/span><\/p>\n<p>&nbsp;<\/p>\n<figure id=\"attachment_862\" aria-describedby=\"caption-attachment-862\" style=\"width: 300px\" class=\"wp-caption aligncenter\"><a href=\"http:\/\/www.lesouvenirfrancais-saintchinian.fr\/wp-content\/uploads\/2017\/06\/Fontjun-2017-1.jpg\"><img loading=\"lazy\" decoding=\"async\" class=\"wp-image-862 size-medium\" src=\"http:\/\/www.lesouvenirfrancais-saintchinian.fr\/wp-content\/uploads\/2017\/06\/Fontjun-2017-1-300x168.jpg\" alt=\"Fontjun 2017 (1)\" width=\"300\" height=\"168\" srcset=\"https:\/\/www.lesouvenirfrancais-saintchinian.fr\/wp-content\/uploads\/2017\/06\/Fontjun-2017-1-300x168.jpg 300w, https:\/\/www.lesouvenirfrancais-saintchinian.fr\/wp-content\/uploads\/2017\/06\/Fontjun-2017-1-1024x575.jpg 1024w, https:\/\/www.lesouvenirfrancais-saintchinian.fr\/wp-content\/uploads\/2017\/06\/Fontjun-2017-1-600x337.jpg 600w, https:\/\/www.lesouvenirfrancais-saintchinian.fr\/wp-content\/uploads\/2017\/06\/Fontjun-2017-1.jpg 1575w\" sizes=\"auto, (max-width: 300px) 100vw, 300px\" \/><\/a><figcaption id=\"caption-attachment-862\" class=\"wp-caption-text\">Fontjun 2017. Merci \u00e0 nos trois jeunes : Emma, Sarah et Mathilde pour leur implication.<\/figcaption><\/figure>\n<p><span style=\"font-size: large;\">Pour celles et ceux qui le souhaitaient, un ap\u00e9ritif avait \u00e9t\u00e9 organis\u00e9 par la commune de Pierrerue au cours duquel et dans la plus grande convivialit\u00e9, il a \u00e9t\u00e9 constat\u00e9 que la m\u00e9moire de Fontjun n&rsquo;\u00e9tait pas pr\u00eate de s&rsquo;\u00e9teindre.<\/span><\/p>\n<p>&nbsp;<\/p>\n<p>Philippe Godia<\/p>\n<p>Vice-pr\u00e9sident.<\/p>\n","protected":false},"excerpt":{"rendered":"<p>\u00a0\u00a0\u00a0\u00a0\u00a0\u00a0\u00a0 En pr\u00e9sence du Sous-pr\u00e9fet, du D\u00e9put\u00e9, d\u2019\u00e9lus D\u00e9partementaux, de nombreux maires et d&rsquo;\u00e9lus, de la gendarmerie, des pompiers, du Ministre Mr Font\u00e8s, d&rsquo;anciens du maquis comme les colonels Jean-Baptiste et Robert Durand, d&rsquo;associations d&rsquo;anciens combattants, et de comit\u00e9s du &#8230; <a class=\"more-link\" href=\"https:\/\/www.lesouvenirfrancais-saintchinian.fr\/?p=861\">Read More &raquo;<\/a><\/p>\n","protected":false},"author":321,"featured_media":0,"comment_status":"open","ping_status":"open","sticky":false,"template":"","format":"standard","meta":{"footnotes":""},"categories":[3],"tags":[],"class_list":["post-861","post","type-post","status-publish","format-standard","hentry","category-manifestations-et-actions"],"_links":{"self":[{"href":"https:\/\/www.lesouvenirfrancais-saintchinian.fr\/index.php?rest_route=\/wp\/v2\/posts\/861","targetHints":{"allow":["GET"]}}],"collection":[{"href":"https:\/\/www.lesouvenirfrancais-saintchinian.fr\/index.php?rest_route=\/wp\/v2\/posts"}],"about":[{"href":"https:\/\/www.lesouvenirfrancais-saintchinian.fr\/index.php?rest_route=\/wp\/v2\/types\/post"}],"author":[{"embeddable":true,"href":"https:\/\/www.lesouvenirfrancais-saintchinian.fr\/index.php?rest_route=\/wp\/v2\/users\/321"}],"replies":[{"embeddable":true,"href":"https:\/\/www.lesouvenirfrancais-saintchinian.fr\/index.php?rest_route=%2Fwp%2Fv2%2Fcomments&post=861"}],"version-history":[{"count":1,"href":"https:\/\/www.lesouvenirfrancais-saintchinian.fr\/index.php?rest_route=\/wp\/v2\/posts\/861\/revisions"}],"predecessor-version":[{"id":874,"href":"https:\/\/www.lesouvenirfrancais-saintchinian.fr\/index.php?rest_route=\/wp\/v2\/posts\/861\/revisions\/874"}],"wp:attachment":[{"href":"https:\/\/www.lesouvenirfrancais-saintchinian.fr\/index.php?rest_route=%2Fwp%2Fv2%2Fmedia&parent=861"}],"wp:term":[{"taxonomy":"category","embeddable":true,"href":"https:\/\/www.lesouvenirfrancais-saintchinian.fr\/index.php?rest_route=%2Fwp%2Fv2%2Fcategories&post=861"},{"taxonomy":"post_tag","embeddable":true,"href":"https:\/\/www.lesouvenirfrancais-saintchinian.fr\/index.php?rest_route=%2Fwp%2Fv2%2Ftags&post=861"}],"curies":[{"name":"wp","href":"https:\/\/api.w.org\/{rel}","templated":true}]}}