{"id":962,"date":"2017-09-22T11:00:51","date_gmt":"2017-09-22T10:00:51","guid":{"rendered":"http:\/\/www.lesouvenirfrancais-saintchinian.fr\/?p=962"},"modified":"2017-09-22T11:00:51","modified_gmt":"2017-09-22T10:00:51","slug":"lexposition-sur-la-revolte-des-vignerons-de-1907-a-rencontre-a-saint-chinian-un-vif-succes-lors-des-journees-du-patrimoine-des-16-et-17-septembre-2017","status":"publish","type":"post","link":"https:\/\/www.lesouvenirfrancais-saintchinian.fr\/?p=962","title":{"rendered":"L&rsquo;exposition sur la r\u00e9volte des vignerons de 1907 \u00e0 rencontr\u00e9 \u00e0 Saint-Chinian un vif succ\u00e8s lors des Journ\u00e9es du Patrimoine des 16 et 17 septembre 2017."},"content":{"rendered":"<p><span style=\"font-family: Times New Roman, serif;\"><span style=\"font-size: large;\">Plusieurs centaines de visiteurs dont des scolaires ont pu visiter cette exposition organis\u00e9e par le comit\u00e9 du Souvenir Fran\u00e7ais Saint-Chinianais dans le cadre des Journ\u00e9es Europ\u00e9ennes du Patrimoine des 16 et 17 septembre 2017.<\/span><\/span><\/p>\n<figure id=\"attachment_968\" aria-describedby=\"caption-attachment-968\" style=\"width: 300px\" class=\"wp-caption aligncenter\"><a href=\"http:\/\/www.lesouvenirfrancais-saintchinian.fr\/wp-content\/uploads\/2017\/09\/Expo-1907-SF-Saint-Chinian-sept-2017-6.jpg\"><img loading=\"lazy\" decoding=\"async\" class=\"size-medium wp-image-968\" src=\"http:\/\/www.lesouvenirfrancais-saintchinian.fr\/wp-content\/uploads\/2017\/09\/Expo-1907-SF-Saint-Chinian-sept-2017-6-300x169.jpg\" alt=\"\" width=\"300\" height=\"169\" srcset=\"https:\/\/www.lesouvenirfrancais-saintchinian.fr\/wp-content\/uploads\/2017\/09\/Expo-1907-SF-Saint-Chinian-sept-2017-6-300x169.jpg 300w, https:\/\/www.lesouvenirfrancais-saintchinian.fr\/wp-content\/uploads\/2017\/09\/Expo-1907-SF-Saint-Chinian-sept-2017-6-768x432.jpg 768w, https:\/\/www.lesouvenirfrancais-saintchinian.fr\/wp-content\/uploads\/2017\/09\/Expo-1907-SF-Saint-Chinian-sept-2017-6-1024x576.jpg 1024w, https:\/\/www.lesouvenirfrancais-saintchinian.fr\/wp-content\/uploads\/2017\/09\/Expo-1907-SF-Saint-Chinian-sept-2017-6-940x529.jpg 940w, https:\/\/www.lesouvenirfrancais-saintchinian.fr\/wp-content\/uploads\/2017\/09\/Expo-1907-SF-Saint-Chinian-sept-2017-6.jpg 1181w\" sizes=\"auto, (max-width: 300px) 100vw, 300px\" \/><\/a><figcaption id=\"caption-attachment-968\" class=\"wp-caption-text\">Installation de l&rsquo;exposition 1907 lors des journ\u00e9es du Patrimoine2017<\/figcaption><\/figure>\n<figure id=\"attachment_966\" aria-describedby=\"caption-attachment-966\" style=\"width: 300px\" class=\"wp-caption aligncenter\"><a href=\"http:\/\/www.lesouvenirfrancais-saintchinian.fr\/wp-content\/uploads\/2017\/09\/Expo-1907-SF-Saint-Chinian-sept-2017-4.jpg\"><img loading=\"lazy\" decoding=\"async\" class=\"size-medium wp-image-966\" src=\"http:\/\/www.lesouvenirfrancais-saintchinian.fr\/wp-content\/uploads\/2017\/09\/Expo-1907-SF-Saint-Chinian-sept-2017-4-300x169.jpg\" alt=\"\" width=\"300\" height=\"169\" srcset=\"https:\/\/www.lesouvenirfrancais-saintchinian.fr\/wp-content\/uploads\/2017\/09\/Expo-1907-SF-Saint-Chinian-sept-2017-4-300x169.jpg 300w, https:\/\/www.lesouvenirfrancais-saintchinian.fr\/wp-content\/uploads\/2017\/09\/Expo-1907-SF-Saint-Chinian-sept-2017-4-768x432.jpg 768w, https:\/\/www.lesouvenirfrancais-saintchinian.fr\/wp-content\/uploads\/2017\/09\/Expo-1907-SF-Saint-Chinian-sept-2017-4-1024x576.jpg 1024w, https:\/\/www.lesouvenirfrancais-saintchinian.fr\/wp-content\/uploads\/2017\/09\/Expo-1907-SF-Saint-Chinian-sept-2017-4-940x529.jpg 940w, https:\/\/www.lesouvenirfrancais-saintchinian.fr\/wp-content\/uploads\/2017\/09\/Expo-1907-SF-Saint-Chinian-sept-2017-4.jpg 1181w\" sizes=\"auto, (max-width: 300px) 100vw, 300px\" \/><\/a><figcaption id=\"caption-attachment-966\" class=\"wp-caption-text\">Installation de l&rsquo;exposition 1907 lors des journ\u00e9es du Patrimoine2017<\/figcaption><\/figure>\n<p><span style=\"font-family: Times New Roman, serif;\"><span style=\"font-size: large;\">En effet, \u00e0 l&rsquo;occasion du 110 eme anniversaire de la r\u00e9volte des vignerons de 1907, qui a dans notre territoire une grande r\u00e9sonance historique, nous avons souhait\u00e9 mettre \u00e0 disposition des visiteurs cet \u00e9pisode de notre histoire du midi\u00a0: <\/span><\/span><\/p>\n<figure id=\"attachment_972\" aria-describedby=\"caption-attachment-972\" style=\"width: 300px\" class=\"wp-caption aligncenter\"><a href=\"http:\/\/www.lesouvenirfrancais-saintchinian.fr\/wp-content\/uploads\/2017\/09\/Expo-1907-SF-Saint-Chinian-sept-2017-10.jpg\"><img loading=\"lazy\" decoding=\"async\" class=\"size-medium wp-image-972\" src=\"http:\/\/www.lesouvenirfrancais-saintchinian.fr\/wp-content\/uploads\/2017\/09\/Expo-1907-SF-Saint-Chinian-sept-2017-10-300x169.jpg\" alt=\"\" width=\"300\" height=\"169\" srcset=\"https:\/\/www.lesouvenirfrancais-saintchinian.fr\/wp-content\/uploads\/2017\/09\/Expo-1907-SF-Saint-Chinian-sept-2017-10-300x169.jpg 300w, https:\/\/www.lesouvenirfrancais-saintchinian.fr\/wp-content\/uploads\/2017\/09\/Expo-1907-SF-Saint-Chinian-sept-2017-10-768x432.jpg 768w, https:\/\/www.lesouvenirfrancais-saintchinian.fr\/wp-content\/uploads\/2017\/09\/Expo-1907-SF-Saint-Chinian-sept-2017-10-1024x576.jpg 1024w, https:\/\/www.lesouvenirfrancais-saintchinian.fr\/wp-content\/uploads\/2017\/09\/Expo-1907-SF-Saint-Chinian-sept-2017-10-940x529.jpg 940w, https:\/\/www.lesouvenirfrancais-saintchinian.fr\/wp-content\/uploads\/2017\/09\/Expo-1907-SF-Saint-Chinian-sept-2017-10.jpg 1181w\" sizes=\"auto, (max-width: 300px) 100vw, 300px\" \/><\/a><figcaption id=\"caption-attachment-972\" class=\"wp-caption-text\">Expo 1907 SF Saint Chinian sept 2017<\/figcaption><\/figure>\n<p><span style=\"font-family: Times New Roman, serif;\"><span style=\"font-size: large;\"><b>\u00ab\u00a0Pareil \u00e0 un vent de printemps, 1907 dans l&rsquo;H\u00e9rault\u00a0\u00bb<\/b><\/span><\/span><\/p>\n<p align=\"JUSTIFY\"><span style=\"font-family: Times New Roman, serif;\"><span style=\"font-size: large;\"><b>\u00ab\u00a0R\u00e9sum\u00e9 de l&rsquo;exposition\u00a0: <\/b><\/span><\/span><span style=\"font-family: Times New Roman, serif;\"><span style=\"font-size: large;\">le<\/span><\/span><span style=\"font-family: Times New Roman, serif;\"><span style=\"font-size: large;\">s \u00e9v\u00e9nement de l&rsquo;ann\u00e9e 1907 ont marqu\u00e9 la m\u00e9moire et les c\u0153urs des habitants de notre r\u00e9gion et \u00e9veillent encore en eux un \u00e9cho singulier.\u00a0 Cette ann\u00e9e l\u00e0, la chute des cours li\u00e9e \u00e0 la surproduction, fait na\u00eetre la mis\u00e8re des vignerons, qui incriminent la fraude (sucrage et mouillage).<\/span><\/span><\/p>\n<p><span style=\"font-family: Times New Roman, serif;\"><span style=\"font-size: large;\">Au mois de juin, d&rsquo;imposantes manifestations pacifiques agitent les grandes villes de l&rsquo;H\u00e9rault et de tout le midi viticole. Mais la d\u00e9mission d&rsquo;un grand nombre de municipalit\u00e9s et l&rsquo;appel \u00e0 la gr\u00e8ve de l&rsquo;imp\u00f4t marquent une intensification du mouvement. L&rsquo;arrestation par le gouvernement des principaux leaders provoque mutineries et \u00e9meutes durement r\u00e9prim\u00e9es. L&rsquo;effervescence se calme peu \u00e0 peu gr\u00e2ce \u00e0 la promulgation d&rsquo;une loi r\u00e9primant la fraude, au mouvement naissant des coop\u00e9ratives et \u00e0 la cr\u00e9ation de la Conf\u00e9d\u00e9ration g\u00e9n\u00e9rale des vignerons du Midi.<\/span><\/span><\/p>\n<p><span style=\"font-family: Times New Roman, serif;\"><span style=\"font-size: large;\">Cette exposition permet \u00e0 chacun de revisiter cette histoire en d\u00e9couvrant les actualit\u00e9s de l&rsquo;\u00e9poque \u00e0 travers sources \u00e9crites et iconographiques : journaux, affiches, tracts, banni\u00e8res, chansons, caricatures, cartes postales, brochures, t\u00e9moignages, rapports pr\u00e9fectoraux et de gendarmerie, etc.\u00a0\u00bb<\/span><\/span><\/p>\n<figure id=\"attachment_965\" aria-describedby=\"caption-attachment-965\" style=\"width: 300px\" class=\"wp-caption aligncenter\"><a href=\"http:\/\/www.lesouvenirfrancais-saintchinian.fr\/wp-content\/uploads\/2017\/09\/Expo-1907-SF-Saint-Chinian-sept-2017-3.jpg\"><img loading=\"lazy\" decoding=\"async\" class=\"size-medium wp-image-965\" src=\"http:\/\/www.lesouvenirfrancais-saintchinian.fr\/wp-content\/uploads\/2017\/09\/Expo-1907-SF-Saint-Chinian-sept-2017-3-300x169.jpg\" alt=\"\" width=\"300\" height=\"169\" srcset=\"https:\/\/www.lesouvenirfrancais-saintchinian.fr\/wp-content\/uploads\/2017\/09\/Expo-1907-SF-Saint-Chinian-sept-2017-3-300x169.jpg 300w, https:\/\/www.lesouvenirfrancais-saintchinian.fr\/wp-content\/uploads\/2017\/09\/Expo-1907-SF-Saint-Chinian-sept-2017-3-768x432.jpg 768w, https:\/\/www.lesouvenirfrancais-saintchinian.fr\/wp-content\/uploads\/2017\/09\/Expo-1907-SF-Saint-Chinian-sept-2017-3-1024x576.jpg 1024w, https:\/\/www.lesouvenirfrancais-saintchinian.fr\/wp-content\/uploads\/2017\/09\/Expo-1907-SF-Saint-Chinian-sept-2017-3-940x529.jpg 940w, https:\/\/www.lesouvenirfrancais-saintchinian.fr\/wp-content\/uploads\/2017\/09\/Expo-1907-SF-Saint-Chinian-sept-2017-3.jpg 1181w\" sizes=\"auto, (max-width: 300px) 100vw, 300px\" \/><\/a><figcaption id=\"caption-attachment-965\" class=\"wp-caption-text\">Deux b\u00e9n\u00e9voles pr\u00eatres \u00e0 accueillir les visiteurs<\/figcaption><\/figure>\n<p style=\"text-align: left;\">\n<span style=\"font-family: Times New Roman, serif;\"><span style=\"font-size: large;\">En plus des deux journ\u00e9es d\u00e9di\u00e9es aux Journ\u00e9es du patrimoine, l&rsquo;exposition \u00e9tait \u00e9galement accessible les jeudi 14, vendredi 15 et lundi 18 septembre.<\/span><\/span><\/p>\n<p><span style=\"font-family: Times New Roman, serif;\"><span style=\"font-size: large;\">Cela a permis aux \u00e9l\u00e8ves de classes de primaire et de 6eme de Saint-Chinian de venir accompagn\u00e9s de leurs enseignants respectifs, assist\u00e9s du professeur d&rsquo;histoire Jean-Marc Bagnol qui a su, comme \u00e0 son habitude rendre cette histoire vivante et compr\u00e9hensible. Le comit\u00e9 avait \u00e9galement mis \u00e0 disposition des \u00e9l\u00e8ves des livrets p\u00e9dagogiques adapt\u00e9s \u00e0 leurs classes.<\/span><\/span><\/p>\n<figure id=\"attachment_971\" aria-describedby=\"caption-attachment-971\" style=\"width: 300px\" class=\"wp-caption aligncenter\"><a href=\"http:\/\/www.lesouvenirfrancais-saintchinian.fr\/wp-content\/uploads\/2017\/09\/Expo-1907-SF-Saint-Chinian-sept-2017-9.jpg\"><img loading=\"lazy\" decoding=\"async\" class=\"size-medium wp-image-971\" src=\"http:\/\/www.lesouvenirfrancais-saintchinian.fr\/wp-content\/uploads\/2017\/09\/Expo-1907-SF-Saint-Chinian-sept-2017-9-300x225.jpg\" alt=\"\" width=\"300\" height=\"225\" srcset=\"https:\/\/www.lesouvenirfrancais-saintchinian.fr\/wp-content\/uploads\/2017\/09\/Expo-1907-SF-Saint-Chinian-sept-2017-9-300x225.jpg 300w, https:\/\/www.lesouvenirfrancais-saintchinian.fr\/wp-content\/uploads\/2017\/09\/Expo-1907-SF-Saint-Chinian-sept-2017-9-768x576.jpg 768w, https:\/\/www.lesouvenirfrancais-saintchinian.fr\/wp-content\/uploads\/2017\/09\/Expo-1907-SF-Saint-Chinian-sept-2017-9-1024x768.jpg 1024w, https:\/\/www.lesouvenirfrancais-saintchinian.fr\/wp-content\/uploads\/2017\/09\/Expo-1907-SF-Saint-Chinian-sept-2017-9-940x705.jpg 940w, https:\/\/www.lesouvenirfrancais-saintchinian.fr\/wp-content\/uploads\/2017\/09\/Expo-1907-SF-Saint-Chinian-sept-2017-9.jpg 1181w\" sizes=\"auto, (max-width: 300px) 100vw, 300px\" \/><\/a><figcaption id=\"caption-attachment-971\" class=\"wp-caption-text\">Expo 1907 SF Saint Chinian sept 2017<br \/>Des coll\u00e9giens studieux.<\/figcaption><\/figure>\n<figure id=\"attachment_964\" aria-describedby=\"caption-attachment-964\" style=\"width: 300px\" class=\"wp-caption aligncenter\"><a href=\"http:\/\/www.lesouvenirfrancais-saintchinian.fr\/wp-content\/uploads\/2017\/09\/Expo-1907-SF-Saint-Chinian-sept-2017-2.jpg\"><img loading=\"lazy\" decoding=\"async\" class=\"size-medium wp-image-964\" src=\"http:\/\/www.lesouvenirfrancais-saintchinian.fr\/wp-content\/uploads\/2017\/09\/Expo-1907-SF-Saint-Chinian-sept-2017-2-300x225.jpg\" alt=\"\" width=\"300\" height=\"225\" srcset=\"https:\/\/www.lesouvenirfrancais-saintchinian.fr\/wp-content\/uploads\/2017\/09\/Expo-1907-SF-Saint-Chinian-sept-2017-2-300x225.jpg 300w, https:\/\/www.lesouvenirfrancais-saintchinian.fr\/wp-content\/uploads\/2017\/09\/Expo-1907-SF-Saint-Chinian-sept-2017-2-768x576.jpg 768w, https:\/\/www.lesouvenirfrancais-saintchinian.fr\/wp-content\/uploads\/2017\/09\/Expo-1907-SF-Saint-Chinian-sept-2017-2-1024x768.jpg 1024w, https:\/\/www.lesouvenirfrancais-saintchinian.fr\/wp-content\/uploads\/2017\/09\/Expo-1907-SF-Saint-Chinian-sept-2017-2-940x705.jpg 940w, https:\/\/www.lesouvenirfrancais-saintchinian.fr\/wp-content\/uploads\/2017\/09\/Expo-1907-SF-Saint-Chinian-sept-2017-2.jpg 1181w\" sizes=\"auto, (max-width: 300px) 100vw, 300px\" \/><\/a><figcaption id=\"caption-attachment-964\" class=\"wp-caption-text\">Expo 1907 SF Saint Chinian sept 2017<br \/>Des coll\u00e9giens studieux<\/figcaption><\/figure>\n<p><span style=\"font-family: Times New Roman, serif;\"><span style=\"font-size: large;\">Les autres \u00e9coles et coll\u00e8ges de la communaut\u00e9 de communes avaient \u00e9t\u00e9 bien entendu \u00e9galement invit\u00e9s.<\/span><\/span><\/p>\n<p><span style=\"font-family: Times New Roman, serif;\"><span style=\"font-size: large;\">Les visiteurs ont parfois reconnu un a\u00efeul sur une photo, nous ont apport\u00e9 des pr\u00e9cisions, sont parfois revenus plusieurs fois, ont appr\u00e9ci\u00e9 le film qui \u00e9tait r\u00e9guli\u00e8rement projet\u00e9.<\/span><\/span><\/p>\n<p><span style=\"font-family: Times New Roman, serif;\"><span style=\"font-size: large;\">Un public tr\u00e8s large \u00e9tait pr\u00e9sent, de tous horizons, certains venaient d\u00e9couvrir cette aspect de notre histoire, d&rsquo;autres souhaitaient l&rsquo;approfondir.<\/span><\/span><\/p>\n<figure id=\"attachment_969\" aria-describedby=\"caption-attachment-969\" style=\"width: 300px\" class=\"wp-caption aligncenter\"><a href=\"http:\/\/www.lesouvenirfrancais-saintchinian.fr\/wp-content\/uploads\/2017\/09\/Expo-1907-SF-Saint-Chinian-sept-2017-7.jpg\"><img loading=\"lazy\" decoding=\"async\" class=\"size-medium wp-image-969\" src=\"http:\/\/www.lesouvenirfrancais-saintchinian.fr\/wp-content\/uploads\/2017\/09\/Expo-1907-SF-Saint-Chinian-sept-2017-7-300x169.jpg\" alt=\"\" width=\"300\" height=\"169\" srcset=\"https:\/\/www.lesouvenirfrancais-saintchinian.fr\/wp-content\/uploads\/2017\/09\/Expo-1907-SF-Saint-Chinian-sept-2017-7-300x169.jpg 300w, https:\/\/www.lesouvenirfrancais-saintchinian.fr\/wp-content\/uploads\/2017\/09\/Expo-1907-SF-Saint-Chinian-sept-2017-7-768x432.jpg 768w, https:\/\/www.lesouvenirfrancais-saintchinian.fr\/wp-content\/uploads\/2017\/09\/Expo-1907-SF-Saint-Chinian-sept-2017-7-1024x576.jpg 1024w, https:\/\/www.lesouvenirfrancais-saintchinian.fr\/wp-content\/uploads\/2017\/09\/Expo-1907-SF-Saint-Chinian-sept-2017-7-940x529.jpg 940w, https:\/\/www.lesouvenirfrancais-saintchinian.fr\/wp-content\/uploads\/2017\/09\/Expo-1907-SF-Saint-Chinian-sept-2017-7.jpg 1181w\" sizes=\"auto, (max-width: 300px) 100vw, 300px\" \/><\/a><figcaption id=\"caption-attachment-969\" class=\"wp-caption-text\">Expo 1907 SF Saint Chinian sept 2017<br \/>Projection par petit groupe r\u00e9gulier.<\/figcaption><\/figure>\n<p><span style=\"font-family: Times New Roman, serif;\"><span style=\"font-size: large;\">L&rsquo;ancien ministre Monsieur Georges Font\u00e8s nous a fait l&rsquo;honneur de sa pr\u00e9sence, tout comme le Secr\u00e9taire D\u00e9partemental du Souvenir Fran\u00e7ais de l&rsquo;H\u00e9rault, Monsieur<br \/>\nClaude Gauran.<\/span><\/span><\/p>\n<p><span style=\"font-family: Times New Roman, serif;\"><span style=\"font-size: large;\">Mais \u00e0 nos adh\u00e9rents, sans lesquels rien n&rsquo;aurait \u00e9t\u00e9 possible car il fallu chercher l&rsquo;exposition avec un camion \u00e0 Montpellier, l&rsquo;installer, faire des tours de pr\u00e9sence, se relayer, \u00e9changer avec les visiteurs (ce qui fut tr\u00e8s enrichissant) et enfin r\u00e9-emballer&#8230;&#8230;<\/span><\/span><\/p>\n<p><span style=\"font-family: Times New Roman, serif;\"><span style=\"font-size: large;\">Merci \u00e0 Josette, Suzanne, Dani\u00e8le, H\u00e9l\u00e8ne, Michel, Jacques, Eric et Philippe pour leur aide et leur implication. <\/span><\/span><\/p>\n<p><span style=\"font-family: Times New Roman, serif;\"><span style=\"font-size: large;\"><i>Pour terminer, nous tenons a remercier vivement les Archives d\u00e9partementales de l&rsquo;H\u00e9rault (Pierresvives),qui en collaboration avec l&rsquo;association Universit\u00e9 et recherche en Biterrois ont r\u00e9alis\u00e9 cette exposition de grande qualit\u00e9, et ont permis donc de rendre ces rencontres possibles, ludiques et m\u00e9morielles.<\/i><\/span><\/span><\/p>\n<p>Philippe Godia<\/p>\n<p>Vice-pr\u00e9sident<\/p>\n","protected":false},"excerpt":{"rendered":"<p>Plusieurs centaines de visiteurs dont des scolaires ont pu visiter cette exposition organis\u00e9e par le comit\u00e9 du Souvenir Fran\u00e7ais Saint-Chinianais dans le cadre des Journ\u00e9es Europ\u00e9ennes du Patrimoine des 16 et 17 septembre 2017. En effet, \u00e0 l&rsquo;occasion du 110 &#8230; <a class=\"more-link\" href=\"https:\/\/www.lesouvenirfrancais-saintchinian.fr\/?p=962\">Read More &raquo;<\/a><\/p>\n","protected":false},"author":321,"featured_media":0,"comment_status":"closed","ping_status":"closed","sticky":false,"template":"","format":"standard","meta":{"footnotes":""},"categories":[3],"tags":[],"class_list":["post-962","post","type-post","status-publish","format-standard","hentry","category-manifestations-et-actions"],"_links":{"self":[{"href":"https:\/\/www.lesouvenirfrancais-saintchinian.fr\/index.php?rest_route=\/wp\/v2\/posts\/962","targetHints":{"allow":["GET"]}}],"collection":[{"href":"https:\/\/www.lesouvenirfrancais-saintchinian.fr\/index.php?rest_route=\/wp\/v2\/posts"}],"about":[{"href":"https:\/\/www.lesouvenirfrancais-saintchinian.fr\/index.php?rest_route=\/wp\/v2\/types\/post"}],"author":[{"embeddable":true,"href":"https:\/\/www.lesouvenirfrancais-saintchinian.fr\/index.php?rest_route=\/wp\/v2\/users\/321"}],"replies":[{"embeddable":true,"href":"https:\/\/www.lesouvenirfrancais-saintchinian.fr\/index.php?rest_route=%2Fwp%2Fv2%2Fcomments&post=962"}],"version-history":[{"count":1,"href":"https:\/\/www.lesouvenirfrancais-saintchinian.fr\/index.php?rest_route=\/wp\/v2\/posts\/962\/revisions"}],"predecessor-version":[{"id":973,"href":"https:\/\/www.lesouvenirfrancais-saintchinian.fr\/index.php?rest_route=\/wp\/v2\/posts\/962\/revisions\/973"}],"wp:attachment":[{"href":"https:\/\/www.lesouvenirfrancais-saintchinian.fr\/index.php?rest_route=%2Fwp%2Fv2%2Fmedia&parent=962"}],"wp:term":[{"taxonomy":"category","embeddable":true,"href":"https:\/\/www.lesouvenirfrancais-saintchinian.fr\/index.php?rest_route=%2Fwp%2Fv2%2Fcategories&post=962"},{"taxonomy":"post_tag","embeddable":true,"href":"https:\/\/www.lesouvenirfrancais-saintchinian.fr\/index.php?rest_route=%2Fwp%2Fv2%2Ftags&post=962"}],"curies":[{"name":"wp","href":"https:\/\/api.w.org\/{rel}","templated":true}]}}