{"id":976,"date":"2017-11-06T18:36:54","date_gmt":"2017-11-06T17:36:54","guid":{"rendered":"http:\/\/www.lesouvenirfrancais-saintchinian.fr\/?p=976"},"modified":"2017-11-06T18:36:54","modified_gmt":"2017-11-06T17:36:54","slug":"reunion-de-rentree-et-projets","status":"publish","type":"post","link":"https:\/\/www.lesouvenirfrancais-saintchinian.fr\/?p=976","title":{"rendered":"R\u00e9union de rentr\u00e9e et projets"},"content":{"rendered":"<p style=\"text-align: center;\"><strong>La r\u00e9union de rentr\u00e9e de notre comit\u00e9 s&rsquo;est d\u00e9roul\u00e9e le mardi 24 octobre \u00e0 18h30, salle de l&rsquo;Abbatiale \u00e0 Saint-Chinian.<\/strong><\/p>\n<p><span style=\"font-family: Times New Roman, serif;\"><span style=\"font-size: large;\">Elle a d\u00e9but\u00e9 par une minute de silence en l&rsquo;honneur, d&rsquo;une part, du G\u00e9n\u00e9ral Adolphe Le Merre, Arm\u00e9e de Terre, Artillerie, de la promotion \u00ab\u00a0Rome et Strasbourg\u00a0\u00bb, membre du Souvenir Fran\u00e7ais de Cruzy, dont le d\u00e9c\u00e8s est survenu le 17 octobre 2017 \u00e0 l&rsquo;\u00e2ge de 94 ans. Officier de la L\u00e9gion d&rsquo;honneur, et d&rsquo;autre part, pour notre ami et traiteur Robert No\u00e9 qui nous a quitt\u00e9 le 22 juillet. Sa joie de vivre et ses bons d\u00e9jeuners nous manquerons.<\/span><\/span><\/p>\n<p style=\"text-align: center;\" align=\"JUSTIFY\">\n<span style=\"font-size: large;\"><strong><span style=\"font-family: Times New Roman, serif;\">Divers sujets \u00e9t\u00e9 \u00e9voqu\u00e9s, tels que :<\/span><\/strong><\/span><\/p>\n<p align=\"JUSTIFY\">\n<span style=\"font-family: Times New Roman, serif;\"><span style=\"font-size: large;\">1\/ le bilan des journ\u00e9es du Patrimoine 2017, avec plus de 400 visiteurs venus visiter notre exposition relative \u00e0 la r\u00e9volte des vignerons de 1907.<\/span><\/span><\/p>\n<figure id=\"attachment_966\" aria-describedby=\"caption-attachment-966\" style=\"width: 300px\" class=\"wp-caption aligncenter\"><a href=\"http:\/\/www.lesouvenirfrancais-saintchinian.fr\/wp-content\/uploads\/2017\/09\/Expo-1907-SF-Saint-Chinian-sept-2017-4.jpg\"><img loading=\"lazy\" decoding=\"async\" class=\"size-medium wp-image-966\" src=\"http:\/\/www.lesouvenirfrancais-saintchinian.fr\/wp-content\/uploads\/2017\/09\/Expo-1907-SF-Saint-Chinian-sept-2017-4-300x169.jpg\" alt=\"\" width=\"300\" height=\"169\" srcset=\"https:\/\/www.lesouvenirfrancais-saintchinian.fr\/wp-content\/uploads\/2017\/09\/Expo-1907-SF-Saint-Chinian-sept-2017-4-300x169.jpg 300w, https:\/\/www.lesouvenirfrancais-saintchinian.fr\/wp-content\/uploads\/2017\/09\/Expo-1907-SF-Saint-Chinian-sept-2017-4-768x432.jpg 768w, https:\/\/www.lesouvenirfrancais-saintchinian.fr\/wp-content\/uploads\/2017\/09\/Expo-1907-SF-Saint-Chinian-sept-2017-4-1024x576.jpg 1024w, https:\/\/www.lesouvenirfrancais-saintchinian.fr\/wp-content\/uploads\/2017\/09\/Expo-1907-SF-Saint-Chinian-sept-2017-4-940x529.jpg 940w, https:\/\/www.lesouvenirfrancais-saintchinian.fr\/wp-content\/uploads\/2017\/09\/Expo-1907-SF-Saint-Chinian-sept-2017-4.jpg 1181w\" sizes=\"auto, (max-width: 300px) 100vw, 300px\" \/><\/a><figcaption id=\"caption-attachment-966\" class=\"wp-caption-text\">Installation de l&rsquo;exposition 1907 lors des journ\u00e9es du Patrimoine2017<\/figcaption><\/figure>\n<p align=\"JUSTIFY\"><span style=\"font-family: Times New Roman, serif;\"><span style=\"font-size: large;\">2\/ les plannings de permanence des volontaires afin de pouvoir assurer la qu\u00eate au cimeti\u00e8re sur cinq jours, qu\u00eate obligatoire et dont la moiti\u00e9 des dons est revers\u00e9e au si\u00e8ge, \u00e0 Paris.<\/span><\/span><\/p>\n<figure id=\"attachment_977\" aria-describedby=\"caption-attachment-977\" style=\"width: 300px\" class=\"wp-caption aligncenter\"><a href=\"http:\/\/www.lesouvenirfrancais-saintchinian.fr\/wp-content\/uploads\/2017\/11\/20171101_112210_resized.jpg\"><img loading=\"lazy\" decoding=\"async\" class=\"size-medium wp-image-977\" src=\"http:\/\/www.lesouvenirfrancais-saintchinian.fr\/wp-content\/uploads\/2017\/11\/20171101_112210_resized-300x169.jpg\" alt=\"\" width=\"300\" height=\"169\" srcset=\"https:\/\/www.lesouvenirfrancais-saintchinian.fr\/wp-content\/uploads\/2017\/11\/20171101_112210_resized-300x169.jpg 300w, https:\/\/www.lesouvenirfrancais-saintchinian.fr\/wp-content\/uploads\/2017\/11\/20171101_112210_resized-768x432.jpg 768w, https:\/\/www.lesouvenirfrancais-saintchinian.fr\/wp-content\/uploads\/2017\/11\/20171101_112210_resized-1024x576.jpg 1024w, https:\/\/www.lesouvenirfrancais-saintchinian.fr\/wp-content\/uploads\/2017\/11\/20171101_112210_resized-940x529.jpg 940w\" sizes=\"auto, (max-width: 300px) 100vw, 300px\" \/><\/a><figcaption id=\"caption-attachment-977\" class=\"wp-caption-text\">Qu\u00eate 2017<\/figcaption><\/figure>\n<p align=\"JUSTIFY\"><span style=\"font-family: Times New Roman, serif;\"><span style=\"font-size: large;\">Elle s&rsquo;est bien d\u00e9roul\u00e9e, merci \u00e0 Josette, Suzanne, Danielle, H\u00e9l\u00e8ne Didier, Andr\u00e9, Daniel, Eric et Philippe.<\/span><\/span><\/p>\n<p align=\"JUSTIFY\"><span style=\"font-family: Times New Roman, serif;\"><span style=\"font-size: large;\">3\/ L&rsquo;exposition \u00e0 venir du 11 au 14 novembre a \u00e9galement fait l&rsquo;objet d&rsquo;un planning.<\/span><\/span><\/p>\n<p align=\"JUSTIFY\"><span style=\"font-family: Times New Roman, serif;\"><span style=\"font-size: large;\">4\/ Le nettoyage des carr\u00e9s militaires de Saint-Chinian, Pierrerue ainsi que le monument aux morts de Babeau-Bouldoux ont \u00e9t\u00e9 \u00e9galement planifi\u00e9.<\/span><\/span><\/p>\n<p align=\"JUSTIFY\"><span style=\"font-family: Times New Roman, serif;\"><span style=\"font-size: large;\">5\/ Confirmation du voyage scolaire des classes de 3eme des coll\u00e8ges de Cessenon et de Saint-Chinian au camp des Milles (Aix en Provence) sur une journ\u00e9e au mois d&rsquo;avril.<\/span><\/span><\/p>\n<figure id=\"attachment_978\" aria-describedby=\"caption-attachment-978\" style=\"width: 300px\" class=\"wp-caption aligncenter\"><a href=\"http:\/\/www.lesouvenirfrancais-saintchinian.fr\/wp-content\/uploads\/2017\/11\/Camp-des-Milles.png\"><img loading=\"lazy\" decoding=\"async\" class=\"size-medium wp-image-978\" src=\"http:\/\/www.lesouvenirfrancais-saintchinian.fr\/wp-content\/uploads\/2017\/11\/Camp-des-Milles-300x105.png\" alt=\"\" width=\"300\" height=\"105\" srcset=\"https:\/\/www.lesouvenirfrancais-saintchinian.fr\/wp-content\/uploads\/2017\/11\/Camp-des-Milles-300x105.png 300w, https:\/\/www.lesouvenirfrancais-saintchinian.fr\/wp-content\/uploads\/2017\/11\/Camp-des-Milles.png 379w\" sizes=\"auto, (max-width: 300px) 100vw, 300px\" \/><\/a><figcaption id=\"caption-attachment-978\" class=\"wp-caption-text\">Camp des Milles<\/figcaption><\/figure>\n<p align=\"JUSTIFY\"><span style=\"font-family: Times New Roman, serif;\"><span style=\"font-size: large;\">A noter que c&rsquo;est le seul grand camp fran\u00e7ais d\u2019internement et de d\u00e9portation encore intact et accessible au public, le Camp des Milles est aujourd\u2019hui un mus\u00e9e d\u2019Histoire et des Sciences de l\u2019Homme innovant et unique en France. Ce parcours, adapt\u00e9 aux adultes et aux enfants est d\u00e9di\u00e9 \u00e0 la connaissance, \u00e0 l\u2019\u00e9motion et \u00e0 la r\u00e9flexion. Il est confort\u00e9 par plusieurs dispositifs majeurs, notamment plus de 48 films<\/span><\/span><\/p>\n<p align=\"JUSTIFY\"><span style=\"font-family: Times New Roman, serif;\"><span style=\"font-size: large;\">Plus d&rsquo;infos\u00a0: <\/span><\/span><span style=\"color: #000080;\"><span lang=\"zxx\"><u><a href=\"http:\/\/www.campdesmilles.org\/\">http:\/\/www.campdesmilles.org\/<\/a><\/u><\/span><\/span><\/p>\n<p align=\"JUSTIFY\"><span style=\"font-family: Times New Roman, serif;\"><span style=\"font-size: large;\">Il sera financ\u00e9 par notre comit\u00e9 et une petite participation des parents.<\/span><\/span><\/p>\n<p align=\"JUSTIFY\"><span style=\"font-family: Times New Roman, serif;\"><span style=\"font-size: large;\">6\/ Confirmation du futur chantier, \u00e0 savoir la r\u00e9novation du monument aux morts de Prades-sur-Vernazobres, avec \u00e9galement la pose d&rsquo;un m\u00e2t aux couleurs.<\/span><\/span><\/p>\n<p align=\"JUSTIFY\"><span style=\"font-family: Times New Roman, serif;\"><span style=\"font-size: large;\">De plus il b\u00e9n\u00e9ficiera d&rsquo;un site internet sp\u00e9cialement d\u00e9di\u00e9 aux morts pour la France de la commune et d\u00e9s que le r\u00e9seau GSM le permettra d&rsquo;un Qr Code.<\/span><\/span><\/p>\n<p align=\"JUSTIFY\"><span style=\"font-family: Times New Roman, serif;\"><span style=\"font-size: large;\">7\/ Les recherches vont bient\u00f4t d\u00e9buter \u00e0 C\u00e9bazan afin que le monument aux morts dispose d&rsquo;un Qr code et d&rsquo;un site internet d\u00e9di\u00e9 \u00e0 leurs morts pour la France.<\/span><\/span><\/p>\n<p align=\"JUSTIFY\"><span style=\"font-family: Times New Roman, serif;\"><span style=\"font-size: large;\">8\/ Faisant suite depuis la cr\u00e9ation du comit\u00e9 \u00e0 de nombreuse demande, il sera organis\u00e9 par notre comit\u00e9 un r\u00e9veillon du jour de l&rsquo;an.<\/span><\/span><\/p>\n<p align=\"JUSTIFY\"><span style=\"font-family: Times New Roman, serif;\"><span style=\"font-size: large;\">Repas de f\u00eate au prix de 55 euros vin compris (champagne en suppl\u00e9ment au prix de 22 euros la bouteille). Le d\u00eener est ouvert aux adh\u00e9rents, amis, familles&#8230;d\u00e9tails du menu nous contacter. Menu pr\u00e9par\u00e9 par Adrien Distilli, restaurateur \u00e0 Saint-Chinian.<\/span><\/span><\/p>\n<p align=\"JUSTIFY\"><span style=\"font-family: Times New Roman, serif;\"><span style=\"font-size: large;\">9\/ Pour terminer, une information tr\u00e8s importante est que nous vous confirmons\u00a0: <\/span><\/span><span style=\"font-family: Times New Roman, serif;\"><span style=\"font-size: large;\">le rapprochement entre les comit\u00e9s de Saint-Chinian et de Cruzy a pris la forme d&rsquo;une fusion.<\/span><\/span><\/p>\n<p align=\"JUSTIFY\"><span style=\"font-family: Times New Roman, serif;\"><span style=\"font-size: large;\">Cela \u00e0 la demande du Colonel Jean Valdeyron, Pr\u00e9sident Honoraire, qui a souhait\u00e9 ce rattachement afin que perdurent ses actions et que ses adh\u00e9rents puissent, entre autres,\u00a0continuer \u00e0 porter le Souvenir des soldats de Cruzy.<\/span><\/span><\/p>\n<p align=\"JUSTIFY\"><span style=\"font-family: Times New Roman, serif;\"><span style=\"font-size: large;\">Il faut souligner qu&rsquo;une grande confiance r\u00e8gne entre nous, d&rsquo;ailleurs le Colonel Valdeyron ainsi que Jacques Belot, Pr\u00e9sident du comit\u00e9 de Saint-Pons nous ont aid\u00e9 par leurs pr\u00e9cieux conseils lors de la cr\u00e9ation de notre comit\u00e9 fin 2013.<\/span><\/span><\/p>\n<p align=\"JUSTIFY\"><span style=\"font-family: Times New Roman, serif;\"><span style=\"font-size: large;\">10\/ Notre comit\u00e9 inaugurera une exposition, salle de l&rsquo;Abbatiale \u00e0 Saint-Chinian, le samedi 11 novembre \u00e0 17h00 intitul\u00e9e \u00ab\u00a0D&rsquo;une guerre \u00e0 l&rsquo;autre\u00a0\u00bb<\/span><\/span><\/p>\n<p style=\"text-align: center;\" align=\"JUSTIFY\"><a href=\"http:\/\/www.lesouvenirfrancais-saintchinian.fr\/wp-content\/uploads\/2017\/11\/1.jpg\"><img loading=\"lazy\" decoding=\"async\" class=\"aligncenter size-medium wp-image-980\" src=\"http:\/\/www.lesouvenirfrancais-saintchinian.fr\/wp-content\/uploads\/2017\/11\/1-166x300.jpg\" alt=\"\" width=\"166\" height=\"300\" srcset=\"https:\/\/www.lesouvenirfrancais-saintchinian.fr\/wp-content\/uploads\/2017\/11\/1-166x300.jpg 166w, https:\/\/www.lesouvenirfrancais-saintchinian.fr\/wp-content\/uploads\/2017\/11\/1-768x1388.jpg 768w, https:\/\/www.lesouvenirfrancais-saintchinian.fr\/wp-content\/uploads\/2017\/11\/1-567x1024.jpg 567w, https:\/\/www.lesouvenirfrancais-saintchinian.fr\/wp-content\/uploads\/2017\/11\/1-940x1699.jpg 940w\" sizes=\"auto, (max-width: 166px) 100vw, 166px\" \/><\/a><\/p>\n<p style=\"text-align: center;\" align=\"JUSTIFY\"><a href=\"http:\/\/www.lesouvenirfrancais-saintchinian.fr\/wp-content\/uploads\/2017\/11\/1919-1939-Dune-guerre-\u00e0-lautre_page_001.jpg\">\u00a0<\/a><\/p>\n<p align=\"JUSTIFY\"><span style=\"font-family: Times New Roman, serif;\"><span style=\"font-size: large;\">La chorale de P\u00e9pieux \u00ab\u00a0 Le Minervois en chantant\u00a0\u00bb nous fait l&rsquo;honneur de sa pr\u00e9sence avec un r\u00e9cital, gratuit,\u00a0sp\u00e9cialement adapt\u00e9 \u00e0 l\u2019exposition. Elle reprendra afin de rappeler notre pr\u00e9c\u00e9dente exposition de septembre des chants d\u00e9di\u00e9s \u00e0 la r\u00e9volte des vignerons de 1907, des chants de 14\/18, de l&rsquo;entre-deux-guerre jusqu&rsquo;\u00e0 la veille de la seconde guerre mondiale. La Marseillaise cl\u00f4turera ce r\u00e9cital, et c&rsquo;est avec \u00ab\u00a0Coupo Santo et Se Canto\u00a0\u00bb que nous prendrons le verre de l&rsquo;amiti\u00e9 ensemble.<\/span><\/span><\/p>\n<p align=\"JUSTIFY\"><span style=\"font-family: Times New Roman, serif;\"><span style=\"font-size: large;\">Nous avons \u00e9galement annonc\u00e9 une exposition intitul\u00e9e \u00ab\u00a0 Nos anc\u00eatre les poilus\u00a0\u00bb organis\u00e9e par \u00ab\u00a0Richesses du Saint-Chinianais\u00a0\u00bb qui a lieu du 26 octobre au 10 novembre dans la galerie de la M\u00e9diath\u00e8que de Saint-Chinian.<\/span><\/span><\/p>\n<p align=\"JUSTIFY\"><span style=\"font-family: Times New Roman, serif;\"><span style=\"font-size: large;\">Normalement le d\u00e9tail des comm\u00e9morations li\u00e9es au 11 novembre est disponible dans vos mairies respectives, panneaux d\u2019affichage ou mailing list.<br \/>\n<\/span><\/span><span style=\"font-family: Times New Roman, serif;\"><span style=\"font-size: large;\"><br \/>\nA tr\u00e8s bient\u00f4t<\/span><\/span><br \/>\n<span style=\"font-family: Times New Roman, serif;\"><span style=\"font-size: large;\">Philippe Godia<br \/>\n<\/span><\/span><span style=\"font-family: Times New Roman, serif;\"><span style=\"font-size: large;\">Vice-pr\u00e9sident<\/span><\/span><\/p>\n<p align=\"JUSTIFY\"><span style=\"font-family: Times New Roman, serif;\"><span style=\"font-size: large;\">\u00a0<\/span><\/span><\/p>\n<p align=\"JUSTIFY\">\n","protected":false},"excerpt":{"rendered":"<p>La r\u00e9union de rentr\u00e9e de notre comit\u00e9 s&rsquo;est d\u00e9roul\u00e9e le mardi 24 octobre \u00e0 18h30, salle de l&rsquo;Abbatiale \u00e0 Saint-Chinian. Elle a d\u00e9but\u00e9 par une minute de silence en l&rsquo;honneur, d&rsquo;une part, du G\u00e9n\u00e9ral Adolphe Le Merre, Arm\u00e9e de Terre, &#8230; <a class=\"more-link\" href=\"https:\/\/www.lesouvenirfrancais-saintchinian.fr\/?p=976\">Read More &raquo;<\/a><\/p>\n","protected":false},"author":321,"featured_media":0,"comment_status":"closed","ping_status":"closed","sticky":false,"template":"","format":"standard","meta":{"footnotes":""},"categories":[3],"tags":[],"class_list":["post-976","post","type-post","status-publish","format-standard","hentry","category-manifestations-et-actions"],"_links":{"self":[{"href":"https:\/\/www.lesouvenirfrancais-saintchinian.fr\/index.php?rest_route=\/wp\/v2\/posts\/976","targetHints":{"allow":["GET"]}}],"collection":[{"href":"https:\/\/www.lesouvenirfrancais-saintchinian.fr\/index.php?rest_route=\/wp\/v2\/posts"}],"about":[{"href":"https:\/\/www.lesouvenirfrancais-saintchinian.fr\/index.php?rest_route=\/wp\/v2\/types\/post"}],"author":[{"embeddable":true,"href":"https:\/\/www.lesouvenirfrancais-saintchinian.fr\/index.php?rest_route=\/wp\/v2\/users\/321"}],"replies":[{"embeddable":true,"href":"https:\/\/www.lesouvenirfrancais-saintchinian.fr\/index.php?rest_route=%2Fwp%2Fv2%2Fcomments&post=976"}],"version-history":[{"count":1,"href":"https:\/\/www.lesouvenirfrancais-saintchinian.fr\/index.php?rest_route=\/wp\/v2\/posts\/976\/revisions"}],"predecessor-version":[{"id":981,"href":"https:\/\/www.lesouvenirfrancais-saintchinian.fr\/index.php?rest_route=\/wp\/v2\/posts\/976\/revisions\/981"}],"wp:attachment":[{"href":"https:\/\/www.lesouvenirfrancais-saintchinian.fr\/index.php?rest_route=%2Fwp%2Fv2%2Fmedia&parent=976"}],"wp:term":[{"taxonomy":"category","embeddable":true,"href":"https:\/\/www.lesouvenirfrancais-saintchinian.fr\/index.php?rest_route=%2Fwp%2Fv2%2Fcategories&post=976"},{"taxonomy":"post_tag","embeddable":true,"href":"https:\/\/www.lesouvenirfrancais-saintchinian.fr\/index.php?rest_route=%2Fwp%2Fv2%2Ftags&post=976"}],"curies":[{"name":"wp","href":"https:\/\/api.w.org\/{rel}","templated":true}]}}