{"id":983,"date":"2017-12-07T17:47:42","date_gmt":"2017-12-07T16:47:42","guid":{"rendered":"http:\/\/www.lesouvenirfrancais-saintchinian.fr\/?p=983"},"modified":"2017-12-07T17:47:42","modified_gmt":"2017-12-07T16:47:42","slug":"bilan-de-lexposition-dune-guerre-a-lautre-du-samedi-11-novembre-2017","status":"publish","type":"post","link":"https:\/\/www.lesouvenirfrancais-saintchinian.fr\/?p=983","title":{"rendered":"Bilan de l&rsquo;exposition \u00ab D&rsquo;une guerre \u00e0 l&rsquo;autre \u00bb du samedi 11 novembre 2017"},"content":{"rendered":"<p style=\"text-align: left;\">\n<figure id=\"attachment_986\" aria-describedby=\"caption-attachment-986\" style=\"width: 300px\" class=\"wp-caption aligncenter\"><a href=\"http:\/\/www.lesouvenirfrancais-saintchinian.fr\/wp-content\/uploads\/2017\/12\/Expo-11-nov-2017-3.jpg\"><img loading=\"lazy\" decoding=\"async\" class=\"size-medium wp-image-986\" src=\"http:\/\/www.lesouvenirfrancais-saintchinian.fr\/wp-content\/uploads\/2017\/12\/Expo-11-nov-2017-3-300x169.jpg\" alt=\"\" width=\"300\" height=\"169\" srcset=\"https:\/\/www.lesouvenirfrancais-saintchinian.fr\/wp-content\/uploads\/2017\/12\/Expo-11-nov-2017-3-300x169.jpg 300w, https:\/\/www.lesouvenirfrancais-saintchinian.fr\/wp-content\/uploads\/2017\/12\/Expo-11-nov-2017-3-768x432.jpg 768w, https:\/\/www.lesouvenirfrancais-saintchinian.fr\/wp-content\/uploads\/2017\/12\/Expo-11-nov-2017-3-1024x576.jpg 1024w, https:\/\/www.lesouvenirfrancais-saintchinian.fr\/wp-content\/uploads\/2017\/12\/Expo-11-nov-2017-3-940x529.jpg 940w, https:\/\/www.lesouvenirfrancais-saintchinian.fr\/wp-content\/uploads\/2017\/12\/Expo-11-nov-2017-3.jpg 1181w\" sizes=\"auto, (max-width: 300px) 100vw, 300px\" \/><\/a><figcaption id=\"caption-attachment-986\" class=\"wp-caption-text\">Exposition \u00ab\u00a0d&rsquo;une guerre \u00e0 l&rsquo;autre\u00a0\u00bb \u00e0 Saint-Chinian le 11 novembre 2017<\/figcaption><\/figure>\n<p style=\"text-align: left;\" align=\"CENTER\"><span style=\"font-size: large;\">Le comit\u00e9 du Saint-Chinianais a souhait\u00e9, en ce jour symbolique du 11 novembre qui marque la fin des combats de la premi\u00e8re guerre mondiale, honorer nos morts pour la France et saluer le courage de ceux qui en sont revenus, parfois bless\u00e9s, parfois bris\u00e9s. Nous avions donc planifi\u00e9 d&rsquo; inaugurer en ce jour cette exposition devant un public nombreux.<\/span><\/p>\n<p style=\"text-align: left;\"><span style=\"font-size: large;\">Constitu\u00e9e de 40 panneaux mis \u00e0 notre disposition par l&rsquo;ONAC (34), nous les en remercions, elle \u00e9tait consacr\u00e9e \u00e0 l&rsquo;entre-deux-guerre et s&rsquo;ouvrait naturellement sur le bilan de la premi\u00e8re guerre mondiale et se concluait par le d\u00e9clenchement de la seconde, en passant par la mont\u00e9e des p\u00e9rils.<\/span><\/p>\n<p style=\"text-align: left;\"><span style=\"font-size: large;\">L&rsquo;exposition rendait compte des bouleversements politiques et sociaux de cette p\u00e9riode avec la nouvelle carte de l\u2019Europe, l&rsquo;\u00e9mancipation des femmes, le pacifisme, la guerre d\u2019Espagne, la mont\u00e9e des fascismes, le bouillonnement artistique des ann\u00e9es folles ainsi que le front populaire. Cette exposition nous a replong\u00e9 dans l&rsquo;histoire de France et de l\u2019Europe. Elle s&rsquo;est d\u00e9roul\u00e9e du samedi 11 novembre au mardi14 novembre gr\u00e2ce \u00e0 nos adh\u00e9rents qui se sont relay\u00e9s pour assurer une pr\u00e9sence quasi permanente ainsi que le montage et le d\u00e9montage des panneaux. <\/span><\/p>\n<p style=\"text-align: left;\"><span style=\"font-size: large;\">Le comit\u00e9 les en remercie.<\/span><\/p>\n<figure id=\"attachment_985\" aria-describedby=\"caption-attachment-985\" style=\"width: 300px\" class=\"wp-caption aligncenter\"><a href=\"http:\/\/www.lesouvenirfrancais-saintchinian.fr\/wp-content\/uploads\/2017\/12\/Expo-11-nov-2017-2.jpg\"><img loading=\"lazy\" decoding=\"async\" class=\"size-medium wp-image-985\" src=\"http:\/\/www.lesouvenirfrancais-saintchinian.fr\/wp-content\/uploads\/2017\/12\/Expo-11-nov-2017-2-300x169.jpg\" alt=\"\" width=\"300\" height=\"169\" srcset=\"https:\/\/www.lesouvenirfrancais-saintchinian.fr\/wp-content\/uploads\/2017\/12\/Expo-11-nov-2017-2-300x169.jpg 300w, https:\/\/www.lesouvenirfrancais-saintchinian.fr\/wp-content\/uploads\/2017\/12\/Expo-11-nov-2017-2-768x432.jpg 768w, https:\/\/www.lesouvenirfrancais-saintchinian.fr\/wp-content\/uploads\/2017\/12\/Expo-11-nov-2017-2-1024x576.jpg 1024w, https:\/\/www.lesouvenirfrancais-saintchinian.fr\/wp-content\/uploads\/2017\/12\/Expo-11-nov-2017-2-940x529.jpg 940w, https:\/\/www.lesouvenirfrancais-saintchinian.fr\/wp-content\/uploads\/2017\/12\/Expo-11-nov-2017-2.jpg 1181w\" sizes=\"auto, (max-width: 300px) 100vw, 300px\" \/><\/a><figcaption id=\"caption-attachment-985\" class=\"wp-caption-text\">Exposition \u00ab\u00a0d&rsquo;une guerre \u00e0 l&rsquo;autre\u00a0\u00bb \u00e0 Saint-Chinian le 11 novembre 2017 avec la chorale \u00ab\u00a0Le Minervois en Chantant\u00a0\u00bb<\/figcaption><\/figure>\n<p style=\"text-align: left;\"><span style=\"font-size: large;\">Le point d&rsquo;orgue de cette inauguration a \u00e9t\u00e9 la participation de la Chorale de P\u00e9pieux <\/span><\/p>\n<p style=\"text-align: left;\"><span style=\"font-size: large;\">\u00ab\u00a0 Le Minervois en Chantant\u00a0\u00bb dirig\u00e9e par Madame Ang\u00e8le Sal\u00e8s qui nous a fait l&rsquo;honneur de nous pr\u00e9parer un r\u00e9cital sp\u00e9cialement adapt\u00e9 aux th\u00e8mes et au contexte de notre exposition.<\/span><\/p>\n<p style=\"text-align: left;\"><span style=\"font-size: large;\">Merci \u00e9galement \u00e0 Chantal Abrioux et son mari Claude qui ont aid\u00e9 activement \u00e0 la r\u00e9alisation de de ce projet.<\/span><\/p>\n<figure id=\"attachment_984\" aria-describedby=\"caption-attachment-984\" style=\"width: 300px\" class=\"wp-caption aligncenter\"><a href=\"http:\/\/www.lesouvenirfrancais-saintchinian.fr\/wp-content\/uploads\/2017\/12\/Expo-11-nov-2017-1.jpg\"><img loading=\"lazy\" decoding=\"async\" class=\"size-medium wp-image-984\" src=\"http:\/\/www.lesouvenirfrancais-saintchinian.fr\/wp-content\/uploads\/2017\/12\/Expo-11-nov-2017-1-300x169.jpg\" alt=\"\" width=\"300\" height=\"169\" srcset=\"https:\/\/www.lesouvenirfrancais-saintchinian.fr\/wp-content\/uploads\/2017\/12\/Expo-11-nov-2017-1-300x169.jpg 300w, https:\/\/www.lesouvenirfrancais-saintchinian.fr\/wp-content\/uploads\/2017\/12\/Expo-11-nov-2017-1-768x432.jpg 768w, https:\/\/www.lesouvenirfrancais-saintchinian.fr\/wp-content\/uploads\/2017\/12\/Expo-11-nov-2017-1-1024x576.jpg 1024w, https:\/\/www.lesouvenirfrancais-saintchinian.fr\/wp-content\/uploads\/2017\/12\/Expo-11-nov-2017-1-940x529.jpg 940w, https:\/\/www.lesouvenirfrancais-saintchinian.fr\/wp-content\/uploads\/2017\/12\/Expo-11-nov-2017-1.jpg 1181w\" sizes=\"auto, (max-width: 300px) 100vw, 300px\" \/><\/a><figcaption id=\"caption-attachment-984\" class=\"wp-caption-text\">Exposition \u00ab\u00a0d&rsquo;une guerre \u00e0 l&rsquo;autre\u00a0\u00bb \u00e0 Saint-Chinian le 11 novembre 2017 avec la chorale \u00ab\u00a0Le Minervois en Chantant\u00a0\u00bb<\/figcaption><\/figure>\n<p style=\"text-align: left;\"><span style=\"font-size: large;\">Ce tour de chant a d\u00e9but\u00e9 en 1907, ann\u00e9e de la r\u00e9volte des vignerons, en r\u00e9f\u00e9rence \u00e0 l&rsquo;exposition que nous avons pr\u00e9sent\u00e9 ici lors des derni\u00e8res journ\u00e9es du patrimoine et qui a permis \u00e0 plus de 400 personnes de se replonger dans le pass\u00e9 viticole du d\u00e9but du si\u00e8cle dernier.<\/span><\/p>\n<p style=\"text-align: left;\"><span style=\"font-size: large;\">Les chants, divers, parfois joyeux ont travers\u00e9 la guerre de 14 pour se terminer \u00e0 la veille de la seconde guerre.<\/span><\/p>\n<p style=\"text-align: left;\" align=\"LEFT\"><span style=\"font-size: large;\"><br \/>\nNous nous sommes retrouv\u00e9s \u00e0 l&rsquo;issue du concert autour d&rsquo;un ap\u00e9ritif.<\/span><\/p>\n<p style=\"text-align: left;\"><span style=\"font-size: large;\">Philippe Godia, Vice-pr\u00e9sident\u00a0.<\/span><\/p>\n<p style=\"text-align: left;\">\n","protected":false},"excerpt":{"rendered":"<p>Le comit\u00e9 du Saint-Chinianais a souhait\u00e9, en ce jour symbolique du 11 novembre qui marque la fin des combats de la premi\u00e8re guerre mondiale, honorer nos morts pour la France et saluer le courage de ceux qui en sont revenus, &#8230; <a class=\"more-link\" href=\"https:\/\/www.lesouvenirfrancais-saintchinian.fr\/?p=983\">Read More &raquo;<\/a><\/p>\n","protected":false},"author":321,"featured_media":0,"comment_status":"closed","ping_status":"closed","sticky":false,"template":"","format":"standard","meta":{"footnotes":""},"categories":[3],"tags":[],"class_list":["post-983","post","type-post","status-publish","format-standard","hentry","category-manifestations-et-actions"],"_links":{"self":[{"href":"https:\/\/www.lesouvenirfrancais-saintchinian.fr\/index.php?rest_route=\/wp\/v2\/posts\/983","targetHints":{"allow":["GET"]}}],"collection":[{"href":"https:\/\/www.lesouvenirfrancais-saintchinian.fr\/index.php?rest_route=\/wp\/v2\/posts"}],"about":[{"href":"https:\/\/www.lesouvenirfrancais-saintchinian.fr\/index.php?rest_route=\/wp\/v2\/types\/post"}],"author":[{"embeddable":true,"href":"https:\/\/www.lesouvenirfrancais-saintchinian.fr\/index.php?rest_route=\/wp\/v2\/users\/321"}],"replies":[{"embeddable":true,"href":"https:\/\/www.lesouvenirfrancais-saintchinian.fr\/index.php?rest_route=%2Fwp%2Fv2%2Fcomments&post=983"}],"version-history":[{"count":1,"href":"https:\/\/www.lesouvenirfrancais-saintchinian.fr\/index.php?rest_route=\/wp\/v2\/posts\/983\/revisions"}],"predecessor-version":[{"id":987,"href":"https:\/\/www.lesouvenirfrancais-saintchinian.fr\/index.php?rest_route=\/wp\/v2\/posts\/983\/revisions\/987"}],"wp:attachment":[{"href":"https:\/\/www.lesouvenirfrancais-saintchinian.fr\/index.php?rest_route=%2Fwp%2Fv2%2Fmedia&parent=983"}],"wp:term":[{"taxonomy":"category","embeddable":true,"href":"https:\/\/www.lesouvenirfrancais-saintchinian.fr\/index.php?rest_route=%2Fwp%2Fv2%2Fcategories&post=983"},{"taxonomy":"post_tag","embeddable":true,"href":"https:\/\/www.lesouvenirfrancais-saintchinian.fr\/index.php?rest_route=%2Fwp%2Fv2%2Ftags&post=983"}],"curies":[{"name":"wp","href":"https:\/\/api.w.org\/{rel}","templated":true}]}}