{"id":988,"date":"2017-12-08T17:27:55","date_gmt":"2017-12-08T16:27:55","guid":{"rendered":"http:\/\/www.lesouvenirfrancais-saintchinian.fr\/?p=988"},"modified":"2017-12-08T17:27:55","modified_gmt":"2017-12-08T16:27:55","slug":"le-souvenir-francais-de-saint-chinian-cruzy-et-les-commemorations-du-11-novembre-2017","status":"publish","type":"post","link":"https:\/\/www.lesouvenirfrancais-saintchinian.fr\/?p=988","title":{"rendered":"Le Souvenir Fran\u00e7ais de Saint-Chinian \/ Cruzy et les comm\u00e9morations du 11 novembre 2017"},"content":{"rendered":"<p><span style=\"font-size: large;\">Cette ann\u00e9e, nous avons particip\u00e9 \u00e0 cinq comm\u00e9morations, certaines simultan\u00e9es.<\/span><\/p>\n<p><span style=\"font-size: large;\">Outre la pr\u00e9sence des \u00e9lus, autorit\u00e9s et public, les membres du bureau et nos adh\u00e9rents se sont r\u00e9partis de la fa\u00e7on suivante.<\/span><\/p>\n<figure id=\"attachment_995\" aria-describedby=\"caption-attachment-995\" style=\"width: 300px\" class=\"wp-caption aligncenter\"><a href=\"http:\/\/www.lesouvenirfrancais-saintchinian.fr\/wp-content\/uploads\/2017\/12\/St-Chinian-11-nov-2017-3.jpg\"><img loading=\"lazy\" decoding=\"async\" class=\"size-medium wp-image-995\" src=\"http:\/\/www.lesouvenirfrancais-saintchinian.fr\/wp-content\/uploads\/2017\/12\/St-Chinian-11-nov-2017-3-300x169.jpg\" alt=\"\" width=\"300\" height=\"169\" srcset=\"https:\/\/www.lesouvenirfrancais-saintchinian.fr\/wp-content\/uploads\/2017\/12\/St-Chinian-11-nov-2017-3-300x169.jpg 300w, https:\/\/www.lesouvenirfrancais-saintchinian.fr\/wp-content\/uploads\/2017\/12\/St-Chinian-11-nov-2017-3-768x432.jpg 768w, https:\/\/www.lesouvenirfrancais-saintchinian.fr\/wp-content\/uploads\/2017\/12\/St-Chinian-11-nov-2017-3-1024x576.jpg 1024w, https:\/\/www.lesouvenirfrancais-saintchinian.fr\/wp-content\/uploads\/2017\/12\/St-Chinian-11-nov-2017-3-940x529.jpg 940w, https:\/\/www.lesouvenirfrancais-saintchinian.fr\/wp-content\/uploads\/2017\/12\/St-Chinian-11-nov-2017-3.jpg 1181w\" sizes=\"auto, (max-width: 300px) 100vw, 300px\" \/><\/a><figcaption id=\"caption-attachment-995\" class=\"wp-caption-text\">St Chinian 11 nov 2017<\/figcaption><\/figure>\n<p><span style=\"font-size: large;\"><b>Saint-Chinian\u00a0: 9h15<\/b><\/span><span style=\"font-size: large;\"> devant le monument aux morts du jardin de la mairie.<\/span><\/p>\n<figure id=\"attachment_993\" aria-describedby=\"caption-attachment-993\" style=\"width: 300px\" class=\"wp-caption aligncenter\"><a href=\"http:\/\/www.lesouvenirfrancais-saintchinian.fr\/wp-content\/uploads\/2017\/12\/St-Chinian-11-nov-2017-1.jpg\"><img loading=\"lazy\" decoding=\"async\" class=\"size-medium wp-image-993\" src=\"http:\/\/www.lesouvenirfrancais-saintchinian.fr\/wp-content\/uploads\/2017\/12\/St-Chinian-11-nov-2017-1-300x59.jpg\" alt=\"\" width=\"300\" height=\"59\" srcset=\"https:\/\/www.lesouvenirfrancais-saintchinian.fr\/wp-content\/uploads\/2017\/12\/St-Chinian-11-nov-2017-1-300x59.jpg 300w, https:\/\/www.lesouvenirfrancais-saintchinian.fr\/wp-content\/uploads\/2017\/12\/St-Chinian-11-nov-2017-1-768x152.jpg 768w, https:\/\/www.lesouvenirfrancais-saintchinian.fr\/wp-content\/uploads\/2017\/12\/St-Chinian-11-nov-2017-1-1024x202.jpg 1024w, https:\/\/www.lesouvenirfrancais-saintchinian.fr\/wp-content\/uploads\/2017\/12\/St-Chinian-11-nov-2017-1-940x185.jpg 940w, https:\/\/www.lesouvenirfrancais-saintchinian.fr\/wp-content\/uploads\/2017\/12\/St-Chinian-11-nov-2017-1.jpg 1181w\" sizes=\"auto, (max-width: 300px) 100vw, 300px\" \/><\/a><figcaption id=\"caption-attachment-993\" class=\"wp-caption-text\">St Chinian 11 nov 2017<\/figcaption><\/figure>\n<p><span style=\"font-size: large;\"><b>10h00 au cimeti\u00e8re <\/b><\/span><span style=\"font-size: large;\">devant le carr\u00e9 militaire r\u00e9nov\u00e9 par notre comit\u00e9.<\/span><\/p>\n<p><span style=\"font-size: large;\">Discours du Pr\u00e9sident Eric P\u00e9r\u00e8s, Porte-drapeau Jean-Marc Bagnol, Secr\u00e9taire, qui a repr\u00e9sent\u00e9 \u00e9galement le Comit\u00e9 \u00e0 <\/span><span style=\"font-size: large;\"><b>C\u00e9bazan.<\/b><\/span><\/p>\n<p><span style=\"font-size: large;\">La sonorisation a \u00e9t\u00e9 assur\u00e9e par notre comit\u00e9<\/span><\/p>\n<figure id=\"attachment_997\" aria-describedby=\"caption-attachment-997\" style=\"width: 300px\" class=\"wp-caption aligncenter\"><a href=\"http:\/\/www.lesouvenirfrancais-saintchinian.fr\/wp-content\/uploads\/2017\/12\/Pierrerue-11-nov-2017-2.jpg\"><img loading=\"lazy\" decoding=\"async\" class=\"size-medium wp-image-997\" src=\"http:\/\/www.lesouvenirfrancais-saintchinian.fr\/wp-content\/uploads\/2017\/12\/Pierrerue-11-nov-2017-2-300x225.jpg\" alt=\"\" width=\"300\" height=\"225\" srcset=\"https:\/\/www.lesouvenirfrancais-saintchinian.fr\/wp-content\/uploads\/2017\/12\/Pierrerue-11-nov-2017-2-300x225.jpg 300w, https:\/\/www.lesouvenirfrancais-saintchinian.fr\/wp-content\/uploads\/2017\/12\/Pierrerue-11-nov-2017-2-768x576.jpg 768w, https:\/\/www.lesouvenirfrancais-saintchinian.fr\/wp-content\/uploads\/2017\/12\/Pierrerue-11-nov-2017-2-1024x768.jpg 1024w, https:\/\/www.lesouvenirfrancais-saintchinian.fr\/wp-content\/uploads\/2017\/12\/Pierrerue-11-nov-2017-2-940x705.jpg 940w, https:\/\/www.lesouvenirfrancais-saintchinian.fr\/wp-content\/uploads\/2017\/12\/Pierrerue-11-nov-2017-2.jpg 1181w\" sizes=\"auto, (max-width: 300px) 100vw, 300px\" \/><\/a><figcaption id=\"caption-attachment-997\" class=\"wp-caption-text\">Pierrerue 11 nov 2017<\/figcaption><\/figure>\n<p><span style=\"font-size: large;\"><b>Pierrerue\u00a0: 11h00<\/b><\/span><span style=\"font-size: large;\"> au cimeti\u00e8re, devant le monument aux morts et carr\u00e9 militaire r\u00e9nov\u00e9 par notre comit\u00e9.<br \/>\nDiscours du Pr\u00e9sident Eric P\u00e9r\u00e8s, Porte-drapeau Didier Calmel, adh\u00e9rent.<\/span><\/p>\n<figure id=\"attachment_996\" aria-describedby=\"caption-attachment-996\" style=\"width: 300px\" class=\"wp-caption aligncenter\"><a href=\"http:\/\/www.lesouvenirfrancais-saintchinian.fr\/wp-content\/uploads\/2017\/12\/Pierrerue-11-nov-2017-1.jpg\"><img loading=\"lazy\" decoding=\"async\" class=\"size-medium wp-image-996\" src=\"http:\/\/www.lesouvenirfrancais-saintchinian.fr\/wp-content\/uploads\/2017\/12\/Pierrerue-11-nov-2017-1-300x225.jpg\" alt=\"\" width=\"300\" height=\"225\" srcset=\"https:\/\/www.lesouvenirfrancais-saintchinian.fr\/wp-content\/uploads\/2017\/12\/Pierrerue-11-nov-2017-1-300x225.jpg 300w, https:\/\/www.lesouvenirfrancais-saintchinian.fr\/wp-content\/uploads\/2017\/12\/Pierrerue-11-nov-2017-1-768x576.jpg 768w, https:\/\/www.lesouvenirfrancais-saintchinian.fr\/wp-content\/uploads\/2017\/12\/Pierrerue-11-nov-2017-1-1024x768.jpg 1024w, https:\/\/www.lesouvenirfrancais-saintchinian.fr\/wp-content\/uploads\/2017\/12\/Pierrerue-11-nov-2017-1-940x705.jpg 940w, https:\/\/www.lesouvenirfrancais-saintchinian.fr\/wp-content\/uploads\/2017\/12\/Pierrerue-11-nov-2017-1.jpg 1181w\" sizes=\"auto, (max-width: 300px) 100vw, 300px\" \/><\/a><figcaption id=\"caption-attachment-996\" class=\"wp-caption-text\">Pierrerue 11 nov 2017<\/figcaption><\/figure>\n<p><span style=\"font-size: large;\">La sonorisation a \u00e9t\u00e9 assur\u00e9e par notre comit\u00e9.<\/span><\/p>\n<p><span style=\"font-size: large;\"><b>Cruzy\u00a0: 11h00<\/b><\/span><span style=\"font-size: large;\"> devant le monument aux morts. <\/span><\/p>\n<figure id=\"attachment_990\" aria-describedby=\"caption-attachment-990\" style=\"width: 300px\" class=\"wp-caption aligncenter\"><a href=\"http:\/\/www.lesouvenirfrancais-saintchinian.fr\/wp-content\/uploads\/2017\/12\/Cruzy-11-nov-2017-1.jpg\"><img loading=\"lazy\" decoding=\"async\" class=\"size-medium wp-image-990\" src=\"http:\/\/www.lesouvenirfrancais-saintchinian.fr\/wp-content\/uploads\/2017\/12\/Cruzy-11-nov-2017-1-300x225.jpg\" alt=\"\" width=\"300\" height=\"225\" srcset=\"https:\/\/www.lesouvenirfrancais-saintchinian.fr\/wp-content\/uploads\/2017\/12\/Cruzy-11-nov-2017-1-300x225.jpg 300w, https:\/\/www.lesouvenirfrancais-saintchinian.fr\/wp-content\/uploads\/2017\/12\/Cruzy-11-nov-2017-1-768x576.jpg 768w, https:\/\/www.lesouvenirfrancais-saintchinian.fr\/wp-content\/uploads\/2017\/12\/Cruzy-11-nov-2017-1-1024x768.jpg 1024w, https:\/\/www.lesouvenirfrancais-saintchinian.fr\/wp-content\/uploads\/2017\/12\/Cruzy-11-nov-2017-1-940x705.jpg 940w, https:\/\/www.lesouvenirfrancais-saintchinian.fr\/wp-content\/uploads\/2017\/12\/Cruzy-11-nov-2017-1.jpg 1181w\" sizes=\"auto, (max-width: 300px) 100vw, 300px\" \/><\/a><figcaption id=\"caption-attachment-990\" class=\"wp-caption-text\">Cruzy 11 nov 2017<\/figcaption><\/figure>\n<p style=\"text-align: left;\"><span style=\"font-size: large;\"><br \/>\nDiscours du Vice-pr\u00e9sident Philippe Godia, Porte-drapeau H\u00e9l\u00e8ne Godia, tr\u00e9sori\u00e8re.<\/span><\/p>\n<figure id=\"attachment_991\" aria-describedby=\"caption-attachment-991\" style=\"width: 300px\" class=\"wp-caption aligncenter\"><a href=\"http:\/\/www.lesouvenirfrancais-saintchinian.fr\/wp-content\/uploads\/2017\/12\/Cruzy-11-nov-2017-2.jpg\"><img loading=\"lazy\" decoding=\"async\" class=\"size-medium wp-image-991\" src=\"http:\/\/www.lesouvenirfrancais-saintchinian.fr\/wp-content\/uploads\/2017\/12\/Cruzy-11-nov-2017-2-300x225.jpg\" alt=\"\" width=\"300\" height=\"225\" srcset=\"https:\/\/www.lesouvenirfrancais-saintchinian.fr\/wp-content\/uploads\/2017\/12\/Cruzy-11-nov-2017-2-300x225.jpg 300w, https:\/\/www.lesouvenirfrancais-saintchinian.fr\/wp-content\/uploads\/2017\/12\/Cruzy-11-nov-2017-2-768x576.jpg 768w, https:\/\/www.lesouvenirfrancais-saintchinian.fr\/wp-content\/uploads\/2017\/12\/Cruzy-11-nov-2017-2-1024x768.jpg 1024w, https:\/\/www.lesouvenirfrancais-saintchinian.fr\/wp-content\/uploads\/2017\/12\/Cruzy-11-nov-2017-2-940x705.jpg 940w, https:\/\/www.lesouvenirfrancais-saintchinian.fr\/wp-content\/uploads\/2017\/12\/Cruzy-11-nov-2017-2.jpg 1181w\" sizes=\"auto, (max-width: 300px) 100vw, 300px\" \/><\/a><figcaption id=\"caption-attachment-991\" class=\"wp-caption-text\">Cruzy 11 nov 2017<\/figcaption><\/figure>\n<p><span style=\"font-size: large;\"><b>Babeau-Bouldoux 11h45<\/b><\/span><span style=\"font-size: large;\">, discours du Pr\u00e9sident Eric P\u00e9r\u00e8s, Porte-drapeau, un Babeaunais volontaire.<\/span><\/p>\n<figure id=\"attachment_989\" aria-describedby=\"caption-attachment-989\" style=\"width: 300px\" class=\"wp-caption aligncenter\"><a href=\"http:\/\/www.lesouvenirfrancais-saintchinian.fr\/wp-content\/uploads\/2017\/12\/Babeau-11-nov-2017.jpg\"><img loading=\"lazy\" decoding=\"async\" class=\"size-medium wp-image-989\" src=\"http:\/\/www.lesouvenirfrancais-saintchinian.fr\/wp-content\/uploads\/2017\/12\/Babeau-11-nov-2017-300x225.jpg\" alt=\"\" width=\"300\" height=\"225\" srcset=\"https:\/\/www.lesouvenirfrancais-saintchinian.fr\/wp-content\/uploads\/2017\/12\/Babeau-11-nov-2017-300x225.jpg 300w, https:\/\/www.lesouvenirfrancais-saintchinian.fr\/wp-content\/uploads\/2017\/12\/Babeau-11-nov-2017-768x576.jpg 768w, https:\/\/www.lesouvenirfrancais-saintchinian.fr\/wp-content\/uploads\/2017\/12\/Babeau-11-nov-2017-1024x768.jpg 1024w, https:\/\/www.lesouvenirfrancais-saintchinian.fr\/wp-content\/uploads\/2017\/12\/Babeau-11-nov-2017-940x705.jpg 940w, https:\/\/www.lesouvenirfrancais-saintchinian.fr\/wp-content\/uploads\/2017\/12\/Babeau-11-nov-2017.jpg 1181w\" sizes=\"auto, (max-width: 300px) 100vw, 300px\" \/><\/a><figcaption id=\"caption-attachment-989\" class=\"wp-caption-text\">Babeau 11 nov 2017<\/figcaption><\/figure>\n<p><span style=\"font-size: large;\">La sonorisation a \u00e9t\u00e9 assur\u00e9e par notre comit\u00e9.<\/span><\/p>\n<p><span style=\"font-size: large;\">Nombre de nos adh\u00e9rents \u00e9taient pr\u00e9sents \u00e0 ces comm\u00e9morations, d\u00e9montrant ainsi leur implication dans la conservation du devoir de m\u00e9moire.<\/span><\/p>\n<p><span style=\"font-size: large;\">Philippe Godia, Vice-pr\u00e9sident.<\/span><\/p>\n","protected":false},"excerpt":{"rendered":"<p>Cette ann\u00e9e, nous avons particip\u00e9 \u00e0 cinq comm\u00e9morations, certaines simultan\u00e9es. Outre la pr\u00e9sence des \u00e9lus, autorit\u00e9s et public, les membres du bureau et nos adh\u00e9rents se sont r\u00e9partis de la fa\u00e7on suivante. Saint-Chinian\u00a0: 9h15 devant le monument aux morts du &#8230; <a class=\"more-link\" href=\"https:\/\/www.lesouvenirfrancais-saintchinian.fr\/?p=988\">Read More &raquo;<\/a><\/p>\n","protected":false},"author":321,"featured_media":0,"comment_status":"closed","ping_status":"closed","sticky":false,"template":"","format":"standard","meta":{"footnotes":""},"categories":[3],"tags":[],"class_list":["post-988","post","type-post","status-publish","format-standard","hentry","category-manifestations-et-actions"],"_links":{"self":[{"href":"https:\/\/www.lesouvenirfrancais-saintchinian.fr\/index.php?rest_route=\/wp\/v2\/posts\/988","targetHints":{"allow":["GET"]}}],"collection":[{"href":"https:\/\/www.lesouvenirfrancais-saintchinian.fr\/index.php?rest_route=\/wp\/v2\/posts"}],"about":[{"href":"https:\/\/www.lesouvenirfrancais-saintchinian.fr\/index.php?rest_route=\/wp\/v2\/types\/post"}],"author":[{"embeddable":true,"href":"https:\/\/www.lesouvenirfrancais-saintchinian.fr\/index.php?rest_route=\/wp\/v2\/users\/321"}],"replies":[{"embeddable":true,"href":"https:\/\/www.lesouvenirfrancais-saintchinian.fr\/index.php?rest_route=%2Fwp%2Fv2%2Fcomments&post=988"}],"version-history":[{"count":1,"href":"https:\/\/www.lesouvenirfrancais-saintchinian.fr\/index.php?rest_route=\/wp\/v2\/posts\/988\/revisions"}],"predecessor-version":[{"id":998,"href":"https:\/\/www.lesouvenirfrancais-saintchinian.fr\/index.php?rest_route=\/wp\/v2\/posts\/988\/revisions\/998"}],"wp:attachment":[{"href":"https:\/\/www.lesouvenirfrancais-saintchinian.fr\/index.php?rest_route=%2Fwp%2Fv2%2Fmedia&parent=988"}],"wp:term":[{"taxonomy":"category","embeddable":true,"href":"https:\/\/www.lesouvenirfrancais-saintchinian.fr\/index.php?rest_route=%2Fwp%2Fv2%2Fcategories&post=988"},{"taxonomy":"post_tag","embeddable":true,"href":"https:\/\/www.lesouvenirfrancais-saintchinian.fr\/index.php?rest_route=%2Fwp%2Fv2%2Ftags&post=988"}],"curies":[{"name":"wp","href":"https:\/\/api.w.org\/{rel}","templated":true}]}}