{"id":999,"date":"2017-12-08T17:36:29","date_gmt":"2017-12-08T16:36:29","guid":{"rendered":"http:\/\/www.lesouvenirfrancais-saintchinian.fr\/?p=999"},"modified":"2017-12-08T17:36:29","modified_gmt":"2017-12-08T16:36:29","slug":"harkis-du-saint-ponais-seconde-stele-du-plo-de-mailhac-2017-le-souvenir-francais-present","status":"publish","type":"post","link":"https:\/\/www.lesouvenirfrancais-saintchinian.fr\/?p=999","title":{"rendered":"Harkis du Saint-Ponais, seconde st\u00e8le du Pl\u00f4 de Mailhac 2017 : le Souvenir Fran\u00e7ais pr\u00e9sent."},"content":{"rendered":"<p><span style=\"font-family: Times New Roman, serif;\"><span style=\"font-size: large;\">Le Souvenir Fran\u00e7ais Saint-Chinianais \u00e9tait pr\u00e9sent \u00e0 Saint-Pons le samedi 25 novembre 2017 pour l&rsquo;inauguration d&rsquo;une st\u00e8le au Hameau de forestage Harki du Pl\u00f4 de Mailhac.<\/span><\/span><\/p>\n<figure id=\"attachment_1000\" aria-describedby=\"caption-attachment-1000\" style=\"width: 300px\" class=\"wp-caption aligncenter\"><a href=\"http:\/\/www.lesouvenirfrancais-saintchinian.fr\/wp-content\/uploads\/2017\/12\/Pl\u00f4-de-Mailhac-nov-2017-1.jpg\"><img loading=\"lazy\" decoding=\"async\" class=\"size-medium wp-image-1000\" src=\"http:\/\/www.lesouvenirfrancais-saintchinian.fr\/wp-content\/uploads\/2017\/12\/Pl\u00f4-de-Mailhac-nov-2017-1-300x170.jpg\" alt=\"\" width=\"300\" height=\"170\" srcset=\"https:\/\/www.lesouvenirfrancais-saintchinian.fr\/wp-content\/uploads\/2017\/12\/Pl\u00f4-de-Mailhac-nov-2017-1-300x170.jpg 300w, https:\/\/www.lesouvenirfrancais-saintchinian.fr\/wp-content\/uploads\/2017\/12\/Pl\u00f4-de-Mailhac-nov-2017-1-768x436.jpg 768w, https:\/\/www.lesouvenirfrancais-saintchinian.fr\/wp-content\/uploads\/2017\/12\/Pl\u00f4-de-Mailhac-nov-2017-1-1024x582.jpg 1024w, https:\/\/www.lesouvenirfrancais-saintchinian.fr\/wp-content\/uploads\/2017\/12\/Pl\u00f4-de-Mailhac-nov-2017-1-940x534.jpg 940w, https:\/\/www.lesouvenirfrancais-saintchinian.fr\/wp-content\/uploads\/2017\/12\/Pl\u00f4-de-Mailhac-nov-2017-1.jpg 1181w\" sizes=\"auto, (max-width: 300px) 100vw, 300px\" \/><\/a><figcaption id=\"caption-attachment-1000\" class=\"wp-caption-text\">Pl\u00f4 de Mailhac 25 nov 2017<\/figcaption><\/figure>\n<p><span style=\"font-family: Times New Roman, serif;\"><span style=\"font-size: large;\">\u00c9taient pr\u00e9sents Monsieur le Sous-pr\u00e9fet Christian Pouget, Monsieur le Pr\u00e9sident du Conseil D\u00e9partemental Kl\u00e9ber Mesquida, Monsieur le Maire de Saint-Pons Georges C\u00e8be, Monsieur Le directeur de l&rsquo;ONAC de l&rsquo;H\u00e9rault Alain David, Monsieur Hocine Boudjemaa, Pr\u00e9sident de la Communaut\u00e9 des Harkis de Saint-Pons, des \u00e9lus et de nombreux comit\u00e9s du Souvenir Fran\u00e7ais de l&rsquo;H\u00e9rault, ainsi que la fanfare des Sapeurs-pompiers de l&rsquo;H\u00e9rault \u00e9tait \u00e9galement pr\u00e9sente. Public.<\/span><\/span><\/p>\n<figure id=\"attachment_1004\" aria-describedby=\"caption-attachment-1004\" style=\"width: 300px\" class=\"wp-caption aligncenter\"><a href=\"http:\/\/www.lesouvenirfrancais-saintchinian.fr\/wp-content\/uploads\/2017\/12\/Pl\u00f4-de-Mailhac-nov-2017-5.jpg\"><img loading=\"lazy\" decoding=\"async\" class=\"size-medium wp-image-1004\" src=\"http:\/\/www.lesouvenirfrancais-saintchinian.fr\/wp-content\/uploads\/2017\/12\/Pl\u00f4-de-Mailhac-nov-2017-5-300x169.jpg\" alt=\"\" width=\"300\" height=\"169\" srcset=\"https:\/\/www.lesouvenirfrancais-saintchinian.fr\/wp-content\/uploads\/2017\/12\/Pl\u00f4-de-Mailhac-nov-2017-5-300x169.jpg 300w, https:\/\/www.lesouvenirfrancais-saintchinian.fr\/wp-content\/uploads\/2017\/12\/Pl\u00f4-de-Mailhac-nov-2017-5-768x432.jpg 768w, https:\/\/www.lesouvenirfrancais-saintchinian.fr\/wp-content\/uploads\/2017\/12\/Pl\u00f4-de-Mailhac-nov-2017-5-1024x576.jpg 1024w, https:\/\/www.lesouvenirfrancais-saintchinian.fr\/wp-content\/uploads\/2017\/12\/Pl\u00f4-de-Mailhac-nov-2017-5-940x529.jpg 940w, https:\/\/www.lesouvenirfrancais-saintchinian.fr\/wp-content\/uploads\/2017\/12\/Pl\u00f4-de-Mailhac-nov-2017-5.jpg 1181w\" sizes=\"auto, (max-width: 300px) 100vw, 300px\" \/><\/a><figcaption id=\"caption-attachment-1004\" class=\"wp-caption-text\">Pl\u00f4 de Mailhac 25 nov 2017<\/figcaption><\/figure>\n<p><span style=\"font-family: Times New Roman, serif;\"><span style=\"font-size: large;\">Une seconde plaque a \u00e9t\u00e9 d\u00e9voil\u00e9e afin de rendre hommage aux 140 familles de Harkis ayant v\u00e9cu apr\u00e8s la guerre d&rsquo;Alg\u00e9rie dans ce lieu forestier isol\u00e9 dans des conditions pr\u00e9caires avant de rejoindre dans les ann\u00e9es 1974 des HLM aux marbri\u00e8res du Jaur, permettant ainsi une bien meilleure int\u00e9gration.<\/span><\/span><\/p>\n<figure id=\"attachment_1002\" aria-describedby=\"caption-attachment-1002\" style=\"width: 300px\" class=\"wp-caption aligncenter\"><a href=\"http:\/\/www.lesouvenirfrancais-saintchinian.fr\/wp-content\/uploads\/2017\/12\/Pl\u00f4-de-Mailhac-nov-2017-3.jpg\"><img loading=\"lazy\" decoding=\"async\" class=\"size-medium wp-image-1002\" src=\"http:\/\/www.lesouvenirfrancais-saintchinian.fr\/wp-content\/uploads\/2017\/12\/Pl\u00f4-de-Mailhac-nov-2017-3-300x169.jpg\" alt=\"\" width=\"300\" height=\"169\" srcset=\"https:\/\/www.lesouvenirfrancais-saintchinian.fr\/wp-content\/uploads\/2017\/12\/Pl\u00f4-de-Mailhac-nov-2017-3-300x169.jpg 300w, https:\/\/www.lesouvenirfrancais-saintchinian.fr\/wp-content\/uploads\/2017\/12\/Pl\u00f4-de-Mailhac-nov-2017-3-768x432.jpg 768w, https:\/\/www.lesouvenirfrancais-saintchinian.fr\/wp-content\/uploads\/2017\/12\/Pl\u00f4-de-Mailhac-nov-2017-3-1024x576.jpg 1024w, https:\/\/www.lesouvenirfrancais-saintchinian.fr\/wp-content\/uploads\/2017\/12\/Pl\u00f4-de-Mailhac-nov-2017-3-940x529.jpg 940w, https:\/\/www.lesouvenirfrancais-saintchinian.fr\/wp-content\/uploads\/2017\/12\/Pl\u00f4-de-Mailhac-nov-2017-3.jpg 1181w\" sizes=\"auto, (max-width: 300px) 100vw, 300px\" \/><\/a><figcaption id=\"caption-attachment-1002\" class=\"wp-caption-text\">Pl\u00f4 de Mailhac 25 nov 2017<\/figcaption><\/figure>\n<p><span style=\"font-family: Times New Roman, serif;\"><span style=\"font-size: large;\">Notre comit\u00e9 \u00e9tait repr\u00e9sent\u00e9 par Philippe Godia, vice-pr\u00e9sident et H\u00e9l\u00e8ne Godia, Porte-drapeau.<\/span><\/span><\/p>\n<figure id=\"attachment_1003\" aria-describedby=\"caption-attachment-1003\" style=\"width: 300px\" class=\"wp-caption aligncenter\"><a href=\"http:\/\/www.lesouvenirfrancais-saintchinian.fr\/wp-content\/uploads\/2017\/12\/Pl\u00f4-de-Mailhac-nov-2017-4.jpg\"><img loading=\"lazy\" decoding=\"async\" class=\"size-medium wp-image-1003\" src=\"http:\/\/www.lesouvenirfrancais-saintchinian.fr\/wp-content\/uploads\/2017\/12\/Pl\u00f4-de-Mailhac-nov-2017-4-300x169.jpg\" alt=\"\" width=\"300\" height=\"169\" srcset=\"https:\/\/www.lesouvenirfrancais-saintchinian.fr\/wp-content\/uploads\/2017\/12\/Pl\u00f4-de-Mailhac-nov-2017-4-300x169.jpg 300w, https:\/\/www.lesouvenirfrancais-saintchinian.fr\/wp-content\/uploads\/2017\/12\/Pl\u00f4-de-Mailhac-nov-2017-4-768x432.jpg 768w, https:\/\/www.lesouvenirfrancais-saintchinian.fr\/wp-content\/uploads\/2017\/12\/Pl\u00f4-de-Mailhac-nov-2017-4-1024x576.jpg 1024w, https:\/\/www.lesouvenirfrancais-saintchinian.fr\/wp-content\/uploads\/2017\/12\/Pl\u00f4-de-Mailhac-nov-2017-4-940x529.jpg 940w, https:\/\/www.lesouvenirfrancais-saintchinian.fr\/wp-content\/uploads\/2017\/12\/Pl\u00f4-de-Mailhac-nov-2017-4.jpg 1181w\" sizes=\"auto, (max-width: 300px) 100vw, 300px\" \/><\/a><figcaption id=\"caption-attachment-1003\" class=\"wp-caption-text\">St\u00e8le inaugur\u00e9e au Pl\u00f4 de Mailhac 25 nov 2017<\/figcaption><\/figure>\n<p><span style=\"font-family: Times New Roman, serif;\"><span style=\"font-size: large;\">Nous nous sommes ensuite retrouv\u00e9s autour du verre de l&rsquo;amiti\u00e9 dans la salle des f\u00eates de St Pons et offert par la commune dans laquelle nous avons ensemble reparl\u00e9 d&rsquo;histoire&#8230;<\/span><\/span><\/p>\n<p>Philippe Godia, Vice-pr\u00e9sident.<\/p>\n","protected":false},"excerpt":{"rendered":"<p>Le Souvenir Fran\u00e7ais Saint-Chinianais \u00e9tait pr\u00e9sent \u00e0 Saint-Pons le samedi 25 novembre 2017 pour l&rsquo;inauguration d&rsquo;une st\u00e8le au Hameau de forestage Harki du Pl\u00f4 de Mailhac. \u00c9taient pr\u00e9sents Monsieur le Sous-pr\u00e9fet Christian Pouget, Monsieur le Pr\u00e9sident du Conseil D\u00e9partemental Kl\u00e9ber &#8230; <a class=\"more-link\" href=\"https:\/\/www.lesouvenirfrancais-saintchinian.fr\/?p=999\">Read More &raquo;<\/a><\/p>\n","protected":false},"author":321,"featured_media":0,"comment_status":"closed","ping_status":"closed","sticky":false,"template":"","format":"standard","meta":{"footnotes":""},"categories":[3],"tags":[],"class_list":["post-999","post","type-post","status-publish","format-standard","hentry","category-manifestations-et-actions"],"_links":{"self":[{"href":"https:\/\/www.lesouvenirfrancais-saintchinian.fr\/index.php?rest_route=\/wp\/v2\/posts\/999","targetHints":{"allow":["GET"]}}],"collection":[{"href":"https:\/\/www.lesouvenirfrancais-saintchinian.fr\/index.php?rest_route=\/wp\/v2\/posts"}],"about":[{"href":"https:\/\/www.lesouvenirfrancais-saintchinian.fr\/index.php?rest_route=\/wp\/v2\/types\/post"}],"author":[{"embeddable":true,"href":"https:\/\/www.lesouvenirfrancais-saintchinian.fr\/index.php?rest_route=\/wp\/v2\/users\/321"}],"replies":[{"embeddable":true,"href":"https:\/\/www.lesouvenirfrancais-saintchinian.fr\/index.php?rest_route=%2Fwp%2Fv2%2Fcomments&post=999"}],"version-history":[{"count":1,"href":"https:\/\/www.lesouvenirfrancais-saintchinian.fr\/index.php?rest_route=\/wp\/v2\/posts\/999\/revisions"}],"predecessor-version":[{"id":1005,"href":"https:\/\/www.lesouvenirfrancais-saintchinian.fr\/index.php?rest_route=\/wp\/v2\/posts\/999\/revisions\/1005"}],"wp:attachment":[{"href":"https:\/\/www.lesouvenirfrancais-saintchinian.fr\/index.php?rest_route=%2Fwp%2Fv2%2Fmedia&parent=999"}],"wp:term":[{"taxonomy":"category","embeddable":true,"href":"https:\/\/www.lesouvenirfrancais-saintchinian.fr\/index.php?rest_route=%2Fwp%2Fv2%2Fcategories&post=999"},{"taxonomy":"post_tag","embeddable":true,"href":"https:\/\/www.lesouvenirfrancais-saintchinian.fr\/index.php?rest_route=%2Fwp%2Fv2%2Ftags&post=999"}],"curies":[{"name":"wp","href":"https:\/\/api.w.org\/{rel}","templated":true}]}}